{"id":184694,"date":"2025-05-29T20:44:18","date_gmt":"2025-05-29T17:44:18","guid":{"rendered":"https:\/\/www.tgrthaber.com\/mavikadin\/?p=184694"},"modified":"2025-05-29T20:44:18","modified_gmt":"2025-05-29T17:44:18","slug":"halef-dizisinin-ismi-degisiyor-ilk-fragman-kizilcik-serbeti-finalinde","status":"publish","type":"post","link":"https:\/\/www.tgrthaber.com\/mavikadin\/halef-dizisinin-ismi-degisiyor-ilk-fragman-kizilcik-serbeti-finalinde\/","title":{"rendered":"Halef dizisinin ismi de\u011fi\u015fiyor! \u0130lk fragman K\u0131z\u0131lc\u0131k \u015eerbeti finalinde"},"content":{"rendered":"<p>Show TV\u2019nin yeni sezondaki en dikkat \u00e7eken projelerinden biri olan Halef dizisi, ismiyle birlikte \u00f6nemli bir de\u011fi\u015fime haz\u0131rlan\u0131yor. Projenin yeni ad\u0131 hen\u00fcz a\u00e7\u0131klanmazken, Gazeteci Birsen Altunta\u015f&#8217;\u0131n haberine g\u00f6re, ilk tan\u0131t\u0131m\u0131n yay\u0131n tarihi belli oldu. \u0130\u015fte detaylar&#8230;<\/p>\n<h3>HALEF D\u0130Z\u0130S\u0130N\u0130N \u0130SM\u0130 DE\u011e\u0130\u015e\u0130YOR<\/h3>\n<p>Bir yandan dizinin haz\u0131rl\u0131klar\u0131 s\u00fcrerken, \u00f6te yandan Halef dizisinin ismiyle ilgili ya\u015fanan geli\u015fmeler sekt\u00f6r kulislerini hareketlendirdi. Ge\u00e7ti\u011fimiz y\u0131l hem Most Yap\u0131m hem de Faro Company \u201cHalef\u201d ismini kullanmak istemi\u015fti.<\/p>\n<p><img loading=\"lazy\" decoding=\"async\" class=\"alignnone wp-image-184696\" src=\"https:\/\/www.tgrthaber.com\/mavikadin\/wp-content\/uploads\/halef-dizisinde-sasirtan-kriz-300x169.jpg\" alt=\"\" width=\"1208\" height=\"679\" title=\"\" srcset=\"https:\/\/www.tgrthaber.com\/mavikadin\/wp-content\/uploads\/halef-dizisinde-sasirtan-kriz-300x169.jpg 300w, https:\/\/www.tgrthaber.com\/mavikadin\/wp-content\/uploads\/halef-dizisinde-sasirtan-kriz.jpg 626w\" sizes=\"(max-width: 1208px) 100vw, 1208px\" \/><\/p>\n<hr \/>\n<p>Ancak yap\u0131lan g\u00f6r\u00fc\u015fmelerin ard\u0131ndan, isim hakk\u0131n\u0131n Most Yap\u0131m\u2019a ait oldu\u011fu netle\u015fti. Bu nedenle Halef ad\u0131n\u0131 Most Yap\u0131m kullanacak, Faro Company ise diziye yeni bir isim verecek. Sinan \u00d6zt\u00fcrk\u2019\u00fcn y\u00f6netmen koltu\u011funda oturaca\u011f\u0131 projenin ismiyle ilgili son karar\u0131n k\u0131sa s\u00fcre i\u00e7inde a\u00e7\u0131klanmas\u0131 bekleniyor.<\/p>\n<h3>\u0130LK FRAGMAN KZIILCIK \u015eERBET\u0130 F\u0130NAL\u0130NDE!<\/h3>\n<p>Yeni sezonda izleyiciyle bulu\u015facak olan bu iddial\u0131 dizi, ilk fragman\u0131yla Show TV ekranlar\u0131nda K\u0131z\u0131lc\u0131k \u015eerbeti\u2019nin sezon finalinde izleyiciyle bulu\u015facak. B\u00f6ylece kanal tarihinde bir ilke de imza at\u0131lm\u0131\u015f olacak.<\/p>\n<p><img loading=\"lazy\" decoding=\"async\" class=\"alignnone wp-image-184697\" src=\"https:\/\/www.tgrthaber.com\/mavikadin\/wp-content\/uploads\/EB05B332C2586E530EBAC31888DFF434_630x314-300x150.jpg\" alt=\"\" width=\"1208\" height=\"602\" title=\"\" srcset=\"https:\/\/www.tgrthaber.com\/mavikadin\/wp-content\/uploads\/EB05B332C2586E530EBAC31888DFF434_630x314-300x150.jpg 300w, https:\/\/www.tgrthaber.com\/mavikadin\/wp-content\/uploads\/EB05B332C2586E530EBAC31888DFF434_630x314.jpg 630w\" sizes=\"(max-width: 1208px) 100vw, 1208px\" \/><\/p>\n<hr \/>\n<p>Ba\u015frollerinde Ak\u0131n Ak\u0131n\u00f6z\u00fc, Serra Ar\u0131t\u00fcrk, Ercan Kesal, Erkan Kol\u00e7ak K\u00f6stendil, Derya Karada\u015f, Hazal T\u00fcresan, Tansu Bi\u00e7er, Bora Akka\u015f, Burak Altay ve Arif Pi\u015fkin\u2019in yer ald\u0131\u011f\u0131 kadro \u015fimdiden b\u00fcy\u00fck ilgi g\u00f6rd\u00fc.<\/p>\n<p>Senaryosu Esenler Otogar\u0131&#8217;nda ge\u00e7en dizide, Ercan Kesal\u2019in oynad\u0131\u011f\u0131 Z\u00fclfikar karakteri, Karsl\u0131 ailesinin lideri olarak oynayacak. Erkan Kol\u00e7ak K\u00f6stendil ise Z\u00fclfikar\u2019a rakip olarak \u00e7\u0131kan ve otogarda yeni bir d\u00fczen kurmak isteyen Yahya karakteriyle izleyicinin kar\u015f\u0131s\u0131na \u00e7\u0131kacak.<\/p>\n<h3><img loading=\"lazy\" decoding=\"async\" class=\"alignnone wp-image-184698\" src=\"https:\/\/www.tgrthaber.com\/mavikadin\/wp-content\/uploads\/halef-dizisi-oyuncu-kadrosu-yeni-oyuncular-kimler-17478187693549_5-300x169.jpg\" alt=\"\" width=\"1208\" height=\"680\" title=\"\" srcset=\"https:\/\/www.tgrthaber.com\/mavikadin\/wp-content\/uploads\/halef-dizisi-oyuncu-kadrosu-yeni-oyuncular-kimler-17478187693549_5-300x169.jpg 300w, https:\/\/www.tgrthaber.com\/mavikadin\/wp-content\/uploads\/halef-dizisi-oyuncu-kadrosu-yeni-oyuncular-kimler-17478187693549_5-1024x576.jpg 1024w, https:\/\/www.tgrthaber.com\/mavikadin\/wp-content\/uploads\/halef-dizisi-oyuncu-kadrosu-yeni-oyuncular-kimler-17478187693549_5-768x432.jpg 768w, https:\/\/www.tgrthaber.com\/mavikadin\/wp-content\/uploads\/halef-dizisi-oyuncu-kadrosu-yeni-oyuncular-kimler-17478187693549_5.jpg 1280w\" sizes=\"(max-width: 1208px) 100vw, 1208px\" \/><\/h3>\n<hr \/>\n<p>Show TV ekranlar\u0131nda K\u0131z\u0131lc\u0131k \u015eerbeti&#8217;nin sezon finaliyle birlikte ilk kez izleyiciyle bulu\u015facak olan fragman, dizinin hangi ismi ta\u015f\u0131yaca\u011f\u0131na dair ipu\u00e7lar\u0131 verecek. Hen\u00fcz a\u00e7\u0131klanmayan yeni ad kadar, dizinin hangi hikaye yap\u0131s\u0131na ve duygu d\u00fcnyas\u0131na odaklanaca\u011f\u0131 da izleyicinin ilgisini \u00e7ekiyor. Tan\u0131t\u0131m sonras\u0131 olu\u015facak ilk izlenimler ve gelen tepkiler, yap\u0131m\u0131n yol haritas\u0131 i\u00e7in kritik bir rol oynayacak.<\/p>\n<p><img loading=\"lazy\" decoding=\"async\" class=\"alignnone wp-image-184699\" src=\"https:\/\/www.tgrthaber.com\/mavikadin\/wp-content\/uploads\/b1jpg-104818-20250513-300x204.webp\" alt=\"\" width=\"1208\" height=\"820\" title=\"\" srcset=\"https:\/\/www.tgrthaber.com\/mavikadin\/wp-content\/uploads\/b1jpg-104818-20250513-300x204.webp 300w, https:\/\/www.tgrthaber.com\/mavikadin\/wp-content\/uploads\/b1jpg-104818-20250513.webp 700w\" sizes=\"(max-width: 1208px) 100vw, 1208px\" \/><\/p>\n<hr \/>\n<h3>D\u0130Z\u0130N\u0130N OYUNCU KADROSUNDA K\u0130MLER VAR?<\/h3>\n<p>Yeni ismiyle izleyici kar\u015f\u0131s\u0131na \u00e7\u0131kmaya haz\u0131rlanan dizide yer alan oyuncu listesi, \u015fimdiden sezonun en g\u00fc\u00e7l\u00fc kadrolar\u0131ndan biri olarak g\u00f6steriliyor. Ba\u015frolde Ak\u0131n Ak\u0131n\u00f6z\u00fc, otob\u00fcs tamircisiyken g\u00fc\u00e7 odakl\u0131 bir d\u00fcnyaya ad\u0131m atan Timur karakterini oynayacak. Ona, deneyimli isim Ercan Kesal, Esenler Otogar\u0131\u2019n\u0131n lideri Z\u00fclfikar rol\u00fcyle e\u015flik edecek.<\/p>\n<p><img loading=\"lazy\" decoding=\"async\" class=\"alignnone wp-image-184700\" src=\"https:\/\/www.tgrthaber.com\/mavikadin\/wp-content\/uploads\/erkan-kolcak-kostendil-1740427769-1-300x169.webp\" alt=\"\" width=\"1208\" height=\"680\" title=\"\" srcset=\"https:\/\/www.tgrthaber.com\/mavikadin\/wp-content\/uploads\/erkan-kolcak-kostendil-1740427769-1-300x169.webp 300w, https:\/\/www.tgrthaber.com\/mavikadin\/wp-content\/uploads\/erkan-kolcak-kostendil-1740427769-1-768x432.webp 768w, https:\/\/www.tgrthaber.com\/mavikadin\/wp-content\/uploads\/erkan-kolcak-kostendil-1740427769-1.webp 800w\" sizes=\"(max-width: 1208px) 100vw, 1208px\" \/><\/p>\n<hr \/>\n<p>Erkan Kol\u00e7ak K\u00f6stendil, Z\u00fclfikar\u2019a kafa tutan ye\u011fen Yahya karakterine hayat verecek. Kadroda ayr\u0131ca Serra Ar\u0131t\u00fcrk, Derya Karada\u015f, Hazal T\u00fcresan, Tansu Bi\u00e7er, Bora Akka\u015f, Burak Altay ve Arif Pi\u015fkin gibi birbirinden ba\u015far\u0131l\u0131 isimler de bulunuyor.<\/p>\n","protected":false},"excerpt":{"rendered":"<p>Yeni yay\u0131n d\u00f6neminin en merak edilen yap\u0131mlar\u0131ndan biri olan Halef dizisi, sadece oyuncu kadrosuyla de\u011fil, ismiyle de g\u00fcndeme geldi. Show TV\u2019de ekrana gelmeye haz\u0131rlanan dizinin ad\u0131 de\u011fi\u015fiyor. \u0130zleyiciyle ilk kez K\u0131z\u0131lc\u0131k \u015eerbeti\u2019nin sezon finalinde bulu\u015facak tan\u0131t\u0131mla birlikte, dizinin yeni ismine dair ipu\u00e7lar\u0131 da netle\u015fmi\u015f olacak. \u0130\u015fte detaylar&#8230;<\/p>\n","protected":false},"author":35,"featured_media":184695,"comment_status":"closed","ping_status":"closed","sticky":false,"template":"","format":"standard","meta":{"rank_math_lock_modified_date":false,"footnotes":""},"categories":[602],"tags":[3602,21431,23224,23225,23223],"class_list":["post-184694","post","type-post","status-publish","format-standard","has-post-thumbnail","hentry","category-diziler","tag-diziler","tag-halef-dizisi","tag-halef-dizisi-tanitim","tag-halef-oyunculari","tag-kizilcik-serbeti-finali"],"_links":{"self":[{"href":"https:\/\/www.tgrthaber.com\/mavikadin\/wp-json\/wp\/v2\/posts\/184694"}],"collection":[{"href":"https:\/\/www.tgrthaber.com\/mavikadin\/wp-json\/wp\/v2\/posts"}],"about":[{"href":"https:\/\/www.tgrthaber.com\/mavikadin\/wp-json\/wp\/v2\/types\/post"}],"author":[{"embeddable":true,"href":"https:\/\/www.tgrthaber.com\/mavikadin\/wp-json\/wp\/v2\/users\/35"}],"replies":[{"embeddable":true,"href":"https:\/\/www.tgrthaber.com\/mavikadin\/wp-json\/wp\/v2\/comments?post=184694"}],"version-history":[{"count":2,"href":"https:\/\/www.tgrthaber.com\/mavikadin\/wp-json\/wp\/v2\/posts\/184694\/revisions"}],"predecessor-version":[{"id":184702,"href":"https:\/\/www.tgrthaber.com\/mavikadin\/wp-json\/wp\/v2\/posts\/184694\/revisions\/184702"}],"wp:featuredmedia":[{"embeddable":true,"href":"https:\/\/www.tgrthaber.com\/mavikadin\/wp-json\/wp\/v2\/media\/184695"}],"wp:attachment":[{"href":"https:\/\/www.tgrthaber.com\/mavikadin\/wp-json\/wp\/v2\/media?parent=184694"}],"wp:term":[{"taxonomy":"category","embeddable":true,"href":"https:\/\/www.tgrthaber.com\/mavikadin\/wp-json\/wp\/v2\/categories?post=184694"},{"taxonomy":"post_tag","embeddable":true,"href":"https:\/\/www.tgrthaber.com\/mavikadin\/wp-json\/wp\/v2\/tags?post=184694"}],"curies":[{"name":"wp","href":"https:\/\/api.w.org\/{rel}","templated":true}]}}