{"id":184776,"date":"2025-05-30T01:03:05","date_gmt":"2025-05-29T22:03:05","guid":{"rendered":"https:\/\/www.tgrthaber.com\/mavikadin\/?p=184776"},"modified":"2025-05-30T01:03:06","modified_gmt":"2025-05-29T22:03:06","slug":"derya-uluga-sanliurfa-konserinde-su-sisesi-firlatildi-kaleci-reflekslerim-iyidir","status":"publish","type":"post","link":"https:\/\/www.tgrthaber.com\/mavikadin\/derya-uluga-sanliurfa-konserinde-su-sisesi-firlatildi-kaleci-reflekslerim-iyidir\/","title":{"rendered":"Derya Ulu\u011f\u2019a \u015eanl\u0131urfa konserinde su \u015fi\u015fesi f\u0131rlat\u0131ld\u0131! \u201cKaleci reflekslerim iyidir\u201d"},"content":{"rendered":"<p>Derya Ulu\u011f, \u015eanl\u0131urfa K\u00fclt\u00fcr Yolu Festivali\u2019nin be\u015finci g\u00fcn\u00fcnde\u00a0\u015eanl\u0131urfa Arkeoloji M\u00fczesi\u2019nde on binlerce hayran\u0131 ile bulu\u015ftu. \u00dcnl\u00fc \u015fark\u0131c\u0131 \u015eanl\u0131urfa konseri s\u0131ras\u0131nda birbirinden trend \u015fark\u0131lar\u0131n\u0131 seslendirdi. Dinleyicilerin \u00e7o\u015fkuyla e\u011flendi\u011fi gece de \u00fcz\u00fcc\u00fc bir olay ya\u015fand\u0131. Derya Ulu\u011f, sahnede \u015fark\u0131 s\u00f6yledi\u011fi s\u0131rada seyircilerden biri sahneye su \u015fi\u015fesi f\u0131rlatt\u0131.<\/p>\n<h3>DERYA ULU\u011e \u015eANLIURFA\u2019YI \u00c7O\u015eTURDU<\/h3>\n<p>K\u00fclt\u00fcr Festivali i\u00e7in \u015eanl\u0131urfa\u2019ya giden \u00fcnl\u00fc \u015fark\u0131c\u0131 Derya Ulu\u011f, sevilen \u015fark\u0131lar\u0131n\u0131 sevenleriyle birlikte s\u00f6yledi. \u00c7o\u015fkulu sahnesi ve performans\u0131yla geceye damgas\u0131n\u0131 vuran Derya Ulu\u011f, \u00a0\u201cY\u0131llard\u0131r gelmek istedi\u011fim \u015fehirdeyim\u201d dedi. \u201dOkyanus\u201d, Nefes\u201d, \u201cYans\u0131ma\u201d gibi \u015fark\u0131lar\u0131n\u0131n yan\u0131 s\u0131ra \u00fcnl\u00fc \u015fark\u0131c\u0131 \u015eanl\u0131urfa\u2019ya \u00f6zel olarak \u201cUrfal\u0131yam Ezelden\u201d t\u00fcrk\u00fcs\u00fcn\u00fc de seslendirdi.<\/p>\n<p><img loading=\"lazy\" decoding=\"async\" class=\"alignnone wp-image-184777\" src=\"https:\/\/www.tgrthaber.com\/mavikadin\/wp-content\/uploads\/derya-ulug-sanliurfayi-costurdu-300x169.jpg\" alt=\"\" width=\"1208\" height=\"680\" title=\"\" srcset=\"https:\/\/www.tgrthaber.com\/mavikadin\/wp-content\/uploads\/derya-ulug-sanliurfayi-costurdu-300x169.jpg 300w, https:\/\/www.tgrthaber.com\/mavikadin\/wp-content\/uploads\/derya-ulug-sanliurfayi-costurdu-1024x576.jpg 1024w, https:\/\/www.tgrthaber.com\/mavikadin\/wp-content\/uploads\/derya-ulug-sanliurfayi-costurdu-768x432.jpg 768w, https:\/\/www.tgrthaber.com\/mavikadin\/wp-content\/uploads\/derya-ulug-sanliurfayi-costurdu-1536x864.jpg 1536w, https:\/\/www.tgrthaber.com\/mavikadin\/wp-content\/uploads\/derya-ulug-sanliurfayi-costurdu.jpg 1920w\" sizes=\"(max-width: 1208px) 100vw, 1208px\" \/><\/p>\n<hr \/>\n<p>\u0130ki bu\u00e7uk saat sahnede kalan Derya Ulu\u011f, \u201cBizi sizlerle bulu\u015fturdu\u011fu i\u00e7in K\u00fclt\u00fcr ve Turizm Bakanl\u0131\u011f\u0131\u2019na, T\u00fcrkiye K\u00fclt\u00fcr Yolu Festivali\u2019ne, herkese sonsuz te\u015fekk\u00fcr ve alk\u0131\u015f istiyorum ama alk\u0131\u015flar\u0131n en b\u00fcy\u00fc\u011f\u00fc size gelsin\u201d diyerek sevenlerine veda etti. \u00dcnl\u00fc \u015fark\u0131c\u0131 Derya Ulu\u011f, konser i\u00e7in tercih etti\u011fi k\u0131rm\u0131z\u0131 renkli tasar\u0131m elbisesiyle adeta be\u011feni toplad\u0131. Urfa halk\u0131 ile ger\u00e7ekle\u015ftirdi konserinde sahne performans\u0131 ile de dinleyicilerine keyifli anlar ya\u015fatt\u0131.<\/p>\n<p><img loading=\"lazy\" decoding=\"async\" class=\"alignnone wp-image-184778\" src=\"https:\/\/www.tgrthaber.com\/mavikadin\/wp-content\/uploads\/derya-ulug-1-300x169.jpg\" alt=\"\" width=\"1208\" height=\"680\" title=\"\" srcset=\"https:\/\/www.tgrthaber.com\/mavikadin\/wp-content\/uploads\/derya-ulug-1-300x169.jpg 300w, https:\/\/www.tgrthaber.com\/mavikadin\/wp-content\/uploads\/derya-ulug-1-1024x576.jpg 1024w, https:\/\/www.tgrthaber.com\/mavikadin\/wp-content\/uploads\/derya-ulug-1-768x432.jpg 768w, https:\/\/www.tgrthaber.com\/mavikadin\/wp-content\/uploads\/derya-ulug-1-1536x864.jpg 1536w, https:\/\/www.tgrthaber.com\/mavikadin\/wp-content\/uploads\/derya-ulug-1.jpg 1920w\" sizes=\"(max-width: 1208px) 100vw, 1208px\" \/><\/p>\n<hr \/>\n<h3>DERYA ULU\u011e SAHNEDE SU \u015e\u0130\u015eES\u0130 ATILDI<\/h3>\n<p>\u00dcnl\u00fc \u015fark\u0131c\u0131 Derya Ulu\u011f, \u015eanl\u0131urfa\u2019daki konseri s\u0131ras\u0131nda ho\u015f olmayan \u00fcz\u00fcc\u00fc bir durum ya\u015fad\u0131. Sahnede sevenleri i\u00e7in \u015fark\u0131lar\u0131n\u0131 s\u00f6ylerken \u00fcnl\u00fc \u015fark\u0131c\u0131ya konser alan\u0131nda bulunun bir ki\u015fi taraf\u0131ndan su \u015fi\u015fesi at\u0131ld\u0131. Derya Ulu\u011f son dakika refleksi sayesinde kurtuldu. \u00dcnl\u00fc \u015fark\u0131c\u0131 ya\u015fad\u0131\u011f\u0131 o anlar i\u00e7in sosyal medyas\u0131ndan a\u00e7\u0131klamada bulundu. Ulu\u011f, \u201c Bir ki\u015finin yanl\u0131\u015f\u0131, gecenin ve Urfa\u2019n\u0131n g\u00fczelli\u011fini g\u00f6lgeleyemezdi. Hi\u00e7 kimsenin ya\u015famamas\u0131n\u0131, ya\u015fatmamas\u0131n\u0131 diliyorum. Kaleci reflekslerim sa\u011f olsun\u201d s\u00f6zleriyle kar\u015f\u0131l\u0131k verdi.<\/p>\n<p><img loading=\"lazy\" decoding=\"async\" class=\"alignnone wp-image-184779\" src=\"https:\/\/www.tgrthaber.com\/mavikadin\/wp-content\/uploads\/derya-ulug-kafasina-su-ssisesi-atildi-300x169.jpg\" alt=\"\" width=\"1208\" height=\"680\" title=\"\" srcset=\"https:\/\/www.tgrthaber.com\/mavikadin\/wp-content\/uploads\/derya-ulug-kafasina-su-ssisesi-atildi-300x169.jpg 300w, https:\/\/www.tgrthaber.com\/mavikadin\/wp-content\/uploads\/derya-ulug-kafasina-su-ssisesi-atildi-1024x576.jpg 1024w, https:\/\/www.tgrthaber.com\/mavikadin\/wp-content\/uploads\/derya-ulug-kafasina-su-ssisesi-atildi-768x432.jpg 768w, https:\/\/www.tgrthaber.com\/mavikadin\/wp-content\/uploads\/derya-ulug-kafasina-su-ssisesi-atildi-1536x864.jpg 1536w, https:\/\/www.tgrthaber.com\/mavikadin\/wp-content\/uploads\/derya-ulug-kafasina-su-ssisesi-atildi.jpg 1920w\" sizes=\"(max-width: 1208px) 100vw, 1208px\" \/><\/p>\n<hr \/>\n<h3>DERYA ULU\u011e&#8217;A SU \u015e\u0130\u015eES\u0130 ATILDI\u011eI O ANLAR<\/h3>\n<p>\u00dcnl\u00fc \u015fark\u0131c\u0131 Derya Ulu\u011f&#8217;un \u015eanl\u0131urfa konserisinde \u015fark\u0131 s\u00f6ylerken kafas\u0131na at\u0131lan su \u015fi\u015fesi anlar:<\/p>\n<div style=\"width: 640px;\" class=\"wp-video\"><!--[if lt IE 9]><script>document.createElement('video');<\/script><![endif]-->\n<video class=\"wp-video-shortcode\" id=\"video-184776-1\" width=\"640\" height=\"1138\" preload=\"metadata\" controls=\"controls\"><source type=\"video\/mp4\" src=\"https:\/\/www.tgrthaber.com\/mavikadin\/wp-content\/uploads\/Derya-Uluga-Sanliurfa-konserinde-su-sisesi-firlatildi-Kaleci-reflekslerim-iyidir.mp4?_=1\" \/><a href=\"https:\/\/www.tgrthaber.com\/mavikadin\/wp-content\/uploads\/Derya-Uluga-Sanliurfa-konserinde-su-sisesi-firlatildi-Kaleci-reflekslerim-iyidir.mp4\">https:\/\/www.tgrthaber.com\/mavikadin\/wp-content\/uploads\/Derya-Uluga-Sanliurfa-konserinde-su-sisesi-firlatildi-Kaleci-reflekslerim-iyidir.mp4<\/a><\/video><\/div>\n<p>&nbsp;<\/p>\n","protected":false},"excerpt":{"rendered":"<p>Derya Ulu\u011f, \u015eanl\u0131urfa K\u00fclt\u00fcr Yolu Festivali g\u00fcn\u00fcnde \u015eanl\u0131urfa Arkeoloji M\u00fczesi\u2019nde on binlerce hayran\u0131na unutulmaz bir gece ya\u015fatt\u0131. \u00dcnl\u00fc \u015fark\u0131c\u0131ya konser s\u0131ras\u0131nda bir ki\u015fi su \u015fi\u015fesi f\u0131rlatt\u0131. Derya Ulu\u011f h\u0131zl\u0131 bir refleks ile son anda kurtuldu. \u00dcnl\u00fc \u015fark\u0131c\u0131, \u201cKaleci reflekslerim iyidir\u201d diyerek o ki\u015fiye g\u00f6nderme yapt\u0131. <\/p>\n","protected":false},"author":10,"featured_media":184780,"comment_status":"closed","ping_status":"closed","sticky":false,"template":"","format":"standard","meta":{"rank_math_lock_modified_date":false,"footnotes":""},"categories":[76],"tags":[11213,10937,23246,23247,133],"class_list":["post-184776","post","type-post","status-publish","format-standard","has-post-thumbnail","hentry","category-magazin","tag-asya-magazin","tag-derya-ulug","tag-derya-ulug-sanliurfa-konseri","tag-derya-ulug-su-sisesi","tag-magazin"],"_links":{"self":[{"href":"https:\/\/www.tgrthaber.com\/mavikadin\/wp-json\/wp\/v2\/posts\/184776"}],"collection":[{"href":"https:\/\/www.tgrthaber.com\/mavikadin\/wp-json\/wp\/v2\/posts"}],"about":[{"href":"https:\/\/www.tgrthaber.com\/mavikadin\/wp-json\/wp\/v2\/types\/post"}],"author":[{"embeddable":true,"href":"https:\/\/www.tgrthaber.com\/mavikadin\/wp-json\/wp\/v2\/users\/10"}],"replies":[{"embeddable":true,"href":"https:\/\/www.tgrthaber.com\/mavikadin\/wp-json\/wp\/v2\/comments?post=184776"}],"version-history":[{"count":1,"href":"https:\/\/www.tgrthaber.com\/mavikadin\/wp-json\/wp\/v2\/posts\/184776\/revisions"}],"predecessor-version":[{"id":184782,"href":"https:\/\/www.tgrthaber.com\/mavikadin\/wp-json\/wp\/v2\/posts\/184776\/revisions\/184782"}],"wp:featuredmedia":[{"embeddable":true,"href":"https:\/\/www.tgrthaber.com\/mavikadin\/wp-json\/wp\/v2\/media\/184780"}],"wp:attachment":[{"href":"https:\/\/www.tgrthaber.com\/mavikadin\/wp-json\/wp\/v2\/media?parent=184776"}],"wp:term":[{"taxonomy":"category","embeddable":true,"href":"https:\/\/www.tgrthaber.com\/mavikadin\/wp-json\/wp\/v2\/categories?post=184776"},{"taxonomy":"post_tag","embeddable":true,"href":"https:\/\/www.tgrthaber.com\/mavikadin\/wp-json\/wp\/v2\/tags?post=184776"}],"curies":[{"name":"wp","href":"https:\/\/api.w.org\/{rel}","templated":true}]}}