{"id":185020,"date":"2025-05-30T14:42:33","date_gmt":"2025-05-30T11:42:33","guid":{"rendered":"https:\/\/www.tgrthaber.com\/mavikadin\/?p=185020"},"modified":"2025-05-30T14:42:33","modified_gmt":"2025-05-30T11:42:33","slug":"elcin-sangu-hakkinda-cikan-hastalik-iddialarina-cevap-verdi","status":"publish","type":"post","link":"https:\/\/www.tgrthaber.com\/mavikadin\/elcin-sangu-hakkinda-cikan-hastalik-iddialarina-cevap-verdi\/","title":{"rendered":"El\u00e7in Sangu hakk\u0131nda \u00e7\u0131kan hastal\u0131k iddialar\u0131na cevap verdi!"},"content":{"rendered":"<p>Son g\u00fcnlerde sosyal medyada ve baz\u0131 haber platformlar\u0131nda yay\u0131lan &#8220;El\u00e7in Sangu ciddi bir sa\u011fl\u0131k sorunuyla m\u00fccadele ediyor&#8221; iddialar\u0131 b\u00fcy\u00fck yank\u0131 uyand\u0131rd\u0131. \u00d6zellikle beyninde kitle oldu\u011fu ve yurt d\u0131\u015f\u0131nda tedavi g\u00f6rd\u00fc\u011f\u00fc y\u00f6n\u00fcndeki haberler k\u0131sa s\u00fcrede g\u00fcndeme oturdu. Ancak sevilen oyuncudan beklenen a\u00e7\u0131klama geldi. El\u00e7in Sangu, yapt\u0131\u011f\u0131 a\u00e7\u0131klamayla bu iddialar\u0131 kesin bir dille yalanlad\u0131 ve kamuoyuna \u201csa\u011fl\u0131\u011f\u0131m yerinde\u201d mesaj\u0131 verdi. \u0130\u015fte detaylar\u2026<\/p>\n<h3>EL\u00c7\u0130N SANGU HAKKINDA \u00c7IKAN HASTALIK \u0130DD\u0130ALARINA CEVAP VERD\u0130!<\/h3>\n<p>Son g\u00fcnlerde sosyal medyada h\u0131zla yay\u0131lan ve magazin bas\u0131n\u0131nda da yank\u0131 bulan \u201cEl\u00e7in Sangu hastaneye kald\u0131r\u0131ld\u0131\u201d iddialar\u0131na ba\u015far\u0131l\u0131 oyuncudan sert bir yan\u0131t geldi. Beyninde kitle tespit edildi\u011fi ve acil olarak yurt d\u0131\u015f\u0131nda tedavi alt\u0131na al\u0131nd\u0131\u011f\u0131 y\u00f6n\u00fcnde dola\u015fan as\u0131ls\u0131z haberler hem hayranlar\u0131n\u0131 hem de yak\u0131n \u00e7evresini pani\u011fe s\u00fcr\u00fckledi. Konuyla ilgili sessizli\u011fini bozan El\u00e7in Sangu,\u00a0 yapt\u0131\u011f\u0131 a\u00e7\u0131klamalar ile iddialara son noktay\u0131 koydu.<\/p>\n<p><img loading=\"lazy\" decoding=\"async\" class=\"alignnone wp-image-185021\" src=\"https:\/\/www.tgrthaber.com\/mavikadin\/wp-content\/uploads\/haber-gorselleri-fotoshop-2025-05-30T144008.961-1024x576.jpg\" alt=\"El\u00e7in Sangu hakk\u0131nda \u00e7\u0131kan hastal\u0131k iddialar\u0131na cevap verdi! \" width=\"1208\" height=\"680\" title=\"\" srcset=\"https:\/\/www.tgrthaber.com\/mavikadin\/wp-content\/uploads\/haber-gorselleri-fotoshop-2025-05-30T144008.961-1024x576.jpg 1024w, https:\/\/www.tgrthaber.com\/mavikadin\/wp-content\/uploads\/haber-gorselleri-fotoshop-2025-05-30T144008.961-300x169.jpg 300w, https:\/\/www.tgrthaber.com\/mavikadin\/wp-content\/uploads\/haber-gorselleri-fotoshop-2025-05-30T144008.961-768x432.jpg 768w, https:\/\/www.tgrthaber.com\/mavikadin\/wp-content\/uploads\/haber-gorselleri-fotoshop-2025-05-30T144008.961-1536x864.jpg 1536w, https:\/\/www.tgrthaber.com\/mavikadin\/wp-content\/uploads\/haber-gorselleri-fotoshop-2025-05-30T144008.961.jpg 1600w\" sizes=\"(max-width: 1208px) 100vw, 1208px\" \/><\/p>\n<hr \/>\n<p>El\u00e7in Sangu, ge\u00e7ti\u011fimiz g\u00fcnlerde hakk\u0131nda \u00e7\u0131kan \u201chastal\u0131k\u201d iddialar\u0131na y\u00f6nelik a\u00e7\u0131klamalar\u0131n\u0131 sosyal medya payla\u015f\u0131m\u0131n yapm\u0131\u015f ve sa\u011fl\u0131k durumunun gayet iyi oldu\u011funu ve hakk\u0131nda \u00e7\u0131kan s\u00f6ylentilerin ger\u00e7ekle hi\u00e7bir ilgisi olmad\u0131\u011f\u0131n\u0131 belirtti. \u201c\u0130nsanlar korkudan s\u00fcrekli ar\u0131yor. Ailem, arkada\u015flar\u0131m panik i\u00e7inde. Bu kadar sorumsuzca yaz\u0131 yaz\u0131lamaz,\u201d diyerek ya\u015fad\u0131\u011f\u0131 rahats\u0131zl\u0131\u011f\u0131 dile getirdi.<\/p>\n<h3><img loading=\"lazy\" decoding=\"async\" class=\"alignnone wp-image-185024\" src=\"https:\/\/www.tgrthaber.com\/mavikadin\/wp-content\/uploads\/haber-gorselleri-fotoshop-2025-05-30T143836.144-1024x576.jpg\" alt=\"El\u00e7in Sangu hakk\u0131nda \u00e7\u0131kan hastal\u0131k iddialar\u0131na cevap verdi! \" width=\"1208\" height=\"680\" title=\"\" srcset=\"https:\/\/www.tgrthaber.com\/mavikadin\/wp-content\/uploads\/haber-gorselleri-fotoshop-2025-05-30T143836.144-1024x576.jpg 1024w, https:\/\/www.tgrthaber.com\/mavikadin\/wp-content\/uploads\/haber-gorselleri-fotoshop-2025-05-30T143836.144-300x169.jpg 300w, https:\/\/www.tgrthaber.com\/mavikadin\/wp-content\/uploads\/haber-gorselleri-fotoshop-2025-05-30T143836.144-768x432.jpg 768w, https:\/\/www.tgrthaber.com\/mavikadin\/wp-content\/uploads\/haber-gorselleri-fotoshop-2025-05-30T143836.144-1536x864.jpg 1536w, https:\/\/www.tgrthaber.com\/mavikadin\/wp-content\/uploads\/haber-gorselleri-fotoshop-2025-05-30T143836.144.jpg 1600w\" sizes=\"(max-width: 1208px) 100vw, 1208px\" \/><\/h3>\n<hr \/>\n<h3>\u201cOLAY B\u0130RAZ C\u0130DD\u0130YE B\u0130ND\u0130\u201d<\/h3>\n<p>G\u00fczel oyuncu El\u00e7in Sangu, ge\u00e7ti\u011fimiz ak\u015fam kat\u0131ld\u0131\u011f\u0131 bir davette magazin muhabirlerinin sorular\u0131na cevap verdi. \u201cSa\u011fl\u0131\u011f\u0131m gayet yerinde. Bir doland\u0131r\u0131c\u0131l\u0131k sitesinin ba\u015flatt\u0131\u011f\u0131 sa\u00e7ma bir haber. TV kanal\u0131na kadar da ta\u015f\u0131n\u0131nca tabi olay biraz ciddiye binmi\u015f gibi oldu.\u201d s\u00f6zlerini s\u00f6yleyen g\u00fczel oyuncu ailesinin bu durum \u00f6yle olmad\u0131\u011f\u0131n\u0131 bildi\u011fi halde yine bir tela\u015f ya\u015fad\u0131klar\u0131n\u0131 s\u00f6zlerine ekledi.<\/p>\n<p><img loading=\"lazy\" decoding=\"async\" class=\"alignnone wp-image-185023\" src=\"https:\/\/www.tgrthaber.com\/mavikadin\/wp-content\/uploads\/haber-gorselleri-fotoshop-2025-05-30T143858.593-1024x576.jpg\" alt=\"El\u00e7in Sangu hakk\u0131nda \u00e7\u0131kan hastal\u0131k iddialar\u0131na cevap verdi! \" width=\"1208\" height=\"680\" title=\"\" srcset=\"https:\/\/www.tgrthaber.com\/mavikadin\/wp-content\/uploads\/haber-gorselleri-fotoshop-2025-05-30T143858.593-1024x576.jpg 1024w, https:\/\/www.tgrthaber.com\/mavikadin\/wp-content\/uploads\/haber-gorselleri-fotoshop-2025-05-30T143858.593-300x169.jpg 300w, https:\/\/www.tgrthaber.com\/mavikadin\/wp-content\/uploads\/haber-gorselleri-fotoshop-2025-05-30T143858.593-768x432.jpg 768w, https:\/\/www.tgrthaber.com\/mavikadin\/wp-content\/uploads\/haber-gorselleri-fotoshop-2025-05-30T143858.593-1536x864.jpg 1536w, https:\/\/www.tgrthaber.com\/mavikadin\/wp-content\/uploads\/haber-gorselleri-fotoshop-2025-05-30T143858.593.jpg 1600w\" sizes=\"(max-width: 1208px) 100vw, 1208px\" \/><\/p>\n<hr \/>\n<p>\u00dcnl\u00fc isim, kimseye dan\u0131\u015f\u0131lmadan, teyit al\u0131nmadan yaz\u0131lan bu t\u00fcr haberlerin hem bireysel hem de toplumsal etkilerine dikkat \u00e7ekti. El\u00e7in Sangu\u2019nun dimdik ayakta oldu\u011fu ve herhangi bir sa\u011fl\u0131k sorununun bulunmad\u0131\u011f\u0131 netle\u015fmi\u015f durumda. Oyuncunun bu a\u00e7\u0131klamalar\u0131, hayranlar\u0131n\u0131 ve sevenlerini rahatlatt\u0131.<\/p>\n","protected":false},"excerpt":{"rendered":"<p>Ba\u015far\u0131l\u0131 oyuncu El\u00e7in Sangu, hakk\u0131nda \u00e7\u0131kan &#8220;beyninde kitle var&#8221; iddialar\u0131na kat\u0131l\u0131d\u0131\u011f\u0131 bir davette cevap verdi.  As\u0131ls\u0131z haberlerin yak\u0131n \u00e7evresini endi\u015felendirdi\u011fini belirten Sangu, \u201c\u0130nsanlar korkudan s\u00fcrekli ar\u0131yor\u201d diyerek kamuoyunu bilgilendirdi. \u0130\u015fte detaylar\u2026<\/p>\n","protected":false},"author":34,"featured_media":185022,"comment_status":"closed","ping_status":"closed","sticky":false,"template":"","format":"standard","meta":{"rank_math_lock_modified_date":false,"footnotes":""},"categories":[76],"tags":[2333,23286,133,2218],"class_list":["post-185020","post","type-post","status-publish","format-standard","has-post-thumbnail","hentry","category-magazin","tag-elcin-sangu","tag-elcin-sangu-hastalik","tag-magazin","tag-magazin-haberleri"],"_links":{"self":[{"href":"https:\/\/www.tgrthaber.com\/mavikadin\/wp-json\/wp\/v2\/posts\/185020"}],"collection":[{"href":"https:\/\/www.tgrthaber.com\/mavikadin\/wp-json\/wp\/v2\/posts"}],"about":[{"href":"https:\/\/www.tgrthaber.com\/mavikadin\/wp-json\/wp\/v2\/types\/post"}],"author":[{"embeddable":true,"href":"https:\/\/www.tgrthaber.com\/mavikadin\/wp-json\/wp\/v2\/users\/34"}],"replies":[{"embeddable":true,"href":"https:\/\/www.tgrthaber.com\/mavikadin\/wp-json\/wp\/v2\/comments?post=185020"}],"version-history":[{"count":2,"href":"https:\/\/www.tgrthaber.com\/mavikadin\/wp-json\/wp\/v2\/posts\/185020\/revisions"}],"predecessor-version":[{"id":185029,"href":"https:\/\/www.tgrthaber.com\/mavikadin\/wp-json\/wp\/v2\/posts\/185020\/revisions\/185029"}],"wp:featuredmedia":[{"embeddable":true,"href":"https:\/\/www.tgrthaber.com\/mavikadin\/wp-json\/wp\/v2\/media\/185022"}],"wp:attachment":[{"href":"https:\/\/www.tgrthaber.com\/mavikadin\/wp-json\/wp\/v2\/media?parent=185020"}],"wp:term":[{"taxonomy":"category","embeddable":true,"href":"https:\/\/www.tgrthaber.com\/mavikadin\/wp-json\/wp\/v2\/categories?post=185020"},{"taxonomy":"post_tag","embeddable":true,"href":"https:\/\/www.tgrthaber.com\/mavikadin\/wp-json\/wp\/v2\/tags?post=185020"}],"curies":[{"name":"wp","href":"https:\/\/api.w.org\/{rel}","templated":true}]}}