{"id":185025,"date":"2025-05-30T14:46:02","date_gmt":"2025-05-30T11:46:02","guid":{"rendered":"https:\/\/www.tgrthaber.com\/mavikadin\/?p=185025"},"modified":"2025-05-30T14:46:02","modified_gmt":"2025-05-30T11:46:02","slug":"kocaeli-daricada-kadinlar-1-yillik-eserlerini-sergiledi-kursiyerler-tebrikleri-kabul-etti","status":"publish","type":"post","link":"https:\/\/www.tgrthaber.com\/mavikadin\/kocaeli-daricada-kadinlar-1-yillik-eserlerini-sergiledi-kursiyerler-tebrikleri-kabul-etti\/","title":{"rendered":"Kocaeli Dar\u0131ca\u2019da kad\u0131nlar 1 y\u0131ll\u0131k eserlerini sergiledi! Kursiyerler tebrikleri kabul etti"},"content":{"rendered":"<p>Dar\u0131ca Belediyesi taraf\u0131ndan kad\u0131nlar\u0131n sosyal hayata kat\u0131lmalar\u0131 ve aile ekonomilerine katk\u0131 sunmalar\u0131 amac\u0131yla Ki\u015fisel Geli\u015fim ve E\u011fitim Merkezi (K\u0130GEM) b\u00fcnyesinde faaliyet g\u00f6steren kursiyerlerin el eme\u011fi g\u00f6z nuru eserlerinin sergilendi\u011fi Giyim ve El Sanatlar\u0131 Sergisi co\u015fkulu t\u00f6renle a\u00e7\u0131ld\u0131.<\/p>\n<h3>KOCAEL\u0130 DARICA\u2019DA KADINLAR 1 YILLIK ESERLER\u0130N\u0130 SERG\u0130LED\u0130<\/h3>\n<p>Dar\u0131ca Belediyesi Kad\u0131n ve Aile M\u00fcd\u00fcrl\u00fc\u011f\u00fc b\u00fcnyesinde ger\u00e7ekle\u015ftirilen ve \u2018Ge\u00e7mi\u015ften Gelece\u011fe \u0130\u015fleyen Eller\u2019 temas\u0131 ile giyim, el Sanatlar\u0131 sergisinin a\u00e7\u0131l\u0131\u015f\u0131, Dudayev Sahili&#8217;nde ger\u00e7ekle\u015ftirildi.<\/p>\n<p><img loading=\"lazy\" decoding=\"async\" class=\"alignnone size-full wp-image-185030\" src=\"https:\/\/www.tgrthaber.com\/mavikadin\/wp-content\/uploads\/2-1140.png\" alt=\"\" width=\"1208\" height=\"680\" title=\"\" srcset=\"https:\/\/www.tgrthaber.com\/mavikadin\/wp-content\/uploads\/2-1140.png 1208w, https:\/\/www.tgrthaber.com\/mavikadin\/wp-content\/uploads\/2-1140-300x169.png 300w, https:\/\/www.tgrthaber.com\/mavikadin\/wp-content\/uploads\/2-1140-1024x576.png 1024w, https:\/\/www.tgrthaber.com\/mavikadin\/wp-content\/uploads\/2-1140-768x432.png 768w\" sizes=\"(max-width: 1208px) 100vw, 1208px\" \/><\/p>\n<hr \/>\n<h3>PROJELER\u0130M\u0130Z\u0130N MERKEZ\u0130NDE HER ZAMAN KADINLAR OLACAK<\/h3>\n<p>Serginin a\u00e7\u0131l\u0131\u015f\u0131n\u0131 ger\u00e7ekle\u015ftiren ve kad\u0131nlar\u0131 tebrik eden Dar\u0131ca Belediye Ba\u015fkan\u0131 Muzaffer B\u0131y\u0131k, &#8220;Dar\u0131ca Belediyesi olarak kad\u0131nlara y\u00f6nelik projeleri \u00e7ok \u00f6nemsiyoruz. Projelerimizin merkezinde her zaman kad\u0131nlar olmaya devam edecek. Kad\u0131nlar\u0131n kendilerini g\u00fc\u00e7l\u00fc hissetmeleri ve kendilerini en iyi \u015fekilde geli\u015ftirebilmelerine katk\u0131 sunmak amac\u0131yla K\u0130GEM ile her zaman yanlar\u0131nda olmaya \u00f6zen g\u00f6steriyoruz. Mahallelerimizde bulunan K\u0130GEM merkezlerinde kad\u0131nlara bir\u00e7ok farkl\u0131 bran\u015fta kurs d\u00fczenleyerek e\u011fitim veriyoruz. O e\u011fitimler neticesinde edindikleri beceri ve h\u00fcnerleri ile 1 y\u0131ll\u0131k emeklerini sergiliyorlar. Birbirinden de\u011ferli emek verilmi\u015f eserler bulunuyor. Her bir han\u0131m karde\u015fimizi el eme\u011fi g\u00f6z nuru eseri i\u00e7in tebrik ediyorum. Bizler her zaman yan\u0131n\u0131zda olmaya ve \u00fcreten kad\u0131nlar\u0131 desteklemeye devam edece\u011fiz&#8221; diye konu\u015ftu.<\/p>\n<p><img loading=\"lazy\" decoding=\"async\" class=\"alignnone size-full wp-image-185037\" src=\"https:\/\/www.tgrthaber.com\/mavikadin\/wp-content\/uploads\/1-1099.png\" alt=\"\" width=\"1208\" height=\"680\" title=\"\" srcset=\"https:\/\/www.tgrthaber.com\/mavikadin\/wp-content\/uploads\/1-1099.png 1208w, https:\/\/www.tgrthaber.com\/mavikadin\/wp-content\/uploads\/1-1099-300x169.png 300w, https:\/\/www.tgrthaber.com\/mavikadin\/wp-content\/uploads\/1-1099-1024x576.png 1024w, https:\/\/www.tgrthaber.com\/mavikadin\/wp-content\/uploads\/1-1099-768x432.png 768w\" sizes=\"(max-width: 1208px) 100vw, 1208px\" \/><\/p>\n<hr \/>\n<p>Konu\u015fmalar\u0131n ard\u0131ndan serginin a\u00e7\u0131l\u0131\u015f kurdelesi kesilirken Ba\u015fkan Muzaffer B\u0131y\u0131k, stantlar\u0131 gezerek el eme\u011fi g\u00f6z nuru eserleri inceledi. 1 y\u0131l boyunca devam eden hummal\u0131 \u00e7al\u0131\u015fma sonucu ortaya \u00e7\u0131kan eserler olduk\u00e7a be\u011feni toplad\u0131. Protokol b\u00fct\u00fcn stantlar\u0131 tek tek gezerek kursiyerlerle sohbet edip hat\u0131ra foto\u011fraf\u0131 \u00e7ektirdi. K\u0130GEM y\u0131l sonu sergisi Dar\u0131ca sahilinde 1 hafta boyunca ziyaret edilebilecek.<\/p>\n","protected":false},"excerpt":{"rendered":"<p>Kocaeli Dar\u0131ca\u2019da kursiyerler 1 senelik emeklerini g\u00f6r\u00fcc\u00fcye \u00e7\u0131kard\u0131. H\u00fcnerlerini &#8216;Giyim ve El Sanatlar\u0131 Sergisi&#8217;nde sergileyen kad\u0131nlar tebrikleri kabul etti.<\/p>\n","protected":false},"author":5,"featured_media":185027,"comment_status":"closed","ping_status":"closed","sticky":false,"template":"","format":"standard","meta":{"rank_math_lock_modified_date":false,"footnotes":""},"categories":[2149],"tags":[23287,3455,22169,2517],"class_list":["post-185025","post","type-post","status-publish","format-standard","has-post-thumbnail","hentry","category-guclu-kadin","tag-darica","tag-guclu-kadin","tag-kadin-emegi","tag-kadin-gucu"],"_links":{"self":[{"href":"https:\/\/www.tgrthaber.com\/mavikadin\/wp-json\/wp\/v2\/posts\/185025"}],"collection":[{"href":"https:\/\/www.tgrthaber.com\/mavikadin\/wp-json\/wp\/v2\/posts"}],"about":[{"href":"https:\/\/www.tgrthaber.com\/mavikadin\/wp-json\/wp\/v2\/types\/post"}],"author":[{"embeddable":true,"href":"https:\/\/www.tgrthaber.com\/mavikadin\/wp-json\/wp\/v2\/users\/5"}],"replies":[{"embeddable":true,"href":"https:\/\/www.tgrthaber.com\/mavikadin\/wp-json\/wp\/v2\/comments?post=185025"}],"version-history":[{"count":2,"href":"https:\/\/www.tgrthaber.com\/mavikadin\/wp-json\/wp\/v2\/posts\/185025\/revisions"}],"predecessor-version":[{"id":185042,"href":"https:\/\/www.tgrthaber.com\/mavikadin\/wp-json\/wp\/v2\/posts\/185025\/revisions\/185042"}],"wp:featuredmedia":[{"embeddable":true,"href":"https:\/\/www.tgrthaber.com\/mavikadin\/wp-json\/wp\/v2\/media\/185027"}],"wp:attachment":[{"href":"https:\/\/www.tgrthaber.com\/mavikadin\/wp-json\/wp\/v2\/media?parent=185025"}],"wp:term":[{"taxonomy":"category","embeddable":true,"href":"https:\/\/www.tgrthaber.com\/mavikadin\/wp-json\/wp\/v2\/categories?post=185025"},{"taxonomy":"post_tag","embeddable":true,"href":"https:\/\/www.tgrthaber.com\/mavikadin\/wp-json\/wp\/v2\/tags?post=185025"}],"curies":[{"name":"wp","href":"https:\/\/api.w.org\/{rel}","templated":true}]}}