{"id":185151,"date":"2025-05-30T17:40:53","date_gmt":"2025-05-30T14:40:53","guid":{"rendered":"https:\/\/www.tgrthaber.com\/mavikadin\/?p=185151"},"modified":"2025-09-19T20:04:40","modified_gmt":"2025-09-19T17:04:40","slug":"mahmut-tuncer-teoman-ve-aleyna-tilki-bir-arada-surpriz-bulusma-buyuk-ses-getirdi","status":"publish","type":"post","link":"https:\/\/www.tgrthaber.com\/mavikadin\/mahmut-tuncer-teoman-ve-aleyna-tilki-bir-arada-surpriz-bulusma-buyuk-ses-getirdi\/","title":{"rendered":"Mahmut Tuncer Teoman ve Aleyna Tilki bir arada! S\u00fcrpriz bulu\u015fma b\u00fcy\u00fck ses getirdi"},"content":{"rendered":"<p>Teoman, Mahmut Tuncer ve Aleyna Tilki&#8217;nin bulu\u015ftu\u011fu ilgin\u00e7 tan\u0131t\u0131m sosyal medyada g\u00fcndem oldu. Mahmut Tuncer&#8217;in, &#8221;Kameralar d\u00f6nd\u00fc, biz oynad\u0131k&#8221; a\u00e7\u0131klamas\u0131 ise meraklar\u0131 daha da art\u0131rd\u0131.<\/p>\n<h3>MAHMUT TUNCER TEOMAN VE ALEYNA T\u0130LK\u0130 B\u0130R ARADA!<\/h3>\n<p>Sosyal medyada bug\u00fcnden itibaren yay\u0131nlanan fragman b\u00fcy\u00fck yank\u0131 uyand\u0131rd\u0131. Ba\u015frollerinde 3 ayr\u0131 d\u00fcnyadan gelen isimlerin bulundu\u011fu film ilk anda izleyiciyi \u015fa\u015f\u0131rtt\u0131 ve ekran ba\u015f\u0131na kilitledi.<\/p>\n<div style=\"width: 640px;\" class=\"wp-video\"><!--[if lt IE 9]><script>document.createElement('video');<\/script><![endif]-->\n<video class=\"wp-video-shortcode\" id=\"video-185151-1\" width=\"640\" height=\"640\" preload=\"metadata\" controls=\"controls\"><source type=\"video\/mp4\" src=\"https:\/\/www.tgrthaber.com\/mavikadin\/wp-content\/uploads\/Mahmut-Tuncer-Teoman-Aleyna-Tilki.mp4?_=1\" \/><a href=\"https:\/\/www.tgrthaber.com\/mavikadin\/wp-content\/uploads\/Mahmut-Tuncer-Teoman-Aleyna-Tilki.mp4\">https:\/\/www.tgrthaber.com\/mavikadin\/wp-content\/uploads\/Mahmut-Tuncer-Teoman-Aleyna-Tilki.mp4<\/a><\/video><\/div>\n<hr \/>\n<p>Bir tarafta rock m\u00fczi\u011finin sevilen ismi Teoman, di\u011fer yanda t\u00fcrk\u00fclerin be\u011fenilen ismi Mahmut Tuncer, di\u011fer yanda ise pop m\u00fczi\u011fin gen\u00e7 yeteneklerinden Aleyna Tilki.<\/p>\n<p>\u015e\u0131k ve g\u00f6steri\u015fli bir mekanda ger\u00e7ekle\u015fen tan\u0131t\u0131mda \u0131\u015f\u0131klar alt\u0131nda s\u0131rayla i\u00e7eri gelen Teoman, Mahmut Tuncer ve Aleyna Tilki dikkat \u00e7ekti. Bu \u00fc\u00e7l\u00fcn\u00fcn birbirini g\u00f6r\u00fcp \u015fa\u015fk\u0131nl\u0131klar\u0131n\u0131 gizleyememesi izleyicinin merak\u0131n\u0131 iyice art\u0131rd\u0131.<\/p>\n<p><img loading=\"lazy\" decoding=\"async\" class=\"alignnone size-full wp-image-185158\" src=\"https:\/\/www.tgrthaber.com\/mavikadin\/wp-content\/uploads\/Mahmut-Tuncer.png\" alt=\"\" width=\"1208\" height=\"680\" title=\"\" srcset=\"https:\/\/www.tgrthaber.com\/mavikadin\/wp-content\/uploads\/Mahmut-Tuncer.png 1208w, https:\/\/www.tgrthaber.com\/mavikadin\/wp-content\/uploads\/Mahmut-Tuncer-300x169.png 300w, https:\/\/www.tgrthaber.com\/mavikadin\/wp-content\/uploads\/Mahmut-Tuncer-1024x576.png 1024w, https:\/\/www.tgrthaber.com\/mavikadin\/wp-content\/uploads\/Mahmut-Tuncer-768x432.png 768w\" sizes=\"(max-width: 1208px) 100vw, 1208px\" \/><\/p>\n<hr \/>\n<h3>&#8220;SEN DE M\u0130?&#8221;<\/h3>\n<p>Tan\u0131t\u0131mda \u00fcnl\u00fc isimlerin hepsi birbirine d\u00f6nerek ayn\u0131 soruyu soruyor: &#8220;Sen de mi?&#8221;. Di\u011fer dikkat \u00e7eken detay ise kamera bu repli\u011fi tam 3 kez tekrarlay\u0131p neler oldu\u011funu d\u00fc\u015f\u00fcnmeye itiyor. Ard\u0131ndan ekran karar\u0131yor ve sahne tek bir kelimeyle tamamlan\u0131yor: &#8220;Herkes.&#8221;<\/p>\n<p><img loading=\"lazy\" decoding=\"async\" class=\"alignnone size-full wp-image-185159\" src=\"https:\/\/www.tgrthaber.com\/mavikadin\/wp-content\/uploads\/Aleyna-Tilki-1-1.png\" alt=\"\" width=\"1208\" height=\"680\" title=\"\" srcset=\"https:\/\/www.tgrthaber.com\/mavikadin\/wp-content\/uploads\/Aleyna-Tilki-1-1.png 1208w, https:\/\/www.tgrthaber.com\/mavikadin\/wp-content\/uploads\/Aleyna-Tilki-1-1-300x169.png 300w, https:\/\/www.tgrthaber.com\/mavikadin\/wp-content\/uploads\/Aleyna-Tilki-1-1-1024x576.png 1024w, https:\/\/www.tgrthaber.com\/mavikadin\/wp-content\/uploads\/Aleyna-Tilki-1-1-768x432.png 768w\" sizes=\"(max-width: 1208px) 100vw, 1208px\" \/><\/p>\n<hr \/>\n<p>K\u0131sa ancak etkileyici bu sahne ile verilmek istenen mesaj gizli tutulmu\u015f oluyor. \u0130zleyicinin zihninde g\u00fc\u00e7l\u00fc merak duygusu uyand\u0131ran bu sahnenin devam\u0131n\u0131n gelip gelmeyece\u011fi \u015fimdiden ara\u015ft\u0131r\u0131lmaya ba\u015fland\u0131. Ortaya \u00e7\u0131kan bu gizemli atmosfer projenin ne oldu\u011fu konusunda bir\u00e7ok spek\u00fclasyonu da beraberinde getiriyor.<\/p>\n<p>Tan\u0131t\u0131mla ilgili konu\u015fan Mahmut Tuncer &#8220;Kameralar d\u00f6nd\u00fc, biz oynad\u0131k&#8230; Ama o tan\u0131t\u0131m sadece fragmand\u0131. Vallahi projeyi ben de bilmiyorum&#8221; ifadelerini kulland\u0131.<\/p>\n<p><img loading=\"lazy\" decoding=\"async\" class=\"alignnone size-full wp-image-185160\" src=\"https:\/\/www.tgrthaber.com\/mavikadin\/wp-content\/uploads\/Teoman.png\" alt=\"\" width=\"1208\" height=\"680\" title=\"\" srcset=\"https:\/\/www.tgrthaber.com\/mavikadin\/wp-content\/uploads\/Teoman.png 1208w, https:\/\/www.tgrthaber.com\/mavikadin\/wp-content\/uploads\/Teoman-300x169.png 300w, https:\/\/www.tgrthaber.com\/mavikadin\/wp-content\/uploads\/Teoman-1024x576.png 1024w, https:\/\/www.tgrthaber.com\/mavikadin\/wp-content\/uploads\/Teoman-768x432.png 768w\" sizes=\"(max-width: 1208px) 100vw, 1208px\" \/><\/p>\n<hr \/>\n<h3>G\u0130ZEML\u0130 EK\u0130BE YORUM YA\u011eDI<\/h3>\n<p>Sosyal medyada anlamland\u0131r\u0131lmaya \u00e7al\u0131\u015f\u0131lan bu tan\u0131t\u0131m \u00e7ok say\u0131da yorum ald\u0131.\u00a0 Sosyal medyada yorumlar \u015fu \u015fekilde oldu:<\/p>\n<p>&#8220;Benim r\u00fcyalar\u0131n alaka seviyesi&#8221;<\/p>\n<p>&#8220;Yok art\u0131k daha neler&#8221;<\/p>\n<p>&#8220;G\u00fcnl\u00fck de\u011fi\u015fen ruh hallerim&#8221;<\/p>\n<p>&#8220;D\u00fc\u015f\u00fcnsenize BBG ba\u015fl\u0131yormu\u015f 3&#8217;\u00fc de ayn\u0131 evde nas\u0131l reyting nas\u0131l reyting &#8220;<\/p>\n","protected":false},"excerpt":{"rendered":"<p>Teoman, Mahmut Tuncer ve Aleyna Tilki&#8217;nin bir araya geldi\u011fi gizemli tan\u0131t\u0131m televizyonlarda ve sosyal medyada b\u00fcy\u00fck ilgiyle kar\u015f\u0131land\u0131. Sen de mi? sorusuyla ba\u015flayan film &#8221;Herkes&#8221; cevab\u0131yla merakland\u0131rd\u0131.<\/p>\n","protected":false},"author":5,"featured_media":185152,"comment_status":"closed","ping_status":"closed","sticky":false,"template":"","format":"standard","meta":{"rank_math_lock_modified_date":false,"footnotes":""},"categories":[76],"tags":[3552,133,8470,23323,1082],"class_list":["post-185151","post","type-post","status-publish","format-standard","has-post-thumbnail","hentry","category-magazin","tag-aleyna-tilki","tag-magazin","tag-mahmut-tuncer","tag-reklam-filmi","tag-teoman"],"_links":{"self":[{"href":"https:\/\/www.tgrthaber.com\/mavikadin\/wp-json\/wp\/v2\/posts\/185151"}],"collection":[{"href":"https:\/\/www.tgrthaber.com\/mavikadin\/wp-json\/wp\/v2\/posts"}],"about":[{"href":"https:\/\/www.tgrthaber.com\/mavikadin\/wp-json\/wp\/v2\/types\/post"}],"author":[{"embeddable":true,"href":"https:\/\/www.tgrthaber.com\/mavikadin\/wp-json\/wp\/v2\/users\/5"}],"replies":[{"embeddable":true,"href":"https:\/\/www.tgrthaber.com\/mavikadin\/wp-json\/wp\/v2\/comments?post=185151"}],"version-history":[{"count":2,"href":"https:\/\/www.tgrthaber.com\/mavikadin\/wp-json\/wp\/v2\/posts\/185151\/revisions"}],"predecessor-version":[{"id":185164,"href":"https:\/\/www.tgrthaber.com\/mavikadin\/wp-json\/wp\/v2\/posts\/185151\/revisions\/185164"}],"wp:featuredmedia":[{"embeddable":true,"href":"https:\/\/www.tgrthaber.com\/mavikadin\/wp-json\/wp\/v2\/media\/185152"}],"wp:attachment":[{"href":"https:\/\/www.tgrthaber.com\/mavikadin\/wp-json\/wp\/v2\/media?parent=185151"}],"wp:term":[{"taxonomy":"category","embeddable":true,"href":"https:\/\/www.tgrthaber.com\/mavikadin\/wp-json\/wp\/v2\/categories?post=185151"},{"taxonomy":"post_tag","embeddable":true,"href":"https:\/\/www.tgrthaber.com\/mavikadin\/wp-json\/wp\/v2\/tags?post=185151"}],"curies":[{"name":"wp","href":"https:\/\/api.w.org\/{rel}","templated":true}]}}