{"id":185155,"date":"2025-05-30T17:52:31","date_gmt":"2025-05-30T14:52:31","guid":{"rendered":"https:\/\/www.tgrthaber.com\/mavikadin\/?p=185155"},"modified":"2025-09-19T20:37:40","modified_gmt":"2025-09-19T17:37:40","slug":"survivor-2025-dilsah-kurtun-sevgilisi-anil-kabak-ne-is-yapiyor-aslen-nereli-hayati-merak-edildi","status":"publish","type":"post","link":"https:\/\/www.tgrthaber.com\/mavikadin\/survivor-2025-dilsah-kurtun-sevgilisi-anil-kabak-ne-is-yapiyor-aslen-nereli-hayati-merak-edildi\/","title":{"rendered":"Survivor 2025 Dil\u015fah Kurt&#8217;un sevgilisi An\u0131l Kabak ne i\u015f yap\u0131yor aslen nereli? Hayat\u0131 merak edildi"},"content":{"rendered":"<p class=\"p2\">Survivor All Star 2025\u2019te finale ad\u0131m ad\u0131m yakla\u015f\u0131l\u0131rken her eleme duygusal izler b\u0131rak\u0131yor. 23 May\u0131s ak\u015fam\u0131 ekrana gelen d\u00fcello sonras\u0131 G\u00f6n\u00fcll\u00fcler tak\u0131m\u0131n\u0131n iddial\u0131 isimlerinden Dil\u015fah Kurt adaya veda etti. Yar\u0131\u015fmadaki m\u00fccadeleci ruhuyla dikkat \u00e7eken Kurt\u2019un eleni\u015fi kadar T\u00fcrkiye\u2019ye d\u00f6n\u00fc\u015f\u00fc de \u00e7ok konu\u015fuldu. Uzun s\u00fcredir ayr\u0131 kald\u0131\u011f\u0131 sevgilisi An\u0131l Kabak\u2019la kavu\u015fma an\u0131 ise sosyal medyada g\u00fcndem oldu. \u0130ki ismin kavu\u015fmas\u0131n\u0131n ard\u0131ndan g\u00f6zler Dil\u015fah\u2019\u0131n sevgilisine \u00e7evrilidi. Sosyal medya kullan\u0131c\u0131lar\u0131 \u2018Dil\u015fah Kurt\u2019un sevgilisi ne i\u015f yap\u0131yor, aslen nereli?\u2019 sorular\u0131n\u0131n cevaplar\u0131n\u0131 ara\u015ft\u0131r\u0131yor. \u0130\u015fe detaylar\u2026<\/p>\n<h3>SURV\u0130VOR 2025 D\u0130L\u015eAH KURT&#8217;UN SEVG\u0130L\u0130S\u0130 NE \u0130\u015e YAPIYOR ASLEN NEREL\u0130?<\/h3>\n<p class=\"p2\">\u0130kilinin havaliman\u0131ndaki o duygusal bulu\u015fmas\u0131n\u0131n ard\u0131ndan bu kez merak oklar\u0131 Dil\u015fah\u2019\u0131n sevgilisine \u00e7evrildi. An\u0131l Kabak kimdir, ne i\u015f yap\u0131yor, aslen nereli gibi sorular arama motorlar\u0131nda \u00f6ne \u00e7\u0131kmaya ba\u015flad\u0131. Survivor Dil\u015fah Kurt\u2019un uzun s\u00fcredir birlikte oldu\u011fu sevgilisi An\u0131l Kabak\u2019\u0131n kendisi gibi profesyonel boksla ilgilendi\u011fi biliniyor. S\u0131k s\u0131k spor salonlar\u0131ndan payla\u015f\u0131mlar yapan Kabak, disiplinli ya\u015fam tarz\u0131 ve spora olan ba\u011fl\u0131l\u0131\u011f\u0131yla dikkat \u00e7ekiyor. An\u0131l kabak&#8217;\u0131n memleketine dair hen\u00fcz bir bilgi bulunmuyor.<\/p>\n<p><img loading=\"lazy\" decoding=\"async\" class=\"alignnone wp-image-185170 \" src=\"https:\/\/www.tgrthaber.com\/mavikadin\/wp-content\/uploads\/Ekran-Resmi-2025-05-30-17.46.06.png\" alt=\"\" width=\"982\" height=\"696\" title=\"\" srcset=\"https:\/\/www.tgrthaber.com\/mavikadin\/wp-content\/uploads\/Ekran-Resmi-2025-05-30-17.46.06.png 866w, https:\/\/www.tgrthaber.com\/mavikadin\/wp-content\/uploads\/Ekran-Resmi-2025-05-30-17.46.06-300x213.png 300w, https:\/\/www.tgrthaber.com\/mavikadin\/wp-content\/uploads\/Ekran-Resmi-2025-05-30-17.46.06-768x545.png 768w\" sizes=\"(max-width: 982px) 100vw, 982px\" \/><\/p>\n<hr \/>\n<h3 class=\"p1\">SURV\u0130VOR 2025 D\u0130L\u015eAH KURT K\u0130MD\u0130R?<\/h3>\n<p class=\"p1\">Survivor All Star 2025\u2019in G\u00f6n\u00fcll\u00fcler tak\u0131m\u0131nda m\u00fccadele eden Dil\u015fah Kurt, hem hikayesi hem de m\u00fccadeleci kimli\u011fiyle dikkat \u00e7eken yar\u0131\u015fmac\u0131lardan biri oldu. 1992 y\u0131l\u0131nda \u0130stanbul\u2019da d\u00fcnyaya gelen Dil\u015fah, zorlu bir \u00e7ocukluk ge\u00e7irdi.<\/p>\n<p><img loading=\"lazy\" decoding=\"async\" class=\"alignnone wp-image-185171 \" src=\"https:\/\/www.tgrthaber.com\/mavikadin\/wp-content\/uploads\/Ekran-Resmi-2025-05-30-17.46.26.png\" alt=\"\" width=\"985\" height=\"746\" title=\"\" srcset=\"https:\/\/www.tgrthaber.com\/mavikadin\/wp-content\/uploads\/Ekran-Resmi-2025-05-30-17.46.26.png 856w, https:\/\/www.tgrthaber.com\/mavikadin\/wp-content\/uploads\/Ekran-Resmi-2025-05-30-17.46.26-300x227.png 300w, https:\/\/www.tgrthaber.com\/mavikadin\/wp-content\/uploads\/Ekran-Resmi-2025-05-30-17.46.26-768x581.png 768w\" sizes=\"(max-width: 985px) 100vw, 985px\" \/><\/p>\n<hr \/>\n<p class=\"p1\">Hayat\u0131n y\u00fck\u00fcn\u00fc erken ya\u015fta omuzlayan Kurt, k\u00fc\u00e7\u00fck ya\u015flardan itibaren kendi ayaklar\u0131 \u00fczerinde durmay\u0131 \u00f6\u011frendi. E\u011fitim hayat\u0131nda da ba\u015far\u0131y\u0131 elden b\u0131rakmayan Dil\u015fah Kurt, ilkokul, ortaokul ve lise e\u011fitimini tamamlad\u0131ktan sonra Ayd\u0131n Adnan Menderes \u00dcniversitesi Spor Bilimleri Fak\u00fcltesi\u2019nde y\u00fcksek\u00f6\u011frenimine devam etti.<\/p>\n<p><img loading=\"lazy\" decoding=\"async\" class=\"alignnone wp-image-185172 \" src=\"https:\/\/www.tgrthaber.com\/mavikadin\/wp-content\/uploads\/Ekran-Resmi-2025-05-30-17.46.12.png\" alt=\"\" width=\"984\" height=\"656\" title=\"\" srcset=\"https:\/\/www.tgrthaber.com\/mavikadin\/wp-content\/uploads\/Ekran-Resmi-2025-05-30-17.46.12.png 810w, https:\/\/www.tgrthaber.com\/mavikadin\/wp-content\/uploads\/Ekran-Resmi-2025-05-30-17.46.12-300x200.png 300w, https:\/\/www.tgrthaber.com\/mavikadin\/wp-content\/uploads\/Ekran-Resmi-2025-05-30-17.46.12-768x512.png 768w\" sizes=\"(max-width: 984px) 100vw, 984px\" \/><\/p>\n<hr \/>\n<p class=\"p1\">Spor hayat\u0131na boksla y\u00f6n veren Dil\u015fah, Fenerbah\u00e7e Spor Kul\u00fcb\u00fc\u2019nde lisansl\u0131 boks\u00f6r olarak kariyerini s\u00fcrd\u00fcrd\u00fc. Ulusal ve uluslararas\u0131 bir\u00e7ok m\u00fcsabakada yer alan Kurt, 32. Uluslararas\u0131 Ahmet C\u00f6mert Boks Turnuvas\u0131\u2019nda 57 kiloda milli formayla bronz madalya kazanarak ad\u0131ndan s\u00f6z ettirdi. Survivor\u2019\u0131n ilk tan\u0131t\u0131m fragman\u0131nda s\u00f6yledi\u011fi &#8216;\u0130nsan ailesini se\u00e7emez ama tak\u0131m\u0131n\u0131 se\u00e7ebilir.<\/p>\n<p><img loading=\"lazy\" decoding=\"async\" class=\"alignnone wp-image-185174 size-large\" src=\"https:\/\/www.tgrthaber.com\/mavikadin\/wp-content\/uploads\/Ekran-Resmi-2025-05-30-17.45.53-1024x873.png\" alt=\"\" width=\"1024\" height=\"873\" title=\"\" srcset=\"https:\/\/www.tgrthaber.com\/mavikadin\/wp-content\/uploads\/Ekran-Resmi-2025-05-30-17.45.53-1024x873.png 1024w, https:\/\/www.tgrthaber.com\/mavikadin\/wp-content\/uploads\/Ekran-Resmi-2025-05-30-17.45.53-300x256.png 300w, https:\/\/www.tgrthaber.com\/mavikadin\/wp-content\/uploads\/Ekran-Resmi-2025-05-30-17.45.53-768x655.png 768w, https:\/\/www.tgrthaber.com\/mavikadin\/wp-content\/uploads\/Ekran-Resmi-2025-05-30-17.45.53.png 1316w\" sizes=\"(max-width: 1024px) 100vw, 1024px\" \/><\/p>\n<hr \/>\n<p class=\"p1\">Hayat\u0131m zordu, bu y\u00fczden Survivor bana kolay gelecek.&#8217; s\u00f6zleriyle hem dikkat \u00e7ekti hem de g\u00fc\u00e7l\u00fc karakterine dair ipu\u00e7lar\u0131 verdi. Yar\u0131\u015fma boyunca azmi, kararl\u0131l\u0131\u011f\u0131 ve duygusal y\u00f6n\u00fcyle seyircilerin g\u00f6nl\u00fcnde \u00f6zel bir yer edindi.<\/p>\n","protected":false},"excerpt":{"rendered":"<p>Survivor\u2019dan elendikten sonra sevgilisiyle kavu\u015fmas\u0131 duygusal anlara sahne olan Dil\u015fah Kurt, sosyal medyada yeniden g\u00fcndeme oturdu. Sosyal medya kullan\u0131c\u0131lar\u0131, \u2018Dil\u015fah\u2019\u0131n sevgilisi kim, ne i\u015f yap\u0131yor, nereli?\u2019 sorular\u0131n\u0131n cevaplar\u0131n\u0131 ara\u015ft\u0131r\u0131yor. \u0130\u015fte detaylar\u2026 <\/p>\n","protected":false},"author":16,"featured_media":185176,"comment_status":"closed","ping_status":"closed","sticky":false,"template":"","format":"standard","meta":{"rank_math_lock_modified_date":false,"footnotes":""},"categories":[76],"tags":[23325,133,2218,23326,23327],"class_list":["post-185155","post","type-post","status-publish","format-standard","has-post-thumbnail","hentry","category-magazin","tag-dilsah-kurt-sevgilisi-kim","tag-magazin","tag-magazin-haberleri","tag-survivor-2025-dilsah-kurt-sevgilisi-anil-kabak-ne-is-yapiyor","tag-survivor-2025-dilsah-kurt-sevgilisi-anil-kabak-nereli"],"_links":{"self":[{"href":"https:\/\/www.tgrthaber.com\/mavikadin\/wp-json\/wp\/v2\/posts\/185155"}],"collection":[{"href":"https:\/\/www.tgrthaber.com\/mavikadin\/wp-json\/wp\/v2\/posts"}],"about":[{"href":"https:\/\/www.tgrthaber.com\/mavikadin\/wp-json\/wp\/v2\/types\/post"}],"author":[{"embeddable":true,"href":"https:\/\/www.tgrthaber.com\/mavikadin\/wp-json\/wp\/v2\/users\/16"}],"replies":[{"embeddable":true,"href":"https:\/\/www.tgrthaber.com\/mavikadin\/wp-json\/wp\/v2\/comments?post=185155"}],"version-history":[{"count":2,"href":"https:\/\/www.tgrthaber.com\/mavikadin\/wp-json\/wp\/v2\/posts\/185155\/revisions"}],"predecessor-version":[{"id":185178,"href":"https:\/\/www.tgrthaber.com\/mavikadin\/wp-json\/wp\/v2\/posts\/185155\/revisions\/185178"}],"wp:featuredmedia":[{"embeddable":true,"href":"https:\/\/www.tgrthaber.com\/mavikadin\/wp-json\/wp\/v2\/media\/185176"}],"wp:attachment":[{"href":"https:\/\/www.tgrthaber.com\/mavikadin\/wp-json\/wp\/v2\/media?parent=185155"}],"wp:term":[{"taxonomy":"category","embeddable":true,"href":"https:\/\/www.tgrthaber.com\/mavikadin\/wp-json\/wp\/v2\/categories?post=185155"},{"taxonomy":"post_tag","embeddable":true,"href":"https:\/\/www.tgrthaber.com\/mavikadin\/wp-json\/wp\/v2\/tags?post=185155"}],"curies":[{"name":"wp","href":"https:\/\/api.w.org\/{rel}","templated":true}]}}