{"id":185175,"date":"2025-05-30T18:11:04","date_gmt":"2025-05-30T15:11:04","guid":{"rendered":"https:\/\/www.tgrthaber.com\/mavikadin\/?p=185175"},"modified":"2025-05-30T18:11:04","modified_gmt":"2025-05-30T15:11:04","slug":"11-kez-burun-ameliyati-olan-murat-dalkilic-arkadasi-simalin-cenazesinde-goruntulendi","status":"publish","type":"post","link":"https:\/\/www.tgrthaber.com\/mavikadin\/11-kez-burun-ameliyati-olan-murat-dalkilic-arkadasi-simalin-cenazesinde-goruntulendi\/","title":{"rendered":"11 kez burun ameliyat\u0131 olan Murat Dalk\u0131l\u0131\u00e7 arkada\u015f\u0131 \u015eimal\u2019in cenazesinde g\u00f6r\u00fcnt\u00fclendi!"},"content":{"rendered":"<p>\u00dcnl\u00fc \u015fark\u0131c\u0131 Murat Dalk\u0131l\u0131\u00e7 hem sa\u011fl\u0131k sorunlar\u0131 hem de \u00f6zel hayat\u0131ndaki b\u00fcy\u00fck bir kay\u0131pla g\u00fcndeme geldi. Do\u011fu\u015ftan gelen burun yap\u0131s\u0131 sorunlar\u0131 nedeniyle bug\u00fcne dek 11 kez ameliyat olan sanat\u00e7\u0131, zorlu s\u00fcreci geride b\u0131rakmaya \u00e7al\u0131\u015f\u0131rken, bu kez de yak\u0131n dostu \u015eimal\u2019in ani vefat\u0131yla sars\u0131ld\u0131. Dalk\u0131l\u0131\u00e7, arkada\u015f\u0131n\u0131n \u0130stanbul\u2019daki cenaze t\u00f6renine kat\u0131larak son g\u00f6revini yerine getirdi. \u0130\u015fte detaylar\u2026<\/p>\n<h3>MURAT DALKILI\u00c7 ARKADA\u015eI \u015e\u0130MAL\u2019\u0130N CENAZES\u0130NDE G\u00d6R\u00dcNT\u00dcLEND\u0130!<\/h3>\n<p>Pop m\u00fczi\u011finin sevilen isimlerinden Murat Dalk\u0131l\u0131\u00e7, son d\u00f6nemde ge\u00e7irdi\u011fi sa\u011fl\u0131k sorunlar\u0131 ile g\u00fcndeme geliyordu. Uzun s\u00fcredir burun yap\u0131s\u0131yla ilgili sa\u011fl\u0131k problemleri ya\u015fayan Dalk\u0131l\u0131\u00e7\u2019\u0131n bug\u00fcne kadar tam 11 kez ameliyat masas\u0131na yatt\u0131\u011f\u0131 \u00f6\u011frenildi. Do\u011fu\u015ftan gelen kemik e\u011frili\u011fi ve nefes alma sorunlar\u0131 nedeniyle bir\u00e7ok operasyon ge\u00e7iren \u00fcnl\u00fc \u015fark\u0131c\u0131n\u0131n son ameliyat\u0131n\u0131 bu y\u0131l\u0131n \u015fubat ay\u0131nda oldu\u011fu belirtildi.<\/p>\n<p><img loading=\"lazy\" decoding=\"async\" class=\"alignnone wp-image-185183\" src=\"https:\/\/www.tgrthaber.com\/mavikadin\/wp-content\/uploads\/haber-gorselleri-fotoshop-2025-05-30T180559.592-1024x576.jpg\" alt=\"11 kez burun ameliyat\u0131 olan Murat Dalk\u0131l\u0131\u00e7 arkada\u015f\u0131 \u015eimal\u2019in cenazesinde g\u00f6r\u00fcnt\u00fclendi!\" width=\"1208\" height=\"680\" title=\"\" srcset=\"https:\/\/www.tgrthaber.com\/mavikadin\/wp-content\/uploads\/haber-gorselleri-fotoshop-2025-05-30T180559.592-1024x576.jpg 1024w, https:\/\/www.tgrthaber.com\/mavikadin\/wp-content\/uploads\/haber-gorselleri-fotoshop-2025-05-30T180559.592-300x169.jpg 300w, https:\/\/www.tgrthaber.com\/mavikadin\/wp-content\/uploads\/haber-gorselleri-fotoshop-2025-05-30T180559.592-768x432.jpg 768w, https:\/\/www.tgrthaber.com\/mavikadin\/wp-content\/uploads\/haber-gorselleri-fotoshop-2025-05-30T180559.592-1536x864.jpg 1536w, https:\/\/www.tgrthaber.com\/mavikadin\/wp-content\/uploads\/haber-gorselleri-fotoshop-2025-05-30T180559.592.jpg 1600w\" sizes=\"(max-width: 1208px) 100vw, 1208px\" \/><\/p>\n<hr \/>\n<p>Murat Dalk\u0131l\u0131\u00e7, ge\u00e7irdi\u011fi son operasyonun ard\u0131ndan bir s\u00fcre sahnelere ara vermek zorunda kalm\u0131\u015ft\u0131. Ancak sosyal medya hesab\u0131ndan yapt\u0131\u011f\u0131 a\u00e7\u0131klamalarla hayranlar\u0131n\u0131 bilgilendiren sanat\u00e7\u0131, sa\u011fl\u0131k durumunun giderek iyiye gitti\u011fini ve sahnelere geri d\u00f6nd\u00fc\u011f\u00fcn\u00fc duyurdu.<\/p>\n<p><img loading=\"lazy\" decoding=\"async\" class=\"alignnone wp-image-185181\" src=\"https:\/\/www.tgrthaber.com\/mavikadin\/wp-content\/uploads\/haber-gorselleri-fotoshop-2025-05-30T180624.322-1024x576.jpg\" alt=\"11 kez burun ameliyat\u0131 olan Murat Dalk\u0131l\u0131\u00e7 arkada\u015f\u0131 \u015eimal\u2019in cenazesinde g\u00f6r\u00fcnt\u00fclendi!\" width=\"1208\" height=\"680\" title=\"\" srcset=\"https:\/\/www.tgrthaber.com\/mavikadin\/wp-content\/uploads\/haber-gorselleri-fotoshop-2025-05-30T180624.322-1024x576.jpg 1024w, https:\/\/www.tgrthaber.com\/mavikadin\/wp-content\/uploads\/haber-gorselleri-fotoshop-2025-05-30T180624.322-300x169.jpg 300w, https:\/\/www.tgrthaber.com\/mavikadin\/wp-content\/uploads\/haber-gorselleri-fotoshop-2025-05-30T180624.322-768x432.jpg 768w, https:\/\/www.tgrthaber.com\/mavikadin\/wp-content\/uploads\/haber-gorselleri-fotoshop-2025-05-30T180624.322-1536x864.jpg 1536w, https:\/\/www.tgrthaber.com\/mavikadin\/wp-content\/uploads\/haber-gorselleri-fotoshop-2025-05-30T180624.322.jpg 1600w\" sizes=\"(max-width: 1208px) 100vw, 1208px\" \/><\/p>\n<hr \/>\n<p>Ancak Dalk\u0131l\u0131\u00e7, sa\u011fl\u0131k sorunlar\u0131n\u0131 geride b\u0131rakmaya \u00e7al\u0131\u015f\u0131rken bu kez manevi bir kay\u0131pla sars\u0131ld\u0131. Uzun y\u0131llard\u0131r yak\u0131n dostu olan ve m\u00fczik d\u00fcnyas\u0131nda da birlikte vakit ge\u00e7irdi\u011fi sanat\u00e7\u0131 \u015eimal\u2019in vefat haberi, onu derinden etkiledi. Cenaze t\u00f6renine burnundaki band\u0131 ile gelen Dalk\u0131l\u0131\u00e7, dikkatleri \u00fczerine \u00e7ekti.<\/p>\n<h3><img loading=\"lazy\" decoding=\"async\" class=\"alignnone wp-image-185180\" src=\"https:\/\/www.tgrthaber.com\/mavikadin\/wp-content\/uploads\/haber-gorselleri-fotoshop-2025-05-30T180718.847-1024x576.jpg\" alt=\"11 kez burun ameliyat\u0131 olan Murat Dalk\u0131l\u0131\u00e7 arkada\u015f\u0131 \u015eimal\u2019in cenazesinde g\u00f6r\u00fcnt\u00fclendi!\" width=\"1208\" height=\"680\" title=\"\" srcset=\"https:\/\/www.tgrthaber.com\/mavikadin\/wp-content\/uploads\/haber-gorselleri-fotoshop-2025-05-30T180718.847-1024x576.jpg 1024w, https:\/\/www.tgrthaber.com\/mavikadin\/wp-content\/uploads\/haber-gorselleri-fotoshop-2025-05-30T180718.847-300x169.jpg 300w, https:\/\/www.tgrthaber.com\/mavikadin\/wp-content\/uploads\/haber-gorselleri-fotoshop-2025-05-30T180718.847-768x432.jpg 768w, https:\/\/www.tgrthaber.com\/mavikadin\/wp-content\/uploads\/haber-gorselleri-fotoshop-2025-05-30T180718.847-1536x864.jpg 1536w, https:\/\/www.tgrthaber.com\/mavikadin\/wp-content\/uploads\/haber-gorselleri-fotoshop-2025-05-30T180718.847.jpg 1600w\" sizes=\"(max-width: 1208px) 100vw, 1208px\" \/><\/h3>\n<hr \/>\n<h3>SANAT CAM\u0130ASININ ACI KAYBI!<\/h3>\n<p>M\u00fczik d\u00fcnyas\u0131n\u0131n sevilen isimlerinden \u015eimal, y\u0131llard\u0131r s\u00fcrd\u00fcrd\u00fc\u011f\u00fc kanser m\u00fccadelesini kaybederek 39 ya\u015f\u0131nda hayat\u0131n\u0131 kaybetti. Daha \u00f6nce kanserini atlatan sanat\u00e7\u0131n\u0131n hastal\u0131\u011f\u0131 2024\u2019te beynine metastaz yapt\u0131. Uzun s\u00fcredir tedavi g\u00f6ren \u015eimal, 4 May\u0131s\u2019ta yeniden fenala\u015farak hastaneye kald\u0131r\u0131ld\u0131 ancak ge\u00e7ti\u011fimiz dakikalarda \u00fcnl\u00fc ismin hayat\u0131n\u0131 kaybetti\u011fi \u00f6\u011frenildi.<\/p>\n<p><img loading=\"lazy\" decoding=\"async\" class=\"alignnone wp-image-185182\" src=\"https:\/\/www.tgrthaber.com\/mavikadin\/wp-content\/uploads\/haber-gorselleri-fotoshop-2025-05-30T180610.885-1024x576.jpg\" alt=\"11 kez burun ameliyat\u0131 olan Murat Dalk\u0131l\u0131\u00e7 arkada\u015f\u0131 \u015eimal\u2019in cenazesinde g\u00f6r\u00fcnt\u00fclendi!\" width=\"1208\" height=\"680\" title=\"\" srcset=\"https:\/\/www.tgrthaber.com\/mavikadin\/wp-content\/uploads\/haber-gorselleri-fotoshop-2025-05-30T180610.885-1024x576.jpg 1024w, https:\/\/www.tgrthaber.com\/mavikadin\/wp-content\/uploads\/haber-gorselleri-fotoshop-2025-05-30T180610.885-300x169.jpg 300w, https:\/\/www.tgrthaber.com\/mavikadin\/wp-content\/uploads\/haber-gorselleri-fotoshop-2025-05-30T180610.885-768x432.jpg 768w, https:\/\/www.tgrthaber.com\/mavikadin\/wp-content\/uploads\/haber-gorselleri-fotoshop-2025-05-30T180610.885-1536x864.jpg 1536w, https:\/\/www.tgrthaber.com\/mavikadin\/wp-content\/uploads\/haber-gorselleri-fotoshop-2025-05-30T180610.885.jpg 1600w\" sizes=\"(max-width: 1208px) 100vw, 1208px\" \/><\/p>\n<hr \/>\n<p>Gen\u00e7 ya\u015fta hayata veda eden \u015eimal\u2019in cenaze t\u00f6reni ge\u00e7ti\u011fimiz saatlerde \u0130stanbul\u2019da d\u00fczenlendi. T\u00f6rende \u00fczg\u00fcn oldu\u011fu g\u00f6r\u00fclen Murat Dalk\u0131l\u0131\u00e7, cenaze alan\u0131nda objektiflere yans\u0131d\u0131. Cenazeye sanat camias\u0131ndan bir\u00e7ok isim kat\u0131l\u0131rken, Murat Dalk\u0131l\u0131\u00e7\u2019\u0131n bitkin ve \u00fczg\u00fcn hali sosyal medyada da g\u00fcndem oldu.<\/p>\n","protected":false},"excerpt":{"rendered":"<p>11 kez burun ameliyat\u0131 ge\u00e7iren pop m\u00fczi\u011fin sevilen ismi Murat Dalk\u0131l\u0131\u00e7, bu kez yak\u0131n dostu \u015eimal\u2019in cenazesinde g\u00f6r\u00fcnt\u00fclendi. \u0130\u015fte detaylar\u2026<\/p>\n","protected":false},"author":34,"featured_media":185179,"comment_status":"closed","ping_status":"closed","sticky":false,"template":"","format":"standard","meta":{"rank_math_lock_modified_date":false,"footnotes":""},"categories":[76],"tags":[133,2218,11340,21724,23284],"class_list":["post-185175","post","type-post","status-publish","format-standard","has-post-thumbnail","hentry","category-magazin","tag-magazin","tag-magazin-haberleri","tag-murat-dalkilic","tag-murat-dalkilic-11-ameliyat","tag-sarkici-simal-oldu"],"_links":{"self":[{"href":"https:\/\/www.tgrthaber.com\/mavikadin\/wp-json\/wp\/v2\/posts\/185175"}],"collection":[{"href":"https:\/\/www.tgrthaber.com\/mavikadin\/wp-json\/wp\/v2\/posts"}],"about":[{"href":"https:\/\/www.tgrthaber.com\/mavikadin\/wp-json\/wp\/v2\/types\/post"}],"author":[{"embeddable":true,"href":"https:\/\/www.tgrthaber.com\/mavikadin\/wp-json\/wp\/v2\/users\/34"}],"replies":[{"embeddable":true,"href":"https:\/\/www.tgrthaber.com\/mavikadin\/wp-json\/wp\/v2\/comments?post=185175"}],"version-history":[{"count":1,"href":"https:\/\/www.tgrthaber.com\/mavikadin\/wp-json\/wp\/v2\/posts\/185175\/revisions"}],"predecessor-version":[{"id":185184,"href":"https:\/\/www.tgrthaber.com\/mavikadin\/wp-json\/wp\/v2\/posts\/185175\/revisions\/185184"}],"wp:featuredmedia":[{"embeddable":true,"href":"https:\/\/www.tgrthaber.com\/mavikadin\/wp-json\/wp\/v2\/media\/185179"}],"wp:attachment":[{"href":"https:\/\/www.tgrthaber.com\/mavikadin\/wp-json\/wp\/v2\/media?parent=185175"}],"wp:term":[{"taxonomy":"category","embeddable":true,"href":"https:\/\/www.tgrthaber.com\/mavikadin\/wp-json\/wp\/v2\/categories?post=185175"},{"taxonomy":"post_tag","embeddable":true,"href":"https:\/\/www.tgrthaber.com\/mavikadin\/wp-json\/wp\/v2\/tags?post=185175"}],"curies":[{"name":"wp","href":"https:\/\/api.w.org\/{rel}","templated":true}]}}