{"id":185187,"date":"2025-05-30T18:45:10","date_gmt":"2025-05-30T15:45:10","guid":{"rendered":"https:\/\/www.tgrthaber.com\/mavikadin\/?p=185187"},"modified":"2025-05-30T18:45:11","modified_gmt":"2025-05-30T15:45:11","slug":"duygu-dianzenza-efecan-dianzenza-ile-resmi-olarak-ayrildiklarini-acikladi","status":"publish","type":"post","link":"https:\/\/www.tgrthaber.com\/mavikadin\/duygu-dianzenza-efecan-dianzenza-ile-resmi-olarak-ayrildiklarini-acikladi\/","title":{"rendered":"Duygu Dianzenza Efecan Dianzenza ile resmi olarak ayr\u0131ld\u0131klar\u0131n\u0131 a\u00e7\u0131klad\u0131!"},"content":{"rendered":"<p>Survivor 2025 kadrosu yar\u0131\u015fmac\u0131lar\u0131ndan Efecan Dianzenza ve Ya\u011fmur Banda\u2019n\u0131n yasak a\u015fk ya\u015fad\u0131\u011f\u0131 iddia edilmi\u015fti. Son g\u00fcnlerde magazin d\u00fcnyas\u0131n\u0131n g\u00fcndemine bomba gibi oturan bu olay sonras\u0131nda Efecan Dianzenza\u2019n\u0131n e\u015fi Duygu Dianzenza bir payla\u015f\u0131mda bulunmu\u015ftu. Di\u011fer yandan konun muhatab\u0131 Ya\u011fmur Banda\u2019da sosyal medya hesab\u0131ndan bir payla\u015f\u0131m yapm\u0131\u015ft\u0131. Olay\u0131n iyice gerilmesinin ard\u0131ndan Duygu Dianzenza\u2019dan yeni bir payla\u015f\u0131m geldi. Duygu Dianzenza sosyal medya hesab\u0131ndan yapt\u0131\u011f\u0131 payla\u015f\u0131mla Efecan Dianzenza ile resmi olarak ayr\u0131ld\u0131klar\u0131n\u0131 a\u00e7\u0131klad\u0131. \u0130\u015fte Duygu Dianzenza\u2019n\u0131n yapt\u0131\u011f\u0131 a\u00e7\u0131klama\u2026<\/p>\n<h3>DUYGU D\u0130ANZENZA VE EFECAN D\u0130ANZENZA ARASINDA NELER OLDU?<\/h3>\n<p>Survivor 2025 yar\u0131\u015fmas\u0131na damga vuran isimler aras\u0131nda yer alan Efecan Dianzenza ve Ya\u011fmur Banda\u2019n\u0131n yar\u0131\u015fmada bulunduklar\u0131 d\u00f6nem yasak a\u015fk ya\u015fad\u0131klar\u0131 iddia edildi. Sosyal medyan\u0131n g\u00fcndemine bomba gibi oturan bu olay k\u0131sa s\u00fcrede yo\u011fun ilgi g\u00f6rd\u00fc. Evli ve bir k\u0131z \u00e7ocu\u011fu olan Efecan Dianzenza ortaya at\u0131lan iddialar kar\u015f\u0131s\u0131nda sessizli\u011fini korumay\u0131 tercih etti.<\/p>\n<p><img loading=\"lazy\" decoding=\"async\" class=\"alignnone wp-image-185190\" src=\"https:\/\/www.tgrthaber.com\/mavikadin\/wp-content\/uploads\/Duygu-Dienzenza-5-1024x576.jpg\" alt=\"Duygu Dianzenza Efecan Dianzenza ile resmi olarak ayr\u0131ld\u0131klar\u0131n\u0131 a\u00e7\u0131klad\u0131!\" width=\"1208\" height=\"680\" title=\"\" srcset=\"https:\/\/www.tgrthaber.com\/mavikadin\/wp-content\/uploads\/Duygu-Dienzenza-5-1024x576.jpg 1024w, https:\/\/www.tgrthaber.com\/mavikadin\/wp-content\/uploads\/Duygu-Dienzenza-5-300x169.jpg 300w, https:\/\/www.tgrthaber.com\/mavikadin\/wp-content\/uploads\/Duygu-Dienzenza-5-768x432.jpg 768w, https:\/\/www.tgrthaber.com\/mavikadin\/wp-content\/uploads\/Duygu-Dienzenza-5-1536x864.jpg 1536w, https:\/\/www.tgrthaber.com\/mavikadin\/wp-content\/uploads\/Duygu-Dienzenza-5.jpg 1600w\" sizes=\"(max-width: 1208px) 100vw, 1208px\" \/><\/p>\n<hr \/>\n<p>Di\u011fer yandan Duygu Dianzenza, e\u015fi Efecan Dianzenza ile olan foto\u011fraflar\u0131n\u0131 kald\u0131rd\u0131 ve takipten \u00e7\u0131kt\u0131. Sonras\u0131nda bir payla\u015f\u0131mda bulunan Duygu Dianzenza, yasak a\u015fk iddialar\u0131n\u0131 g\u00fc\u00e7lendirdi. Konun muhatab\u0131 Ya\u011fmur Banda ise spsyal medya hesab\u0131ndan yapt\u0131\u011f\u0131 a\u00e7\u0131klamayla g\u00fcndeme oturdu.<\/p>\n<p><img loading=\"lazy\" decoding=\"async\" class=\"alignnone wp-image-185189\" src=\"https:\/\/www.tgrthaber.com\/mavikadin\/wp-content\/uploads\/Duygu-Dienzenza-6-1024x576.jpg\" alt=\"Duygu Dianzenza Efecan Dianzenza ile resmi olarak ayr\u0131ld\u0131klar\u0131n\u0131 a\u00e7\u0131klad\u0131!\" width=\"1208\" height=\"680\" title=\"\" srcset=\"https:\/\/www.tgrthaber.com\/mavikadin\/wp-content\/uploads\/Duygu-Dienzenza-6-1024x576.jpg 1024w, https:\/\/www.tgrthaber.com\/mavikadin\/wp-content\/uploads\/Duygu-Dienzenza-6-300x169.jpg 300w, https:\/\/www.tgrthaber.com\/mavikadin\/wp-content\/uploads\/Duygu-Dienzenza-6-768x432.jpg 768w, https:\/\/www.tgrthaber.com\/mavikadin\/wp-content\/uploads\/Duygu-Dienzenza-6-1536x864.jpg 1536w, https:\/\/www.tgrthaber.com\/mavikadin\/wp-content\/uploads\/Duygu-Dienzenza-6.jpg 1600w\" sizes=\"(max-width: 1208px) 100vw, 1208px\" \/><\/p>\n<hr \/>\n<p>Duygu Dianzenza, e\u015fi Efecan Dianzenza\u2019n\u0131n Ya\u011fmur Banda ile ad\u0131n\u0131n an\u0131lmas\u0131n\u0131n ard\u0131ndan sosyal medya hesab\u0131ndan yapt\u0131\u011f\u0131 a\u00e7\u0131klama kafalar\u0131 kar\u0131\u015ft\u0131rd\u0131. Duygu Dianzenza a\u00e7\u0131klamas\u0131nda; \u201cKonunun muhatab\u0131 ben de\u011filim. Bana l\u00fctfen dm, yorum atmay\u0131n bu konu \u00f6zelinde. Benim bir k\u0131z\u0131m var ve nen konu\u015fmayaca\u011f\u0131m. Konunun muhataplar\u0131 kimse onlara yaz\u0131n. Beni ve k\u0131z\u0131m\u0131 d\u0131\u015f\u0131nda tutun olay\u0131n.\u201d ifadelerine yer vermi\u015fti.<\/p>\n<p><img loading=\"lazy\" decoding=\"async\" class=\"alignnone wp-image-185192\" src=\"https:\/\/www.tgrthaber.com\/mavikadin\/wp-content\/uploads\/Duygu-Dienzenza-2-1-1024x576.jpg\" alt=\"Duygu Dianzenza Efecan Dianzenza ile resmi olarak ayr\u0131ld\u0131klar\u0131n\u0131 a\u00e7\u0131klad\u0131!\" width=\"1208\" height=\"680\" title=\"\" srcset=\"https:\/\/www.tgrthaber.com\/mavikadin\/wp-content\/uploads\/Duygu-Dienzenza-2-1-1024x576.jpg 1024w, https:\/\/www.tgrthaber.com\/mavikadin\/wp-content\/uploads\/Duygu-Dienzenza-2-1-300x169.jpg 300w, https:\/\/www.tgrthaber.com\/mavikadin\/wp-content\/uploads\/Duygu-Dienzenza-2-1-768x432.jpg 768w, https:\/\/www.tgrthaber.com\/mavikadin\/wp-content\/uploads\/Duygu-Dienzenza-2-1-1536x864.jpg 1536w, https:\/\/www.tgrthaber.com\/mavikadin\/wp-content\/uploads\/Duygu-Dienzenza-2-1.jpg 1600w\" sizes=\"(max-width: 1208px) 100vw, 1208px\" \/><\/p>\n<hr \/>\n<h3>YA\u011eMUR BANDA\u2019DAN A\u00c7IKLAMA GELM\u0130\u015eT\u0130!<\/h3>\n<p>Ad\u0131 Efecan Dianzenza ile an\u0131lan Ya\u011fmur Banda, hakk\u0131nda \u00e7\u0131kan a\u015fk dedikodular\u0131 kar\u015f\u0131s\u0131nda sosyal medya hesab\u0131ndan bir payla\u015f\u0131mda bulunmu\u015ftu. Banda a\u00e7\u0131klamas\u0131nda \u015fu ifadelere yer vermi\u015fti:<\/p>\n<p><img loading=\"lazy\" decoding=\"async\" class=\"alignnone wp-image-185191\" src=\"https:\/\/www.tgrthaber.com\/mavikadin\/wp-content\/uploads\/Duygu-Dienzenza-11-1024x576.jpg\" alt=\"Duygu Dianzenza Efecan Dianzenza ile resmi olarak ayr\u0131ld\u0131klar\u0131n\u0131 a\u00e7\u0131klad\u0131!\" width=\"1208\" height=\"680\" title=\"\" srcset=\"https:\/\/www.tgrthaber.com\/mavikadin\/wp-content\/uploads\/Duygu-Dienzenza-11-1024x576.jpg 1024w, https:\/\/www.tgrthaber.com\/mavikadin\/wp-content\/uploads\/Duygu-Dienzenza-11-300x169.jpg 300w, https:\/\/www.tgrthaber.com\/mavikadin\/wp-content\/uploads\/Duygu-Dienzenza-11-768x432.jpg 768w, https:\/\/www.tgrthaber.com\/mavikadin\/wp-content\/uploads\/Duygu-Dienzenza-11-1536x864.jpg 1536w, https:\/\/www.tgrthaber.com\/mavikadin\/wp-content\/uploads\/Duygu-Dienzenza-11.jpg 1600w\" sizes=\"(max-width: 1208px) 100vw, 1208px\" \/><\/p>\n<hr \/>\n<p>\u201cHakk\u0131mda ortaya at\u0131lan iddialar as\u0131ls\u0131z ve maksatl\u0131d\u0131r. Hayat\u0131m \u00fczerinden g\u00fcndem olu\u015fturulmas\u0131n\u0131 kabul etmiyorum. Kimin ne d\u00fc\u015f\u00fcnd\u00fc\u011f\u00fc, ne s\u00f6yledi\u011fi ile ilgilenmiyordum olaylar bu dereceye gelene kadar. Bu nedenle t\u00fcm k\u00f6t\u00fc yaz\u0131lanlar\u0131, haks\u0131z yorumlar\u0131 ve ithamlar\u0131 \u015fiddetle reddediyorum&#8230;\u201d<\/p>\n<p>Ya\u011fmur Banda\u2019n\u0131n bu a\u00e7\u0131klamalar\u0131 dikkat \u00e7ekerken, di\u011fer yandan Efecan Dianzenza ile ge\u00e7ti\u011fimiz g\u00fcnlerde \u0130zmir\u2019de g\u00f6r\u00fcnt\u00fclendikleri de iddia edildi. Efecan Dianzenza ve Ya\u011fmur Banda oldu\u011fu iddia edilen g\u00f6r\u00fcnt\u00fcler sosyal medyay\u0131 sallad\u0131.<\/p>\n<p><img loading=\"lazy\" decoding=\"async\" class=\"alignnone wp-image-185193\" src=\"https:\/\/www.tgrthaber.com\/mavikadin\/wp-content\/uploads\/Duygu-Dienzenza-8-1024x576.jpg\" alt=\"Duygu Dianzenza Efecan Dianzenza ile resmi olarak ayr\u0131ld\u0131klar\u0131n\u0131 a\u00e7\u0131klad\u0131!\" width=\"1208\" height=\"680\" title=\"\" srcset=\"https:\/\/www.tgrthaber.com\/mavikadin\/wp-content\/uploads\/Duygu-Dienzenza-8-1024x576.jpg 1024w, https:\/\/www.tgrthaber.com\/mavikadin\/wp-content\/uploads\/Duygu-Dienzenza-8-300x169.jpg 300w, https:\/\/www.tgrthaber.com\/mavikadin\/wp-content\/uploads\/Duygu-Dienzenza-8-768x432.jpg 768w, https:\/\/www.tgrthaber.com\/mavikadin\/wp-content\/uploads\/Duygu-Dienzenza-8-1536x864.jpg 1536w, https:\/\/www.tgrthaber.com\/mavikadin\/wp-content\/uploads\/Duygu-Dienzenza-8.jpg 1600w\" sizes=\"(max-width: 1208px) 100vw, 1208px\" \/><\/p>\n<hr \/>\n<h3>DUYGU D\u0130ANZENZA EFECAN D\u0130ANZENZA \u0130LE RESM\u0130 OLARAK AYRILDIKLARINI A\u00c7IKLADI!<\/h3>\n<p>Efecan Dianzenza ve Duygu Dianzenza 2017 y\u0131l\u0131nda nikah masas\u0131na oturmu\u015ftu. \u00c7iftin bu evliliklerinden 14 Kas\u0131m 2020 tarihinde \u2018Anka\u2019 ad\u0131nda bir k\u0131zlar\u0131 d\u00fcnyaya gelmi\u015fti. Uzun bir s\u00fcredir mutlu evliliklerini devam ettiren \u00e7ift, Efecan Dianzenza\u2019n\u0131n ad\u0131n\u0131n Ya\u011fmur Banda ile an\u0131lmas\u0131yla b\u00fcy\u00fck bir sars\u0131nt\u0131 ya\u015fad\u0131. Efecan Dianzenza\u2019n\u0131n hakk\u0131nda ortaya at\u0131lan iddialar kar\u015f\u0131s\u0131nda sessiz kalmas\u0131 dikkat \u00e7ekerken, Duygu Dianzenza\u2019dan \u015fa\u015f\u0131rtan hamle geldi.<\/p>\n<p><img loading=\"lazy\" decoding=\"async\" class=\"alignnone wp-image-185194\" src=\"https:\/\/www.tgrthaber.com\/mavikadin\/wp-content\/uploads\/Duygu-Dienzenza-7-1024x576.jpg\" alt=\"Duygu Dianzenza Efecan Dianzenza ile resmi olarak ayr\u0131ld\u0131klar\u0131n\u0131 a\u00e7\u0131klad\u0131!\" width=\"1208\" height=\"680\" title=\"\" srcset=\"https:\/\/www.tgrthaber.com\/mavikadin\/wp-content\/uploads\/Duygu-Dienzenza-7-1024x576.jpg 1024w, https:\/\/www.tgrthaber.com\/mavikadin\/wp-content\/uploads\/Duygu-Dienzenza-7-300x169.jpg 300w, https:\/\/www.tgrthaber.com\/mavikadin\/wp-content\/uploads\/Duygu-Dienzenza-7-768x432.jpg 768w, https:\/\/www.tgrthaber.com\/mavikadin\/wp-content\/uploads\/Duygu-Dienzenza-7-1536x864.jpg 1536w, https:\/\/www.tgrthaber.com\/mavikadin\/wp-content\/uploads\/Duygu-Dienzenza-7.jpg 1600w\" sizes=\"(max-width: 1208px) 100vw, 1208px\" \/><\/p>\n<hr \/>\n<p>\u00c7\u0131kan dedikodular\u0131n ard\u0131ndan Efecan Dianzenza\u2019n\u0131n e\u015fi Duygu Dianzenza sosyal medya hesab\u0131ndan yapt\u0131\u011f\u0131 payla\u015f\u0131mla Efecan Dianzenza ile resmi olarak ayr\u0131ld\u0131klar\u0131n\u0131 a\u00e7\u0131klad\u0131. Duygu Dianzenza, payla\u015f\u0131m\u0131nda; \u201cEfecan Dianzenza ile 16 y\u0131ll\u0131k ili\u015fkimiz, 8 y\u0131ll\u0131k evlili\u011fimizi bug\u00fcn resmi \u015fekilde sonland\u0131rd\u0131k. Tekrar ve son kez belirtmek isterim ki bir k\u0131z\u0131m oldu\u011fu i\u00e7in, konu\u015fmak istemiyorum. Desteklerinize minnettar\u0131m.\u201d ifadelerine yer verdi.<\/p>\n<p><img loading=\"lazy\" decoding=\"async\" class=\"alignnone wp-image-185195\" src=\"https:\/\/www.tgrthaber.com\/mavikadin\/wp-content\/uploads\/Duygu-Dienzenza-1024x576.jpg\" alt=\"Duygu Dianzenza Efecan Dianzenza ile resmi olarak ayr\u0131ld\u0131klar\u0131n\u0131 a\u00e7\u0131klad\u0131!\" width=\"1208\" height=\"680\" title=\"\" srcset=\"https:\/\/www.tgrthaber.com\/mavikadin\/wp-content\/uploads\/Duygu-Dienzenza-1024x576.jpg 1024w, https:\/\/www.tgrthaber.com\/mavikadin\/wp-content\/uploads\/Duygu-Dienzenza-300x169.jpg 300w, https:\/\/www.tgrthaber.com\/mavikadin\/wp-content\/uploads\/Duygu-Dienzenza-768x432.jpg 768w, https:\/\/www.tgrthaber.com\/mavikadin\/wp-content\/uploads\/Duygu-Dienzenza-1536x864.jpg 1536w, https:\/\/www.tgrthaber.com\/mavikadin\/wp-content\/uploads\/Duygu-Dienzenza.jpg 1600w\" sizes=\"(max-width: 1208px) 100vw, 1208px\" \/><\/p>\n","protected":false},"excerpt":{"rendered":"<p>Son g\u00fcnlerde Survivor 2025 yar\u0131\u015fmac\u0131lar\u0131ndan Efecan Dianzenza ve Ya\u011fmur Banda aras\u0131nda yasak a\u015fk ya\u015fand\u0131\u011f\u0131 iddia edilmi\u015fti. \u00c7\u0131kan dedikodular\u0131n ard\u0131ndan Efecan Dianzenza\u2019n\u0131n e\u015fi Duygu Dianzenza bir payla\u015f\u0131mda bulunmu\u015ftu. Duygu Dianzenza sosyal medya hesab\u0131ndan yapt\u0131\u011f\u0131 payla\u015f\u0131mla Efecan Dianzenza ile resmi olarak ayr\u0131ld\u0131klar\u0131n\u0131 a\u00e7\u0131klad\u0131. \u0130\u015fte detaylar\u2026<\/p>\n","protected":false},"author":26,"featured_media":185188,"comment_status":"closed","ping_status":"closed","sticky":false,"template":"","format":"standard","meta":{"rank_math_lock_modified_date":false,"footnotes":""},"categories":[76],"tags":[23328,7078,133,2218,13600],"class_list":["post-185187","post","type-post","status-publish","format-standard","has-post-thumbnail","hentry","category-magazin","tag-duygu-dianzenza","tag-efecan-dianzenza","tag-magazin","tag-magazin-haberleri","tag-yagmur-banda"],"_links":{"self":[{"href":"https:\/\/www.tgrthaber.com\/mavikadin\/wp-json\/wp\/v2\/posts\/185187"}],"collection":[{"href":"https:\/\/www.tgrthaber.com\/mavikadin\/wp-json\/wp\/v2\/posts"}],"about":[{"href":"https:\/\/www.tgrthaber.com\/mavikadin\/wp-json\/wp\/v2\/types\/post"}],"author":[{"embeddable":true,"href":"https:\/\/www.tgrthaber.com\/mavikadin\/wp-json\/wp\/v2\/users\/26"}],"replies":[{"embeddable":true,"href":"https:\/\/www.tgrthaber.com\/mavikadin\/wp-json\/wp\/v2\/comments?post=185187"}],"version-history":[{"count":2,"href":"https:\/\/www.tgrthaber.com\/mavikadin\/wp-json\/wp\/v2\/posts\/185187\/revisions"}],"predecessor-version":[{"id":185197,"href":"https:\/\/www.tgrthaber.com\/mavikadin\/wp-json\/wp\/v2\/posts\/185187\/revisions\/185197"}],"wp:featuredmedia":[{"embeddable":true,"href":"https:\/\/www.tgrthaber.com\/mavikadin\/wp-json\/wp\/v2\/media\/185188"}],"wp:attachment":[{"href":"https:\/\/www.tgrthaber.com\/mavikadin\/wp-json\/wp\/v2\/media?parent=185187"}],"wp:term":[{"taxonomy":"category","embeddable":true,"href":"https:\/\/www.tgrthaber.com\/mavikadin\/wp-json\/wp\/v2\/categories?post=185187"},{"taxonomy":"post_tag","embeddable":true,"href":"https:\/\/www.tgrthaber.com\/mavikadin\/wp-json\/wp\/v2\/tags?post=185187"}],"curies":[{"name":"wp","href":"https:\/\/api.w.org\/{rel}","templated":true}]}}