{"id":185199,"date":"2025-05-30T19:25:34","date_gmt":"2025-05-30T16:25:34","guid":{"rendered":"https:\/\/www.tgrthaber.com\/mavikadin\/?p=185199"},"modified":"2025-05-30T19:35:32","modified_gmt":"2025-05-30T16:35:32","slug":"danla-bilic-ile-el-ele-goruntulenmisti-blok3ten-ask-iddialarina-dosthane-paylasimi","status":"publish","type":"post","link":"https:\/\/www.tgrthaber.com\/mavikadin\/danla-bilic-ile-el-ele-goruntulenmisti-blok3ten-ask-iddialarina-dosthane-paylasimi\/","title":{"rendered":"Danla Bilic ile Blok3 el ele g\u00f6r\u00fcnt\u00fclenmi\u015fti! A\u015fk iddialar\u0131na dosthane payla\u015f\u0131m\u0131 gecikmedi"},"content":{"rendered":"<p>Blok3, Danla Bilic ile ilgili ortaya at\u0131lan a\u015fk dedikodular\u0131na kendi sosyal medya hesab\u0131ndan net bir a\u00e7\u0131klamayla kar\u015f\u0131l\u0131k verdi. Ad\u0131 son g\u00fcnlerde, Danla Bilic\u2019le el ele g\u00f6r\u00fcnt\u00fclendi\u011fi lansman gecesiyle birlikte an\u0131lmaya ba\u015flayan rap\u00e7i, hakk\u0131nda yaz\u0131l\u0131p \u00e7izilenlere kay\u0131ts\u0131z kalmad\u0131. \u201cDosthane bir an\u0131yd\u0131\u201d s\u00f6zleriyle olaylara a\u00e7\u0131kl\u0131k getiren Blok3, yanl\u0131\u015f anla\u015f\u0131lan g\u00f6r\u00fcnt\u00fcler \u00fczerinden yap\u0131lan yorumlara da tepki g\u00f6sterdi. Gecede \u00e7ekilen video k\u0131sa s\u00fcrede sosyal medyada dola\u015f\u0131ma girmi\u015f ve ikilinin yak\u0131nla\u015fmas\u0131 b\u00fcy\u00fck merak uyand\u0131rm\u0131\u015ft\u0131. \u0130\u015fte detaylar&#8230;<\/p>\n<h3>DANLA B\u0130L\u0130C \u0130LE EL ELE G\u00d6R\u00dcNT\u00dcLENM\u0130\u015eLERD\u0130<\/h3>\n<p>Blok3\u2019\u00fcn \u201cMosmor Perde\u201d isimli yeni \u015fark\u0131s\u0131n\u0131n lansman gecesi, sosyal medyada olay olan g\u00f6r\u00fcnt\u00fcler h\u0131zla yay\u0131ld\u0131. Geceye kat\u0131lan isimlerden biri de Danla Bilic\u2019ti. Kutlama s\u0131ras\u0131nda Blok3 ile m\u00fczik e\u015fli\u011finde dans eden ikili, bir anda el ele g\u00f6r\u00fcnt\u00fclendi.<\/p>\n<p><img loading=\"lazy\" decoding=\"async\" class=\"alignnone wp-image-185201\" src=\"https:\/\/www.tgrthaber.com\/mavikadin\/wp-content\/uploads\/Danla-Bilic-ile-Blok3-el-ele-goruntulendi.jpeg\" alt=\"\" width=\"1208\" height=\"676\" title=\"\"><\/p>\n<hr \/>\n<p>O anlar\u0131n kayda al\u0131n\u0131p payla\u015f\u0131lmas\u0131yla birlikte sosyal medyada \u201cyeni bir a\u015fk m\u0131 ba\u015fl\u0131yor?\u201d sorular\u0131 g\u00fcndeme geldi. El ele dans ettikleri anlar \u00f6zellikle yak\u0131n plan \u00e7ekimlerde dikkat \u00e7ekerken, videonun k\u0131sa s\u00fcrede binlerce kez izlenmesi \u00fczerine ikili hakk\u0131nda pe\u015f pe\u015fe yorumlar yap\u0131lmaya ba\u015fland\u0131. G\u00f6r\u00fcnt\u00fcler yay\u0131lmas\u0131 sonras\u0131 ise, bir\u00e7ok ki\u015fi ikilinin ili\u015fkisini konu\u015fur hale geldi.<\/p>\n<p><img loading=\"lazy\" decoding=\"async\" class=\"alignnone wp-image-185202\" src=\"https:\/\/www.tgrthaber.com\/mavikadin\/wp-content\/uploads\/Adsiz-tasarim-11-17-300x169.png\" alt=\"\" width=\"1208\" height=\"680\" title=\"\" srcset=\"https:\/\/www.tgrthaber.com\/mavikadin\/wp-content\/uploads\/Adsiz-tasarim-11-17-300x169.png 300w, https:\/\/www.tgrthaber.com\/mavikadin\/wp-content\/uploads\/Adsiz-tasarim-11-17-1024x576.png 1024w, https:\/\/www.tgrthaber.com\/mavikadin\/wp-content\/uploads\/Adsiz-tasarim-11-17-768x432.png 768w, https:\/\/www.tgrthaber.com\/mavikadin\/wp-content\/uploads\/Adsiz-tasarim-11-17-1536x864.png 1536w, https:\/\/www.tgrthaber.com\/mavikadin\/wp-content\/uploads\/Adsiz-tasarim-11-17.png 1920w\" sizes=\"(max-width: 1208px) 100vw, 1208px\" \/><\/p>\n<hr \/>\n<h3>BLOK3\u2019TEN A\u015eK \u0130DD\u0130ALARINA DOSTHANE A\u00c7IKLAMA GELD\u0130<\/h3>\n<p>Lansman gecesinde Danla Bilic\u2019le birlikte dans ederken el ele g\u00f6r\u00fcnt\u00fclenen Blok3, sosyal medyada h\u0131zla yay\u0131lan a\u015fk s\u00f6ylentilerine sonunda cevap verdi. Kendi hesab\u0131ndan yapt\u0131\u011f\u0131 a\u00e7\u0131klamada olaylara esprili ama net bir \u015fekilde yakla\u015fan rap\u00e7i, \u201cSabah bir uyand\u0131m, ortal\u0131k 56 olmu\u015f. Herkesle dans ettim, Danla\u2019yla da\u2026 Ama insanlar hemen bir anlam y\u00fcklemeye \u00e7al\u0131\u015f\u0131yor\u201d s\u00f6zleriyle g\u00fcndeme gelen karelerin yanl\u0131\u015f yorumland\u0131\u011f\u0131n\u0131 ifade etti.<\/p>\n<p><img loading=\"lazy\" decoding=\"async\" class=\"alignnone wp-image-185204\" src=\"https:\/\/www.tgrthaber.com\/mavikadin\/wp-content\/uploads\/blok-3-300x169.webp\" alt=\"\" width=\"1208\" height=\"680\" title=\"\" srcset=\"https:\/\/www.tgrthaber.com\/mavikadin\/wp-content\/uploads\/blok-3-300x169.webp 300w, https:\/\/www.tgrthaber.com\/mavikadin\/wp-content\/uploads\/blok-3.webp 480w\" sizes=\"(max-width: 1208px) 100vw, 1208px\" \/><\/p>\n<hr \/>\n<p>\u015eampanya a\u00e7maya \u00e7al\u0131\u015f\u0131rken ellerinin al\u00e7akta denk geldi\u011fini belirten Blok3, \u201cSadece normal bir dans an\u0131yd\u0131, sevgili olduk diye yaz\u0131yorlar. Kafay\u0131 yicem!\u201d diyerek \u00e7\u0131kan haberlere sitem etti. Sosyal medyada binlerce yorum alan o anlar hakk\u0131nda, \u201cDosthane bir payla\u015f\u0131md\u0131, bu kadar b\u00fcy\u00fct\u00fclecek bir \u015fey yoktu\u201d a\u00e7\u0131klamas\u0131yla iddialara son noktay\u0131 koydu. \u0130\u015fte Blok3&#8217;\u00fcn Danla Bilic ile a\u015fk iddialar\u0131na, son noktay\u0131 koydu\u011fu &#8220;Dosthane&#8221; payla\u015f\u0131m\u0131&#8230;<\/p>\n<div style=\"width: 640px;\" class=\"wp-video\"><!--[if lt IE 9]><script>document.createElement('video');<\/script><![endif]-->\n<video class=\"wp-video-shortcode\" id=\"video-185199-1\" width=\"640\" height=\"1138\" preload=\"metadata\" controls=\"controls\"><source type=\"video\/mp4\" src=\"https:\/\/www.tgrthaber.com\/mavikadin\/wp-content\/uploads\/Blok3-Danla-Bilicle-gundeme-geldigi-video-hakkinda-aciklama-yapti-danla-danlabilic-danlabilic-blok3-blok3real-gundem-magazin-magazinhaberleri-magazine-blazemagazin.mp4?_=1\" \/><a href=\"https:\/\/www.tgrthaber.com\/mavikadin\/wp-content\/uploads\/Blok3-Danla-Bilicle-gundeme-geldigi-video-hakkinda-aciklama-yapti-danla-danlabilic-danlabilic-blok3-blok3real-gundem-magazin-magazinhaberleri-magazine-blazemagazin.mp4\">https:\/\/www.tgrthaber.com\/mavikadin\/wp-content\/uploads\/Blok3-Danla-Bilicle-gundeme-geldigi-video-hakkinda-aciklama-yapti-danla-danlabilic-danlabilic-blok3-blok3real-gundem-magazin-magazinhaberleri-magazine-blazemagazin.mp4<\/a><\/video><\/div>\n<hr \/>\n<h3>MOSMOR PERDE\u2019Y\u0130 EVDE YAZDI DOSTLARIYLA KUTLADI<\/h3>\n<p>Blok3, yeni \u015fark\u0131s\u0131 &#8220;Mosmor Perde&#8221;yi ev ortam\u0131nda yazd\u0131\u011f\u0131n\u0131 ve lansman\u0131 da samimi bir dost ortam\u0131nda ger\u00e7ekle\u015ftirmek istedi\u011fini s\u00f6yledi. Gecede hem hayranlar\u0131yla bulu\u015ftu hem de sahnedeki enerjisiyle geceye renk katt\u0131. Danla Bilic\u2019in de geceye kat\u0131lmas\u0131 ise bu dost ortam\u0131na farkl\u0131 anlamlar y\u00fcklenmesine yol a\u00e7t\u0131.<\/p>\n<p>Sosyal medyada bir anda dola\u015f\u0131ma giren g\u00f6r\u00fcnt\u00fcler, k\u0131sa s\u00fcrede a\u015fk dedikodusuna d\u00f6n\u00fc\u015fse de Blok3\u2019\u00fcn a\u00e7\u0131klamalar\u0131, ya\u015fananlar\u0131n perde arkas\u0131n\u0131 net bir dille ortaya koymu\u015f oldu.<\/p>\n","protected":false},"excerpt":{"rendered":"<p>Blok3 ad\u0131yla tan\u0131nan rap\u00e7i Hakan Ayd\u0131n, sosyal medyada g\u00fcnlerdir konu\u015fulan a\u015fk s\u00f6ylentilerine sonunda sessiz kalamad\u0131. Danla Bilic ile el ele g\u00f6r\u00fcnt\u00fclenmesinin ard\u0131ndan g\u00fcndem olan Blok3, &#8220;Dosthane bir and\u0131&#8221; diyerek \u00e7\u0131kan dedikodulara son noktay\u0131 koydu. El ele dans ettikleri anlara ait video sosyal medyada yay\u0131l\u0131nca, \u201cSevgili mi oldular?\u201d yorumlar\u0131 arka arkaya gelmi\u015fti. \u0130\u015fte Blok3&#8217;ten Danla Bilic ile a\u015fk iddialar\u0131na yapt\u0131\u011f\u0131 dosthane payla\u015f\u0131m\u0131&#8230;<\/p>\n","protected":false},"author":35,"featured_media":185200,"comment_status":"closed","ping_status":"closed","sticky":false,"template":"","format":"standard","meta":{"rank_math_lock_modified_date":false,"footnotes":""},"categories":[76],"tags":[9324,23330,23329,2654,133],"class_list":["post-185199","post","type-post","status-publish","format-standard","has-post-thumbnail","hentry","category-magazin","tag-blok3","tag-blok3-danla-bilic-el-ele","tag-blok3-dosthane-paylasimi","tag-danla-bilic","tag-magazin"],"_links":{"self":[{"href":"https:\/\/www.tgrthaber.com\/mavikadin\/wp-json\/wp\/v2\/posts\/185199"}],"collection":[{"href":"https:\/\/www.tgrthaber.com\/mavikadin\/wp-json\/wp\/v2\/posts"}],"about":[{"href":"https:\/\/www.tgrthaber.com\/mavikadin\/wp-json\/wp\/v2\/types\/post"}],"author":[{"embeddable":true,"href":"https:\/\/www.tgrthaber.com\/mavikadin\/wp-json\/wp\/v2\/users\/35"}],"replies":[{"embeddable":true,"href":"https:\/\/www.tgrthaber.com\/mavikadin\/wp-json\/wp\/v2\/comments?post=185199"}],"version-history":[{"count":3,"href":"https:\/\/www.tgrthaber.com\/mavikadin\/wp-json\/wp\/v2\/posts\/185199\/revisions"}],"predecessor-version":[{"id":185207,"href":"https:\/\/www.tgrthaber.com\/mavikadin\/wp-json\/wp\/v2\/posts\/185199\/revisions\/185207"}],"wp:featuredmedia":[{"embeddable":true,"href":"https:\/\/www.tgrthaber.com\/mavikadin\/wp-json\/wp\/v2\/media\/185200"}],"wp:attachment":[{"href":"https:\/\/www.tgrthaber.com\/mavikadin\/wp-json\/wp\/v2\/media?parent=185199"}],"wp:term":[{"taxonomy":"category","embeddable":true,"href":"https:\/\/www.tgrthaber.com\/mavikadin\/wp-json\/wp\/v2\/categories?post=185199"},{"taxonomy":"post_tag","embeddable":true,"href":"https:\/\/www.tgrthaber.com\/mavikadin\/wp-json\/wp\/v2\/tags?post=185199"}],"curies":[{"name":"wp","href":"https:\/\/api.w.org\/{rel}","templated":true}]}}