{"id":185208,"date":"2025-05-30T20:00:05","date_gmt":"2025-05-30T17:00:05","guid":{"rendered":"https:\/\/www.tgrthaber.com\/mavikadin\/?p=185208"},"modified":"2025-05-30T20:00:05","modified_gmt":"2025-05-30T17:00:05","slug":"yemekteyiz-yarismacisi-enes-colak-kimdir-sosyal-medya-takipcisiyle-dikkat-cekiyor","status":"publish","type":"post","link":"https:\/\/www.tgrthaber.com\/mavikadin\/yemekteyiz-yarismacisi-enes-colak-kimdir-sosyal-medya-takipcisiyle-dikkat-cekiyor\/","title":{"rendered":"Yemekteyiz yar\u0131\u015fmac\u0131s\u0131 Enes \u00c7olak kimdir? Sosyal medya takip\u00e7isiyle dikkat \u00e7ekiyor"},"content":{"rendered":"<p>Zuhal Topal\u2019la Yemekteyiz\u2019in 26-30 May\u0131s haftas\u0131nda yar\u0131\u015fan isimlerinden biri olan Enes \u00c7olak, program boyunca sergiledi\u011fi enerjisi ve kendine has sunumlar\u0131yla hem izleyicinin hem de di\u011fer yar\u0131\u015fmac\u0131lar\u0131n dikkatini \u00fczerine toplad\u0131. Sadece mutfaktaki performans\u0131yla de\u011fil, sosyal medyada payla\u015f\u0131mlar\u0131yla da \u00f6ne \u00e7\u0131kan Enes, ekran ba\u015f\u0131ndaki bir\u00e7ok izleyicinin ilgisini \u00e7ekmeyi ba\u015fard\u0131. Yar\u0131\u015fmadaki duru\u015fu kadar sosyal medya i\u00e7erikleriyle de ad\u0131ndan s\u00f6z ettiren Enes \u00c7olak hakk\u0131nda merak edilen pek \u00e7ok detay bulunuyor. Programda sergiledi\u011fi tarifler, \u00f6zg\u00fcveni ve modern mutfak anlay\u0131\u015f\u0131yla dikkat \u00e7eken Enes \u00c7olak hakk\u0131nda izleyiciler \u201cKimdir, ka\u00e7 ya\u015f\u0131nda, ne i\u015f yap\u0131yor?\u201d gibi sorular\u0131n pe\u015fine d\u00fc\u015ft\u00fc. \u0130\u015fte detaylar&#8230;<\/p>\n<h3>ENES \u00c7OLAK K\u0130MD\u0130R KA\u00c7 YA\u015eINDA?<\/h3>\n<p>Enes \u00c7olak, 24 ya\u015f\u0131nda ve aslen Giresunlu. Karadeniz k\u00fclt\u00fcr\u00fcne ba\u011fl\u0131l\u0131\u011f\u0131yla bilinen Enes, y\u00f6resel tatlara olan ilgisini zaman zaman tariflerine yans\u0131t\u0131yor.<\/p>\n<p><img loading=\"lazy\" decoding=\"async\" class=\"alignnone wp-image-185210\" src=\"https:\/\/www.tgrthaber.com\/mavikadin\/wp-content\/uploads\/Ekran-goruntusu-2025-05-30-181454-300x152.png\" alt=\"\" width=\"1208\" height=\"614\" title=\"\" srcset=\"https:\/\/www.tgrthaber.com\/mavikadin\/wp-content\/uploads\/Ekran-goruntusu-2025-05-30-181454-300x152.png 300w, https:\/\/www.tgrthaber.com\/mavikadin\/wp-content\/uploads\/Ekran-goruntusu-2025-05-30-181454-1024x520.png 1024w, https:\/\/www.tgrthaber.com\/mavikadin\/wp-content\/uploads\/Ekran-goruntusu-2025-05-30-181454-768x390.png 768w, https:\/\/www.tgrthaber.com\/mavikadin\/wp-content\/uploads\/Ekran-goruntusu-2025-05-30-181454.png 1177w\" sizes=\"(max-width: 1208px) 100vw, 1208px\" \/><\/p>\n<hr \/>\n<p>\u0130stanbul\u2019un Avc\u0131lar il\u00e7esinde ya\u015fam\u0131n\u0131 s\u00fcrd\u00fcren gen\u00e7 yar\u0131\u015fmac\u0131, \u015fehir hayat\u0131n\u0131n sundu\u011fu imkanlar\u0131 aktif bir ya\u015fam tarz\u0131yla birle\u015ftiriyor.<\/p>\n<h3>SOSYAL MEDYA HESAPLARINDAK\u0130 \u0130\u00c7ER\u0130KLER\u0130YLE D\u0130KKAT \u00c7EK\u0130YOR<\/h3>\n<p>Enes \u00c7olak, sosyal medya platformlar\u0131nda aktif \u015fekilde i\u00e7erik \u00fcretiyor. \u00d6zellikle TikTok hesab\u0131nda payla\u015ft\u0131\u011f\u0131 e\u011flenceli videolar, fitness rutinleri ve yemek tarifleriyle geni\u015f bir takip\u00e7i kitlesine hitap ediyor. 190 bini a\u015fk\u0131n takip\u00e7isi bulunan Enes, \u00f6zellikle gen\u00e7 izleyiciler aras\u0131nda h\u0131zla y\u00fckseliyor.<\/p>\n<p><img loading=\"lazy\" decoding=\"async\" class=\"alignnone wp-image-185211\" src=\"https:\/\/www.tgrthaber.com\/mavikadin\/wp-content\/uploads\/enes-yemekteyiz-300x169.webp\" alt=\"\" width=\"1208\" height=\"680\" title=\"\" srcset=\"https:\/\/www.tgrthaber.com\/mavikadin\/wp-content\/uploads\/enes-yemekteyiz-300x169.webp 300w, https:\/\/www.tgrthaber.com\/mavikadin\/wp-content\/uploads\/enes-yemekteyiz-1024x576.webp 1024w, https:\/\/www.tgrthaber.com\/mavikadin\/wp-content\/uploads\/enes-yemekteyiz-768x432.webp 768w, https:\/\/www.tgrthaber.com\/mavikadin\/wp-content\/uploads\/enes-yemekteyiz.webp 1280w\" sizes=\"(max-width: 1208px) 100vw, 1208px\" \/><\/p>\n<hr \/>\n<p>Fitness ile yak\u0131ndan ilgilenen Enes, spor salonundan yapt\u0131\u011f\u0131 payla\u015f\u0131mlarla sosyal medyada \u00f6ne \u00e7\u0131km\u0131\u015f durumda. Ayn\u0131 zamanda d\u00fcnya mutfa\u011f\u0131na \u00f6zel ilgi duyan gen\u00e7 yar\u0131\u015fmac\u0131, sosyal medya hesaplar\u0131nda kendi yapt\u0131\u011f\u0131 tarifleri payla\u015farak geni\u015f bir be\u011feni topluyor.<\/p>\n<p><img loading=\"lazy\" decoding=\"async\" class=\"alignnone wp-image-185212\" src=\"https:\/\/www.tgrthaber.com\/mavikadin\/wp-content\/uploads\/Ekran-goruntusu-2025-05-30-181413-300x153.png\" alt=\"\" width=\"1208\" height=\"614\" title=\"\" srcset=\"https:\/\/www.tgrthaber.com\/mavikadin\/wp-content\/uploads\/Ekran-goruntusu-2025-05-30-181413-300x153.png 300w, https:\/\/www.tgrthaber.com\/mavikadin\/wp-content\/uploads\/Ekran-goruntusu-2025-05-30-181413-1024x521.png 1024w, https:\/\/www.tgrthaber.com\/mavikadin\/wp-content\/uploads\/Ekran-goruntusu-2025-05-30-181413-768x391.png 768w, https:\/\/www.tgrthaber.com\/mavikadin\/wp-content\/uploads\/Ekran-goruntusu-2025-05-30-181413.png 1178w\" sizes=\"(max-width: 1208px) 100vw, 1208px\" \/><\/p>\n<hr \/>\n<h3>YEMEKTEY\u0130Z\u2019DE \u00d6ZG\u00dcVEN\u0130 VE SUNUMLARIYLA \u00d6NE \u00c7IKTI<\/h3>\n<p>Zuhal Topal\u2019la Yemekteyiz program\u0131nda sundu\u011fu tabaklarda modern sunum tekniklerini geleneksel tariflerle harmanlayan Enes \u00c7olak, yar\u0131\u015fmac\u0131larla kurdu\u011fu diyaloglarda da kendinden emin bir profil \u00e7izdi. Zaman zaman tansiyon y\u00fckselse de sakinli\u011fini korumas\u0131 ve yemek sunumlar\u0131na g\u00f6sterdi\u011fi \u00f6zenle izleyicilerden olumlu geri d\u00f6n\u00fc\u015fler ald\u0131.<\/p>\n<p><img loading=\"lazy\" decoding=\"async\" class=\"alignnone wp-image-185213\" src=\"https:\/\/www.tgrthaber.com\/mavikadin\/wp-content\/uploads\/yemekteyiz-enes-kimdir-zuhal-topalla-yemekteyiz-enes-bey-300x169.webp\" alt=\"\" width=\"1208\" height=\"680\" title=\"\" srcset=\"https:\/\/www.tgrthaber.com\/mavikadin\/wp-content\/uploads\/yemekteyiz-enes-kimdir-zuhal-topalla-yemekteyiz-enes-bey-300x169.webp 300w, https:\/\/www.tgrthaber.com\/mavikadin\/wp-content\/uploads\/yemekteyiz-enes-kimdir-zuhal-topalla-yemekteyiz-enes-bey-1024x576.webp 1024w, https:\/\/www.tgrthaber.com\/mavikadin\/wp-content\/uploads\/yemekteyiz-enes-kimdir-zuhal-topalla-yemekteyiz-enes-bey-768x432.webp 768w, https:\/\/www.tgrthaber.com\/mavikadin\/wp-content\/uploads\/yemekteyiz-enes-kimdir-zuhal-topalla-yemekteyiz-enes-bey.webp 1280w\" sizes=\"(max-width: 1208px) 100vw, 1208px\" \/><\/p>\n<hr \/>\n<h3>YEMEKTEY\u0130Z ENES \u00c7OLAK MESLE\u011e\u0130 NED\u0130R?<\/h3>\n<p>Yemek yar\u0131\u015fmas\u0131nda sergiledi\u011fi performans sadece ekranla s\u0131n\u0131rl\u0131 de\u011fil. Enes, ayn\u0131 zamanda sosyal medyada aktif olarak \u00e7al\u0131\u015fan bir i\u00e7erik \u00fcreticisi. Sponsorluk anla\u015fmalar\u0131, freelance projeler ve dijital kampanyalarla bu alanda kariyerini s\u00fcrd\u00fcr\u00fcyor. Enes \u00c7olak, yemekle teknolojiyi birle\u015ftirerek sosyal medyada kendi kitlesini olu\u015fturan gen\u00e7 bir giri\u015fimci profili \u00e7iziyor.<\/p>\n<p>Yemekteyiz ekranlar\u0131nda hem tarz\u0131 hem de tarifleriyle ad\u0131ndan s\u00f6z ettiren Enes \u00c7olak, sadece program\u0131n de\u011fil, sosyal medyan\u0131n da \u00f6ne \u00e7\u0131kan isimlerinden biri olmay\u0131 ba\u015fard\u0131.<\/p>\n","protected":false},"excerpt":{"rendered":"<p>Zuhal Topal\u2019la Yemekteyiz\u2019in 26-30 May\u0131s 2025 haftas\u0131nda yar\u0131\u015fan Enes \u00c7olak, hem yemek sunumlar\u0131 hem de sosyal medyadaki aktif kimli\u011fiyle haftaya damgas\u0131n\u0131 vurdu. Kendine \u00f6zg\u00fc tarz\u0131 ve enerjisiyle dikkat \u00e7eken gen\u00e7 yar\u0131\u015fmac\u0131, sadece mutfakta de\u011fil ekran ba\u015f\u0131ndaki izleyiciyle kurdu\u011fu ba\u011f sayesinde de \u00f6ne \u00e7\u0131kt\u0131. Peki Enes \u00c7olak kimdir, nereli, ka\u00e7 ya\u015f\u0131nda? \u0130\u015fte Yemekteyiz program\u0131n\u0131n dikkat \u00e7eken ismi Enes Bey hakk\u0131nda merak edilenler&#8230;<\/p>\n","protected":false},"author":35,"featured_media":185209,"comment_status":"closed","ping_status":"closed","sticky":false,"template":"","format":"standard","meta":{"rank_math_lock_modified_date":false,"footnotes":""},"categories":[491],"tags":[8465,22968,23331,11552],"class_list":["post-185208","post","type-post","status-publish","format-standard","has-post-thumbnail","hentry","category-biyografi","tag-yemekteyiz","tag-yemekteyiz-26-30-mayis","tag-yemekteyiz-enes-colak","tag-zuhal-topal-yemekteyiz"],"_links":{"self":[{"href":"https:\/\/www.tgrthaber.com\/mavikadin\/wp-json\/wp\/v2\/posts\/185208"}],"collection":[{"href":"https:\/\/www.tgrthaber.com\/mavikadin\/wp-json\/wp\/v2\/posts"}],"about":[{"href":"https:\/\/www.tgrthaber.com\/mavikadin\/wp-json\/wp\/v2\/types\/post"}],"author":[{"embeddable":true,"href":"https:\/\/www.tgrthaber.com\/mavikadin\/wp-json\/wp\/v2\/users\/35"}],"replies":[{"embeddable":true,"href":"https:\/\/www.tgrthaber.com\/mavikadin\/wp-json\/wp\/v2\/comments?post=185208"}],"version-history":[{"count":1,"href":"https:\/\/www.tgrthaber.com\/mavikadin\/wp-json\/wp\/v2\/posts\/185208\/revisions"}],"predecessor-version":[{"id":185214,"href":"https:\/\/www.tgrthaber.com\/mavikadin\/wp-json\/wp\/v2\/posts\/185208\/revisions\/185214"}],"wp:featuredmedia":[{"embeddable":true,"href":"https:\/\/www.tgrthaber.com\/mavikadin\/wp-json\/wp\/v2\/media\/185209"}],"wp:attachment":[{"href":"https:\/\/www.tgrthaber.com\/mavikadin\/wp-json\/wp\/v2\/media?parent=185208"}],"wp:term":[{"taxonomy":"category","embeddable":true,"href":"https:\/\/www.tgrthaber.com\/mavikadin\/wp-json\/wp\/v2\/categories?post=185208"},{"taxonomy":"post_tag","embeddable":true,"href":"https:\/\/www.tgrthaber.com\/mavikadin\/wp-json\/wp\/v2\/tags?post=185208"}],"curies":[{"name":"wp","href":"https:\/\/api.w.org\/{rel}","templated":true}]}}