{"id":185343,"date":"2025-05-31T11:26:38","date_gmt":"2025-05-31T08:26:38","guid":{"rendered":"https:\/\/www.tgrthaber.com\/mavikadin\/?p=185343"},"modified":"2025-05-31T11:26:38","modified_gmt":"2025-05-31T08:26:38","slug":"kadir-doguludan-babalik-itirafi-hic-tahmin-ettigim-gibi-degil","status":"publish","type":"post","link":"https:\/\/www.tgrthaber.com\/mavikadin\/kadir-doguludan-babalik-itirafi-hic-tahmin-ettigim-gibi-degil\/","title":{"rendered":"Kadir Do\u011fulu&#8217;dan babal\u0131k itiraf\u0131! Hi\u00e7 tahmin etti\u011fim gibi de\u011fil"},"content":{"rendered":"<p>\u00dcnl\u00fc oyuncu Kadir Do\u011fulu, hem mesleki hayat\u0131nda hem de baba olarak yeni rol\u00fcnde \u00f6nemli bir d\u00f6n\u00fc\u015f\u00fcm ya\u015f\u0131yor. Son olarak Etiler\u2019de menajeriyle g\u00f6r\u00fcnt\u00fclenen Do\u011fulu, ilk kez babal\u0131k hakk\u0131nda samimi a\u00e7\u0131klamalarda bulundu. Do\u011fulu\u2019nun e\u015fi Neslihan Atag\u00fcl\u2019e dair s\u00f6zleri ise duyanlar\u0131 hem duyguland\u0131rd\u0131 hem de \u00e7ifte olan sevgiyi peki\u015ftirdi.<\/p>\n<h3>BABALIK TAR\u0130FS\u0130Z B\u0130R DUYGU<\/h3>\n<p>Kadir Do\u011fulu, k\u0131sa s\u00fcre \u00f6nce ilk kez baba oldu. Neslihan Atag\u00fcl ile uzun y\u0131llard\u0131r s\u00fcren uyumlu birlikteliklerini bir \u00e7ocukla ta\u00e7land\u0131ran \u00e7ift, anne-baba olman\u0131n sevincini ya\u015f\u0131yor. Do\u011fulu, Etiler\u2019de gazetecilere yapt\u0131\u011f\u0131 a\u00e7\u0131klamada duygular\u0131n\u0131 \u015fu s\u00f6zlerle dile getirdi:<\/p>\n<p>\u201cTarifsiz bir duygu. Hi\u00e7 tahmin etti\u011fim gibi de\u011fil. G\u00f6\u011fs\u00fcne yatt\u0131\u011f\u0131nda anl\u0131yorsun, hi\u00e7bir tarif yan\u0131ndan bile ge\u00e7emiyor. Her g\u00fcn yeni bir s\u00fcrpriz. \u00c7ocu\u011fun ihtiyac\u0131 sevgi, \u015fefkat ve do\u011fru bir ortam. E\u015fim bunlar\u0131n hepsini sa\u011fl\u0131yor. Ben de elimden gelen deste\u011fi veriyorum.\u201d<\/p>\n<p><img loading=\"lazy\" decoding=\"async\" class=\"alignnone size-full wp-image-185364\" src=\"https:\/\/www.tgrthaber.com\/mavikadin\/wp-content\/uploads\/2-1144.png\" alt=\"\" width=\"1280\" height=\"720\" title=\"\" srcset=\"https:\/\/www.tgrthaber.com\/mavikadin\/wp-content\/uploads\/2-1144.png 1280w, https:\/\/www.tgrthaber.com\/mavikadin\/wp-content\/uploads\/2-1144-300x169.png 300w, https:\/\/www.tgrthaber.com\/mavikadin\/wp-content\/uploads\/2-1144-1024x576.png 1024w, https:\/\/www.tgrthaber.com\/mavikadin\/wp-content\/uploads\/2-1144-768x432.png 768w\" sizes=\"(max-width: 1280px) 100vw, 1280px\" \/><\/p>\n<hr \/>\n<h3>NESL\u0130HAN ATAG\u00dcL&#8217;E \u00d6VG\u00dc YA\u011eDI<\/h3>\n<p>Kadir Do\u011fulu, a\u00e7\u0131klamalar\u0131nda e\u015fi Neslihan Atag\u00fcl\u2019e de \u00f6zel bir yer ay\u0131rd\u0131. Atag\u00fcl\u2019\u00fcn annelik s\u00fcrecindeki ilgisine ve sevgisine hayran kald\u0131\u011f\u0131n\u0131 belirten Do\u011fulu, \u201c\u0130lk evlad\u0131 olunca her anne d\u00f6rt d\u00f6rtl\u00fck ilgilenmek ister. Neslihan da \u00f6yle; d\u00f6rt d\u00f6rtl\u00fck ilgileniyor ger\u00e7ekten. Onlar mutluysa ben de mutluyum\u201d dedi.<\/p>\n<p>\u00dcnl\u00fc \u00e7iftin birbirine olan deste\u011fi ve sevgisi, \u00f6zellikle sosyal medyada hayranlar\u0131 taraf\u0131ndan s\u0131k\u00e7a \u00f6vg\u00fc al\u0131yor. Do\u011fulu\u2019nun bu a\u00e7\u0131klamalar\u0131 da \u00e7iftin ne kadar uyumlu bir birliktelik ya\u015fad\u0131\u011f\u0131n\u0131 bir kez daha g\u00f6sterdi.<\/p>\n<p><img loading=\"lazy\" decoding=\"async\" class=\"alignnone size-full wp-image-185365\" src=\"https:\/\/www.tgrthaber.com\/mavikadin\/wp-content\/uploads\/3-1123.png\" alt=\"\" width=\"1280\" height=\"720\" title=\"\" srcset=\"https:\/\/www.tgrthaber.com\/mavikadin\/wp-content\/uploads\/3-1123.png 1280w, https:\/\/www.tgrthaber.com\/mavikadin\/wp-content\/uploads\/3-1123-300x169.png 300w, https:\/\/www.tgrthaber.com\/mavikadin\/wp-content\/uploads\/3-1123-1024x576.png 1024w, https:\/\/www.tgrthaber.com\/mavikadin\/wp-content\/uploads\/3-1123-768x432.png 768w\" sizes=\"(max-width: 1280px) 100vw, 1280px\" \/><\/p>\n<hr \/>\n<h3>O\u011eULLARI AZ\u0130Z&#8217;\u0130 KUCAKLARINA ALDILAR<\/h3>\n<p>\u0130ki ay \u00f6nce o\u011fullar\u0131 Aziz\u2019i d\u00fcnyaya getiren Neslihan Atag\u00fcl, annelik heyecan\u0131n\u0131 hem \u00f6zel hayat\u0131nda ya\u015f\u0131yor hem de sosyal medyada payla\u015fmaya devam ediyor. Atag\u00fcl, o\u011fluyla birlikte sa\u00e7 bak\u0131m\u0131 yapt\u0131rd\u0131\u011f\u0131 anlar\u0131 Instagram\u2019da payla\u015ft\u0131 ve bu payla\u015f\u0131m k\u0131sa s\u00fcrede binlerce be\u011feni ald\u0131.<\/p>\n<p>Foto\u011frafa esprili bir \u015fekilde \u201cKahk\u00fcl sevdi\u011fimi s\u00f6ylemi\u015f miydim?\u201d notunu d\u00fc\u015fen oyuncu, hem annelik s\u00fcrecine dair i\u00e7tenli\u011fini g\u00f6sterdi hem de do\u011fall\u0131\u011f\u0131yla takdir toplad\u0131. \u201cHem anne hem stil sahibi olunur\u201d yorumlar\u0131, Atag\u00fcl\u2019\u00fcn yeni hayat\u0131n\u0131 keyifle ve zarafetle s\u00fcrd\u00fcrd\u00fc\u011f\u00fcn\u00fcn kan\u0131t\u0131 oldu.<\/p>\n<p><img loading=\"lazy\" decoding=\"async\" class=\"alignnone size-full wp-image-185369\" src=\"https:\/\/www.tgrthaber.com\/mavikadin\/wp-content\/uploads\/7-127.png\" alt=\"\" width=\"1280\" height=\"720\" title=\"\" srcset=\"https:\/\/www.tgrthaber.com\/mavikadin\/wp-content\/uploads\/7-127.png 1280w, https:\/\/www.tgrthaber.com\/mavikadin\/wp-content\/uploads\/7-127-300x169.png 300w, https:\/\/www.tgrthaber.com\/mavikadin\/wp-content\/uploads\/7-127-1024x576.png 1024w, https:\/\/www.tgrthaber.com\/mavikadin\/wp-content\/uploads\/7-127-768x432.png 768w\" sizes=\"(max-width: 1280px) 100vw, 1280px\" \/><\/p>\n<hr \/>\n<h3>DO\u011eUM SONRASI F\u0130T HAL\u0130 D\u0130KKAT \u00c7EKT\u0130<\/h3>\n<p>Neslihan Atag\u00fcl\u2019\u00fcn do\u011fum sonras\u0131 verdi\u011fi pozlar, sosyal medyada b\u00fcy\u00fck ilgi g\u00f6rd\u00fc. \u00d6zellikle k\u0131sa s\u00fcrede formuna kavu\u015fmas\u0131, takip\u00e7ileri taraf\u0131ndan s\u0131k\u00e7a yorumland\u0131. Hem anneli\u011fin tazeli\u011fini hem de zarafetini ayn\u0131 karede sunan Atag\u00fcl, sa\u011fl\u0131kl\u0131 ya\u015fam tarz\u0131na olan ba\u011fl\u0131l\u0131\u011f\u0131yla da ilham verdi.<\/p>\n<p><img loading=\"lazy\" decoding=\"async\" class=\"alignnone size-full wp-image-185368\" src=\"https:\/\/www.tgrthaber.com\/mavikadin\/wp-content\/uploads\/6-273.png\" alt=\"\" width=\"1280\" height=\"720\" title=\"\" srcset=\"https:\/\/www.tgrthaber.com\/mavikadin\/wp-content\/uploads\/6-273.png 1280w, https:\/\/www.tgrthaber.com\/mavikadin\/wp-content\/uploads\/6-273-300x169.png 300w, https:\/\/www.tgrthaber.com\/mavikadin\/wp-content\/uploads\/6-273-1024x576.png 1024w, https:\/\/www.tgrthaber.com\/mavikadin\/wp-content\/uploads\/6-273-768x432.png 768w\" sizes=\"(max-width: 1280px) 100vw, 1280px\" \/><\/p>\n<hr \/>\n<p>Ge\u00e7ti\u011fimiz haftalarda modac\u0131 \u00d6zg\u00fcr Masur\u2019un do\u011fum g\u00fcn\u00fc kutlamas\u0131nda verdi\u011fi poz da sosyal medyada g\u00fcndem olmu\u015ftu. Do\u011fum sonras\u0131 fit g\u00f6r\u00fcnt\u00fcs\u00fcyle dikkat \u00e7eken oyuncu, do\u011fal enerjisi ve stil sahibi duru\u015fuyla \u00f6ne \u00e7\u0131kt\u0131.<\/p>\n<p><img loading=\"lazy\" decoding=\"async\" class=\"alignnone size-full wp-image-185367\" src=\"https:\/\/www.tgrthaber.com\/mavikadin\/wp-content\/uploads\/5-572.png\" alt=\"\" width=\"1280\" height=\"720\" title=\"\" srcset=\"https:\/\/www.tgrthaber.com\/mavikadin\/wp-content\/uploads\/5-572.png 1280w, https:\/\/www.tgrthaber.com\/mavikadin\/wp-content\/uploads\/5-572-300x169.png 300w, https:\/\/www.tgrthaber.com\/mavikadin\/wp-content\/uploads\/5-572-1024x576.png 1024w, https:\/\/www.tgrthaber.com\/mavikadin\/wp-content\/uploads\/5-572-768x432.png 768w\" sizes=\"(max-width: 1280px) 100vw, 1280px\" \/><\/p>\n<hr \/>\n<h3>YEN\u0130 PROJELER YOLDA<\/h3>\n<p>Etiler\u2019de menajeriyle bulu\u015fan Do\u011fulu, hem \u00f6zel hayat\u0131na hem de kariyerine dair samimi a\u00e7\u0131klamalarda bulundu. Yeni sezona haz\u0131rland\u0131\u011f\u0131n\u0131 s\u00f6yleyen oyuncu, ya\u015f ald\u0131k\u00e7a projeleri daha titizlikle se\u00e7ti\u011fini belirtti:<\/p>\n<p>\u201cYa\u015f olarak 40\u2019\u0131 ge\u00e7tik. Dikkat etmemiz gereken \u015feyler art\u0131k daha fazla. Mizac\u0131m\u0131za uygun projelere y\u00f6neliyoruz.\u201d<\/p>\n","protected":false},"excerpt":{"rendered":"<p>\u00dcnl\u00fc oyuncu Kadir Do\u011fulu, hem kariyerinde hem de \u00f6zel hayat\u0131nda bamba\u015fka bir d\u00f6neme girdi. \u0130lk kez baba olman\u0131n heyecan\u0131n\u0131 ya\u015fayan Do\u011fulu, duygular\u0131n\u0131 samimi s\u00f6zlerle dile getirirken, e\u015fi Neslihan Atag\u00fcl\u2019e olan hayranl\u0131\u011f\u0131n\u0131 da gizlemedi. Yeni hayat\u0131na dair s\u00f6yledikleri, duyanlar\u0131 hem \u015fa\u015f\u0131rtt\u0131 hem de duyguland\u0131rd\u0131.<\/p>\n","protected":false},"author":28,"featured_media":185366,"comment_status":"closed","ping_status":"closed","sticky":false,"template":"","format":"standard","meta":{"rank_math_lock_modified_date":true,"footnotes":""},"categories":[76],"tags":[3097,23380,133,3096,12821],"class_list":["post-185343","post","type-post","status-publish","format-standard","has-post-thumbnail","hentry","category-magazin","tag-kadir-dogulu","tag-kadir-dogulu-baba-oldu","tag-magazin","tag-neslihan-atagul","tag-neslihan-atagul-hamilelik"],"_links":{"self":[{"href":"https:\/\/www.tgrthaber.com\/mavikadin\/wp-json\/wp\/v2\/posts\/185343"}],"collection":[{"href":"https:\/\/www.tgrthaber.com\/mavikadin\/wp-json\/wp\/v2\/posts"}],"about":[{"href":"https:\/\/www.tgrthaber.com\/mavikadin\/wp-json\/wp\/v2\/types\/post"}],"author":[{"embeddable":true,"href":"https:\/\/www.tgrthaber.com\/mavikadin\/wp-json\/wp\/v2\/users\/28"}],"replies":[{"embeddable":true,"href":"https:\/\/www.tgrthaber.com\/mavikadin\/wp-json\/wp\/v2\/comments?post=185343"}],"version-history":[{"count":2,"href":"https:\/\/www.tgrthaber.com\/mavikadin\/wp-json\/wp\/v2\/posts\/185343\/revisions"}],"predecessor-version":[{"id":185371,"href":"https:\/\/www.tgrthaber.com\/mavikadin\/wp-json\/wp\/v2\/posts\/185343\/revisions\/185371"}],"wp:featuredmedia":[{"embeddable":true,"href":"https:\/\/www.tgrthaber.com\/mavikadin\/wp-json\/wp\/v2\/media\/185366"}],"wp:attachment":[{"href":"https:\/\/www.tgrthaber.com\/mavikadin\/wp-json\/wp\/v2\/media?parent=185343"}],"wp:term":[{"taxonomy":"category","embeddable":true,"href":"https:\/\/www.tgrthaber.com\/mavikadin\/wp-json\/wp\/v2\/categories?post=185343"},{"taxonomy":"post_tag","embeddable":true,"href":"https:\/\/www.tgrthaber.com\/mavikadin\/wp-json\/wp\/v2\/tags?post=185343"}],"curies":[{"name":"wp","href":"https:\/\/api.w.org\/{rel}","templated":true}]}}