{"id":185372,"date":"2025-05-31T14:05:17","date_gmt":"2025-05-31T11:05:17","guid":{"rendered":"https:\/\/www.tgrthaber.com\/mavikadin\/?p=185372"},"modified":"2025-05-31T14:05:17","modified_gmt":"2025-05-31T11:05:17","slug":"adile-nasit-filmi-hulya-kocyigit-gencligini-kim-oynayacak-adile-nasit-film-kadrosunda-kimler-var","status":"publish","type":"post","link":"https:\/\/www.tgrthaber.com\/mavikadin\/adile-nasit-filmi-hulya-kocyigit-gencligini-kim-oynayacak-adile-nasit-film-kadrosunda-kimler-var\/","title":{"rendered":"Adile Na\u015fit filmi H\u00fclya Ko\u00e7yi\u011fit gen\u00e7li\u011fini kim oynayacak? Adile Na\u015fit film kadrosunda kimler var?"},"content":{"rendered":"<p>Ye\u015fil\u00e7am\u2019\u0131n efsane ismi Adile Na\u015fit\u2019in hayat\u0131n\u0131 anlatan \u201cAdile\u201d filmi sinema d\u00fcnyas\u0131nda b\u00fcy\u00fck bir heyecan olu\u015fturdu. \u00c7a\u011fan Irmak\u2019\u0131n y\u00f6netmenli\u011fini \u00fcstlendi\u011fi film, usta oyuncular\u0131n gen\u00e7lik y\u0131llar\u0131na da \u0131\u015f\u0131k tutacak. H\u00fclya Ko\u00e7yi\u011fit\u2019in gen\u00e7li\u011fini ise 26 ya\u015f\u0131ndaki oyuncu Berre \u00d6zkan oynayacak.<\/p>\n<h3>AD\u0130LE F\u0130LM\u0130 NEY\u0130 ANLATIYOR?<\/h3>\n<p>BKM Film imzas\u0131 ta\u015f\u0131yan \u201cAdile\u201d filmi, T\u00fcrk sinemas\u0131n\u0131n unutulmaz isimlerinden Adile Na\u015fit\u2019in hayat hikayesini beyaz perdeye ta\u015f\u0131yor. Film, yaln\u0131zca Adile Na\u015fit\u2019in de\u011fil; ayn\u0131 d\u00f6nemin y\u0131ld\u0131z isimlerinin dostluklar\u0131n\u0131, set arkas\u0131 hik\u00e2yelerini ve T\u00fcrk sinemas\u0131n\u0131n alt\u0131n y\u0131llar\u0131n\u0131 da g\u00f6zler \u00f6n\u00fcne serecek.<\/p>\n<p>Film, 1970\u2019li y\u0131llarda ba\u015fl\u0131yor ve o d\u00f6nemin sinema atmosferini g\u00fc\u00e7l\u00fc bir nostaljiyle izleyiciye aktarmay\u0131 hedefliyor. Filmin senaryosunu Nermin Y\u0131ld\u0131r\u0131m kaleme al\u0131rken, y\u00f6netmen koltu\u011funda ise duygusal filmleriyle tan\u0131nan \u00c7a\u011fan Irmak oturuyor.<\/p>\n<p><img loading=\"lazy\" decoding=\"async\" class=\"alignnone size-full wp-image-185416\" src=\"https:\/\/www.tgrthaber.com\/mavikadin\/wp-content\/uploads\/1-1104.png\" alt=\"\" width=\"1280\" height=\"720\" title=\"\" srcset=\"https:\/\/www.tgrthaber.com\/mavikadin\/wp-content\/uploads\/1-1104.png 1280w, https:\/\/www.tgrthaber.com\/mavikadin\/wp-content\/uploads\/1-1104-300x169.png 300w, https:\/\/www.tgrthaber.com\/mavikadin\/wp-content\/uploads\/1-1104-1024x576.png 1024w, https:\/\/www.tgrthaber.com\/mavikadin\/wp-content\/uploads\/1-1104-768x432.png 768w\" sizes=\"(max-width: 1280px) 100vw, 1280px\" \/><\/p>\n<hr \/>\n<h3>BERRE \u00d6ZKAN H\u00dcLYA KO\u00c7Y\u0130\u011e\u0130T&#8217;\u0130 OYNAYACAK<\/h3>\n<p>Filmde H\u00fclya Ko\u00e7yi\u011fit karakterinin gen\u00e7li\u011fini, son d\u00f6nemde y\u00fckseli\u015fte olan gen\u00e7 oyuncu Berre \u00d6zkan oynayacak. 26 ya\u015f\u0131ndaki oyuncu, ge\u00e7ti\u011fimiz y\u0131l \u201cGelin Tak\u0131m\u0131\u201d adl\u0131 yap\u0131mda Suzan karakteriyle dikkatleri \u00fczerine \u00e7ekmi\u015fti. \u00d6zkan\u2019\u0131n bu filmle Ye\u015fil\u00e7am\u2019\u0131n ikonik bir ismini oynamas\u0131, kariyerinde \u00f6nemli bir d\u00f6n\u00fcm noktas\u0131 olarak de\u011ferlendiriliyor.<\/p>\n<p><img loading=\"lazy\" decoding=\"async\" class=\"alignnone size-full wp-image-185420\" src=\"https:\/\/www.tgrthaber.com\/mavikadin\/wp-content\/uploads\/5-573.png\" alt=\"\" width=\"1280\" height=\"720\" title=\"\" srcset=\"https:\/\/www.tgrthaber.com\/mavikadin\/wp-content\/uploads\/5-573.png 1280w, https:\/\/www.tgrthaber.com\/mavikadin\/wp-content\/uploads\/5-573-300x169.png 300w, https:\/\/www.tgrthaber.com\/mavikadin\/wp-content\/uploads\/5-573-1024x576.png 1024w, https:\/\/www.tgrthaber.com\/mavikadin\/wp-content\/uploads\/5-573-768x432.png 768w\" sizes=\"(max-width: 1280px) 100vw, 1280px\" \/><\/p>\n<hr \/>\n<h3>OYUNCU KADROSU YILDIZLAR GE\u00c7\u0130D\u0130 G\u0130B\u0130<\/h3>\n<p>Adile Na\u015fit rol\u00fcnde Meltem Kaptan yer al\u0131rken, filmde Ye\u015fil\u00e7am\u2019\u0131n pek \u00e7ok efsane oyuncusu da unutulmam\u0131\u015f. \u0130\u015fte filmde oynayacak olan baz\u0131 karakterler:<\/p>\n<p>Kemal Sunal \u2013 Berkay Tulumbac\u0131<\/p>\n<p>Ay\u015fen Gruda \u2013 Elif Nur Kerk\u00fck<\/p>\n<p><img loading=\"lazy\" decoding=\"async\" class=\"alignnone size-full wp-image-185421\" src=\"https:\/\/www.tgrthaber.com\/mavikadin\/wp-content\/uploads\/6-274.png\" alt=\"\" width=\"1280\" height=\"720\" title=\"\" srcset=\"https:\/\/www.tgrthaber.com\/mavikadin\/wp-content\/uploads\/6-274.png 1280w, https:\/\/www.tgrthaber.com\/mavikadin\/wp-content\/uploads\/6-274-300x169.png 300w, https:\/\/www.tgrthaber.com\/mavikadin\/wp-content\/uploads\/6-274-1024x576.png 1024w, https:\/\/www.tgrthaber.com\/mavikadin\/wp-content\/uploads\/6-274-768x432.png 768w\" sizes=\"(max-width: 1280px) 100vw, 1280px\" \/><\/p>\n<hr \/>\n<p>M\u00fcjde Ar \u2013 Seda Bakan<\/p>\n<p>Tar\u0131k Akan \u2013 \u00c7etin Lale<\/p>\n<p>Halit Ak\u00e7atepe \u2013 Mustafa Ceyhan<\/p>\n<p>Kartal Tibet \u2013 Emre Ta\u015fk\u0131ran<\/p>\n<h3>AD\u0130LE F\u0130LM\u0130 NE ZAMAN V\u0130ZYONA G\u0130RECEK?<\/h3>\n<p>Hen\u00fcz vizyon tarihi netle\u015fmemi\u015f olsa da, yap\u0131m s\u00fcrecinin h\u0131zla ilerledi\u011fi ve filmin yak\u0131n zamanda sinemaseverlerle bulu\u015faca\u011f\u0131 belirtiliyor. \u00d6zellikle Ye\u015fil\u00e7am hayranlar\u0131, filmi heyecanla bekliyor.<\/p>\n<p><img loading=\"lazy\" decoding=\"async\" class=\"alignnone size-full wp-image-185417\" src=\"https:\/\/www.tgrthaber.com\/mavikadin\/wp-content\/uploads\/2-1145.png\" alt=\"\" width=\"1280\" height=\"720\" title=\"\" srcset=\"https:\/\/www.tgrthaber.com\/mavikadin\/wp-content\/uploads\/2-1145.png 1280w, https:\/\/www.tgrthaber.com\/mavikadin\/wp-content\/uploads\/2-1145-300x169.png 300w, https:\/\/www.tgrthaber.com\/mavikadin\/wp-content\/uploads\/2-1145-1024x576.png 1024w, https:\/\/www.tgrthaber.com\/mavikadin\/wp-content\/uploads\/2-1145-768x432.png 768w\" sizes=\"(max-width: 1280px) 100vw, 1280px\" \/><\/p>\n<hr \/>\n<h3>AD\u0130LE F\u0130LM\u0130 NEDEN \u00d6NEML\u0130?<\/h3>\n<p>Film, yaln\u0131zca bir biyografi de\u011fil. Ayn\u0131 zamanda T\u00fcrkiye\u2019de sinema tarihine damga vuran dostluklar\u0131n, d\u00f6nemin zorluklar\u0131n\u0131n ve sahne arkas\u0131ndaki bilinmeyen hik\u00e2yelerin de perdeye yans\u0131mas\u0131 olacak. Usta oyuncular\u0131n gen\u00e7li\u011fini oynayacak yeni nesil isimler ise ge\u00e7mi\u015fle bug\u00fcn\u00fc bulu\u015fturarak sinema tarihine anlaml\u0131 bir katk\u0131 sa\u011flayacak.<\/p>\n","protected":false},"excerpt":{"rendered":"<p>Ye\u015fil\u00e7am\u2019\u0131n efsane ismi Adile Na\u015fit\u2019in hayat\u0131n\u0131 beyaz perdeye ta\u015f\u0131yacak \u201cAdile\u201d filmi i\u00e7in geri say\u0131m ba\u015flad\u0131. BKM yap\u0131m\u0131 olan film, g\u00fc\u00e7l\u00fc oyuncu kadrosu ve nostaljik atmosferiyle dikkat \u00e7ekerken, H\u00fclya Ko\u00e7yi\u011fit\u2019in gen\u00e7li\u011fini oynayacak isim de belli oldu. \u0130\u015fte detaylar&#8230;<\/p>\n","protected":false},"author":28,"featured_media":185418,"comment_status":"closed","ping_status":"closed","sticky":false,"template":"","format":"standard","meta":{"rank_math_lock_modified_date":true,"footnotes":""},"categories":[76],"tags":[23388,23386,23389,23387,2218],"class_list":["post-185372","post","type-post","status-publish","format-standard","has-post-thumbnail","hentry","category-magazin","tag-adile-filmi-ne-zaman-cikacak","tag-adile-filmi-oyuncu-kadrosu","tag-cagan-irmak-yeni-filmi","tag-hulya-kocyigit-gencligi-kim-oynuyor","tag-magazin-haberleri"],"_links":{"self":[{"href":"https:\/\/www.tgrthaber.com\/mavikadin\/wp-json\/wp\/v2\/posts\/185372"}],"collection":[{"href":"https:\/\/www.tgrthaber.com\/mavikadin\/wp-json\/wp\/v2\/posts"}],"about":[{"href":"https:\/\/www.tgrthaber.com\/mavikadin\/wp-json\/wp\/v2\/types\/post"}],"author":[{"embeddable":true,"href":"https:\/\/www.tgrthaber.com\/mavikadin\/wp-json\/wp\/v2\/users\/28"}],"replies":[{"embeddable":true,"href":"https:\/\/www.tgrthaber.com\/mavikadin\/wp-json\/wp\/v2\/comments?post=185372"}],"version-history":[{"count":3,"href":"https:\/\/www.tgrthaber.com\/mavikadin\/wp-json\/wp\/v2\/posts\/185372\/revisions"}],"predecessor-version":[{"id":185425,"href":"https:\/\/www.tgrthaber.com\/mavikadin\/wp-json\/wp\/v2\/posts\/185372\/revisions\/185425"}],"wp:featuredmedia":[{"embeddable":true,"href":"https:\/\/www.tgrthaber.com\/mavikadin\/wp-json\/wp\/v2\/media\/185418"}],"wp:attachment":[{"href":"https:\/\/www.tgrthaber.com\/mavikadin\/wp-json\/wp\/v2\/media?parent=185372"}],"wp:term":[{"taxonomy":"category","embeddable":true,"href":"https:\/\/www.tgrthaber.com\/mavikadin\/wp-json\/wp\/v2\/categories?post=185372"},{"taxonomy":"post_tag","embeddable":true,"href":"https:\/\/www.tgrthaber.com\/mavikadin\/wp-json\/wp\/v2\/tags?post=185372"}],"curies":[{"name":"wp","href":"https:\/\/api.w.org\/{rel}","templated":true}]}}