{"id":185409,"date":"2025-05-31T13:30:59","date_gmt":"2025-05-31T10:30:59","guid":{"rendered":"https:\/\/www.tgrthaber.com\/mavikadin\/?p=185409"},"modified":"2025-05-31T13:30:59","modified_gmt":"2025-05-31T10:30:59","slug":"galatasaray-taraftari-coskun-sabah-aciklamasiyla-sasirtti-fenerbahce-icin-mars-yaparim","status":"publish","type":"post","link":"https:\/\/www.tgrthaber.com\/mavikadin\/galatasaray-taraftari-coskun-sabah-aciklamasiyla-sasirtti-fenerbahce-icin-mars-yaparim\/","title":{"rendered":"Galatasaray taraftar\u0131 Co\u015fkun Sabah a\u00e7\u0131klamas\u0131yla \u015fa\u015f\u0131rtt\u0131! \u2018Fenerbah\u00e7e i\u00e7in mar\u015f yapar\u0131m\u2019"},"content":{"rendered":"<p>Koyu bir Galatasaray tutkunu oldu\u011fu bilinen sanat\u00e7\u0131 Co\u015fkun Sabah yapt\u0131\u011f\u0131 a\u00e7\u0131klama ile herkesi \u015foke etti. \u00d6zellikle Galatasaray taraftarlar\u0131n\u0131n tepkisini \u00e7eken \u00fcnl\u00fc ismin ge\u00e7ti\u011fimiz pazar g\u00fcn\u00fc Yenikap\u0131 Meydan\u0131&#8217;nda d\u00fczenlenen \u015fampiyonluk kutlamalar\u0131nda sahneye \u00e7\u0131kaca\u011f\u0131 duyurulmu\u015ftu.<\/p>\n<h3>GALATASARAY TARAFTARI CO\u015eKUN SABAH A\u00c7IKLAMASIYLA \u015eA\u015eIRTTI!<\/h3>\n<p>Co\u015fkun Sabah&#8217;\u0131n ge\u00e7ti\u011fimiz pazar g\u00fcn\u00fc Yenikap\u0131 Meydan\u0131&#8217;nda ger\u00e7ekle\u015ftirilen Galatasaray&#8217;\u0131n \u015fampiyonluk kutlamalar\u0131nda sahneye \u00e7\u0131kaca\u011f\u0131 \u00f6\u011frenilmi\u015fti. Sahne alacak \u015fark\u0131c\u0131lar aras\u0131nda ad\u0131 bulunan Co\u015fkun Sabah, kutlamalara 12 saat kala telefon ald\u0131\u011f\u0131n\u0131 anlatm\u0131\u015ft\u0131.<\/p>\n<p><img loading=\"lazy\" decoding=\"async\" class=\"alignnone size-full wp-image-185410\" src=\"https:\/\/www.tgrthaber.com\/mavikadin\/wp-content\/uploads\/coskun-sabah-1.png\" alt=\"\" width=\"1208\" height=\"680\" title=\"\" srcset=\"https:\/\/www.tgrthaber.com\/mavikadin\/wp-content\/uploads\/coskun-sabah-1.png 1208w, https:\/\/www.tgrthaber.com\/mavikadin\/wp-content\/uploads\/coskun-sabah-1-300x169.png 300w, https:\/\/www.tgrthaber.com\/mavikadin\/wp-content\/uploads\/coskun-sabah-1-1024x576.png 1024w, https:\/\/www.tgrthaber.com\/mavikadin\/wp-content\/uploads\/coskun-sabah-1-768x432.png 768w\" sizes=\"(max-width: 1208px) 100vw, 1208px\" \/><\/p>\n<hr \/>\n<p>Sosyal medya hesab\u0131ndan payla\u015ft\u0131\u011f\u0131 videoda sahne program\u0131n\u0131n iptal edildi\u011fini \u00f6\u011frendi\u011fini a\u00e7\u0131klayarak hayal k\u0131r\u0131kl\u0131\u011f\u0131n\u0131 ifade etmi\u015fti. \u0130lk \u00f6nce listede ad\u0131 olan ancak daha sonra ad\u0131 listeden silinen Sabah tatl\u0131 bir sitem etmi\u015fti.<\/p>\n<p>Galatasaray\u2019\u0131 ne kadar \u00e7ok sevdi\u011fi bilinen Co\u015fkun Sabah taraftar\u0131 oldu\u011fu tak\u0131ma bir de 25&#8217;inci \u015fampiyonluk mar\u015f\u0131 yapm\u0131\u015ft\u0131. Sahne alacak \u015fark\u0131c\u0131lar aras\u0131nda ad\u0131 olan Sabah kutlamalara az bir zaman kala ald\u0131\u011f\u0131 telefonla program\u0131n de\u011fi\u015fti\u011fini ve sahne alamayaca\u011f\u0131n\u0131 \u00f6\u011frenmi\u015fti.<\/p>\n<p><img loading=\"lazy\" decoding=\"async\" class=\"alignnone size-full wp-image-185411\" src=\"https:\/\/www.tgrthaber.com\/mavikadin\/wp-content\/uploads\/coskun-sabah-2.png\" alt=\"\" width=\"1208\" height=\"680\" title=\"\" srcset=\"https:\/\/www.tgrthaber.com\/mavikadin\/wp-content\/uploads\/coskun-sabah-2.png 1208w, https:\/\/www.tgrthaber.com\/mavikadin\/wp-content\/uploads\/coskun-sabah-2-300x169.png 300w, https:\/\/www.tgrthaber.com\/mavikadin\/wp-content\/uploads\/coskun-sabah-2-1024x576.png 1024w, https:\/\/www.tgrthaber.com\/mavikadin\/wp-content\/uploads\/coskun-sabah-2-768x432.png 768w\" sizes=\"(max-width: 1208px) 100vw, 1208px\" \/><\/p>\n<hr \/>\n<p>Bu durum Co\u015fkun Sabah\u2019\u0131 bir hayli \u00fczm\u00fc\u015ft\u00fc. Zira taraftar\u0131 oldu\u011fu tak\u0131ma bir de 25&#8217;inci \u015fampiyonluk mar\u015f\u0131 yapm\u0131\u015ft\u0131. Sabah, hafta boyu her f\u0131rsatta k\u0131rg\u0131nl\u0131\u011f\u0131n\u0131, k\u0131zg\u0131nl\u0131\u011f\u0131n\u0131 ifade etmi\u015fti. Hatta Galatasaray Ba\u015fkan\u0131 Dursun \u00d6zbek&#8217;e \u00e7a\u011fr\u0131da bulunarak mahrumiyetiyle ilgilenmesini istemi\u015fti. Yapt\u0131\u011f\u0131 mar\u015f\u0131 da kul\u00fcbe hediye edece\u011fini belirtmi\u015fti.<\/p>\n<p>Ancak Co\u015fkun Sabah kat\u0131ld\u0131\u011f\u0131 bir televizyon program\u0131nda Galatasaray taraftarlar\u0131n\u0131 \u015foke eden bir a\u00e7\u0131klamada bulundu; &#8220;Ali Ko\u00e7, kesenin a\u011fz\u0131n\u0131 a\u00e7arsa Fenerbah\u00e7e i\u00e7in de mar\u015f yapar\u0131m.&#8221;<br \/>\nSabah bu a\u00e7\u0131klamas\u0131ndan sonra \u00f6zellikle Galatasaray taraftar\u0131n\u0131n tepkisini \u00e7ekti.<\/p>\n<p><img loading=\"lazy\" decoding=\"async\" class=\"alignnone size-full wp-image-185413\" src=\"https:\/\/www.tgrthaber.com\/mavikadin\/wp-content\/uploads\/coskun-sabah-4.png\" alt=\"\" width=\"1208\" height=\"680\" title=\"\" srcset=\"https:\/\/www.tgrthaber.com\/mavikadin\/wp-content\/uploads\/coskun-sabah-4.png 1208w, https:\/\/www.tgrthaber.com\/mavikadin\/wp-content\/uploads\/coskun-sabah-4-300x169.png 300w, https:\/\/www.tgrthaber.com\/mavikadin\/wp-content\/uploads\/coskun-sabah-4-1024x576.png 1024w, https:\/\/www.tgrthaber.com\/mavikadin\/wp-content\/uploads\/coskun-sabah-4-768x432.png 768w\" sizes=\"(max-width: 1208px) 100vw, 1208px\" \/><\/p>\n<hr \/>\n<h3>CO\u015eKUN SABAH&#8217;IN G\u00dcNDEM OLAN A\u00c7IKLAMASI<\/h3>\n<p>Co\u015fkun Sabah, yapt\u0131\u011f\u0131 a\u00e7\u0131klamada \u20184 g\u00fcn \u00f6nce resmi sayfadan medyaya yap\u0131lan servislerde programda oldu\u011fum g\u00f6z\u00fck\u00fcyordu. Ama d\u00fcn ak\u015fam bir de\u011fi\u015fikle menajerler rahat durmam\u0131\u015flar. Sanat\u00e7\u0131lar\u0131n\u0131 promosyonlu yapmak i\u00e7in organizasyonu \u00e7ok \u00e7ok rahats\u0131z etmi\u015fler. Bir de\u011fi\u015fikli\u011fe gidilmi\u015f. Ama kul\u00fcbe yak\u0131\u015fmad\u0131. Ger\u00e7i ben de Ankara\u2019dan gelecektim, yorgun arg\u0131n u\u00e7aktan nas\u0131l gidece\u011fim derken Hopdedik Ayhan\u2019dan haberi ald\u0131k, liste de\u011fi\u015fti diye. Neyse sa\u011fl\u0131k olsun, yani biz bu ak\u015fam yokuz.\u2019 dedi.<\/p>\n","protected":false},"excerpt":{"rendered":"<p>Galatasaray tutkunu oldu\u011fu bilinen \u00fcnl\u00fc \u015fark\u0131c\u0131 Co\u015fkun Sabah Fenerbah\u00e7e&#8217;ye mar\u015f yapabilece\u011fini a\u00e7\u0131klad\u0131. Sabah bu a\u00e7\u0131klamas\u0131n\u0131 \u015fampiyonluk kutlamalar\u0131nda sahne program\u0131n\u0131n iptal olmas\u0131ndan sonra dile getirdi.<\/p>\n","protected":false},"author":5,"featured_media":185412,"comment_status":"closed","ping_status":"closed","sticky":false,"template":"","format":"standard","meta":{"rank_math_lock_modified_date":false,"footnotes":""},"categories":[76],"tags":[16656,22752,985,133,22753],"class_list":["post-185409","post","type-post","status-publish","format-standard","has-post-thumbnail","hentry","category-magazin","tag-ali-koc","tag-coskun-sabah","tag-galatasaray","tag-magazin","tag-yenikapi"],"_links":{"self":[{"href":"https:\/\/www.tgrthaber.com\/mavikadin\/wp-json\/wp\/v2\/posts\/185409"}],"collection":[{"href":"https:\/\/www.tgrthaber.com\/mavikadin\/wp-json\/wp\/v2\/posts"}],"about":[{"href":"https:\/\/www.tgrthaber.com\/mavikadin\/wp-json\/wp\/v2\/types\/post"}],"author":[{"embeddable":true,"href":"https:\/\/www.tgrthaber.com\/mavikadin\/wp-json\/wp\/v2\/users\/5"}],"replies":[{"embeddable":true,"href":"https:\/\/www.tgrthaber.com\/mavikadin\/wp-json\/wp\/v2\/comments?post=185409"}],"version-history":[{"count":2,"href":"https:\/\/www.tgrthaber.com\/mavikadin\/wp-json\/wp\/v2\/posts\/185409\/revisions"}],"predecessor-version":[{"id":185415,"href":"https:\/\/www.tgrthaber.com\/mavikadin\/wp-json\/wp\/v2\/posts\/185409\/revisions\/185415"}],"wp:featuredmedia":[{"embeddable":true,"href":"https:\/\/www.tgrthaber.com\/mavikadin\/wp-json\/wp\/v2\/media\/185412"}],"wp:attachment":[{"href":"https:\/\/www.tgrthaber.com\/mavikadin\/wp-json\/wp\/v2\/media?parent=185409"}],"wp:term":[{"taxonomy":"category","embeddable":true,"href":"https:\/\/www.tgrthaber.com\/mavikadin\/wp-json\/wp\/v2\/categories?post=185409"},{"taxonomy":"post_tag","embeddable":true,"href":"https:\/\/www.tgrthaber.com\/mavikadin\/wp-json\/wp\/v2\/tags?post=185409"}],"curies":[{"name":"wp","href":"https:\/\/api.w.org\/{rel}","templated":true}]}}