{"id":185426,"date":"2025-05-31T14:36:35","date_gmt":"2025-05-31T11:36:35","guid":{"rendered":"https:\/\/www.tgrthaber.com\/mavikadin\/?p=185426"},"modified":"2025-05-31T14:38:51","modified_gmt":"2025-05-31T11:38:51","slug":"danla-bilic-moda-sahnesine-geri-donuyor-iste-benim-stilim-finalinde-buyuk-surpriz","status":"publish","type":"post","link":"https:\/\/www.tgrthaber.com\/mavikadin\/danla-bilic-moda-sahnesine-geri-donuyor-iste-benim-stilim-finalinde-buyuk-surpriz\/","title":{"rendered":"Danla Bili\u00e7 moda sahnesine geri d\u00f6n\u00fcyor! \u0130\u015fte Benim Stilim finalinde b\u00fcy\u00fck s\u00fcrpriz"},"content":{"rendered":"<p>Moda ve \u015fov d\u00fcnyas\u0131n\u0131n bulu\u015fma noktas\u0131 \u201c\u0130\u015fte Benim Stilim\u201d, bu hafta izleyicilere unutulmaz bir final b\u00f6l\u00fcm\u00fc vadederken, j\u00fcri koltu\u011funda oturacak s\u00fcrpriz isim sosyal medyay\u0131 \u015fimdiden kar\u0131\u015ft\u0131rd\u0131. Yar\u0131\u015fman\u0131n bu haftaki konsepti Ye\u015fil\u00e7am. Konuk j\u00fcri ise son g\u00fcnlerde \u00f6zel hayat\u0131yla g\u00fcndemden d\u00fc\u015fmeyen Danla Bilic.<\/p>\n<h3>YE\u015e\u0130L\u00c7AM KONSEPT\u0130YLE NOSTALJ\u0130 R\u00dcZGARI ESECEK<\/h3>\n<p>TV8 ekranlar\u0131nda yeniden ba\u015flayan \u201c\u0130\u015fte Benim Stilim\u201d, yeni sezonuyla birlikte hem j\u00fcrisi hem de yar\u0131\u015fmac\u0131lar\u0131yla dikkatleri \u00fczerine \u00e7ekmeye devam ediyor. Her hafta farkl\u0131 konseptlerde giyinen yar\u0131\u015fmac\u0131lar, bu kez T\u00fcrk sinemas\u0131n\u0131n alt\u0131n y\u0131llar\u0131na selam duracak.<\/p>\n<div style=\"width: 640px;\" class=\"wp-video\"><!--[if lt IE 9]><script>document.createElement('video');<\/script><![endif]-->\n<video class=\"wp-video-shortcode\" id=\"video-185426-1\" width=\"640\" height=\"1138\" preload=\"metadata\" controls=\"controls\"><source type=\"video\/mp4\" src=\"https:\/\/www.tgrthaber.com\/mavikadin\/wp-content\/uploads\/WhatsApp-Video-2025-05-31-at-14.25.47.mp4?_=1\" \/><a href=\"https:\/\/www.tgrthaber.com\/mavikadin\/wp-content\/uploads\/WhatsApp-Video-2025-05-31-at-14.25.47.mp4\">https:\/\/www.tgrthaber.com\/mavikadin\/wp-content\/uploads\/WhatsApp-Video-2025-05-31-at-14.25.47.mp4<\/a><\/video><\/div>\n<hr \/>\n<p>Konseptin amac\u0131 sadece k\u0131yafet de\u011fil. Yar\u0131\u015fmac\u0131lardan, rollendirdikleri Ye\u015fil\u00e7am karakterlerinin ruhunu ta\u015f\u0131malar\u0131, mimiklerinden ses tonlar\u0131na kadar b\u00fct\u00fcnc\u00fcl bir performans sergilemeleri bekleniyor. Bu da j\u00fcri de\u011ferlendirmesini daha da kritik hale getiriyor.<\/p>\n<p><img loading=\"lazy\" decoding=\"async\" class=\"alignnone size-full wp-image-185443\" src=\"https:\/\/www.tgrthaber.com\/mavikadin\/wp-content\/uploads\/2-1146.png\" alt=\"\" width=\"1280\" height=\"720\" title=\"\" srcset=\"https:\/\/www.tgrthaber.com\/mavikadin\/wp-content\/uploads\/2-1146.png 1280w, https:\/\/www.tgrthaber.com\/mavikadin\/wp-content\/uploads\/2-1146-300x169.png 300w, https:\/\/www.tgrthaber.com\/mavikadin\/wp-content\/uploads\/2-1146-1024x576.png 1024w, https:\/\/www.tgrthaber.com\/mavikadin\/wp-content\/uploads\/2-1146-768x432.png 768w\" sizes=\"(max-width: 1280px) 100vw, 1280px\" \/><\/p>\n<hr \/>\n<h3>DANLA B\u0130L\u0130C J\u00dcR\u0130 KOLTU\u011eUNDA<\/h3>\n<p>Program\u0131n final gecesine damgas\u0131n\u0131 vurmas\u0131 beklenen en \u00f6nemli detaylardan biri de j\u00fcri koltu\u011funa konuk olacak isim: Danla Bilic. G\u00fczellik ve makyaj videolar\u0131yla sosyal medyada fenomen haline gelen Bilic, son d\u00f6nemde yapt\u0131\u011f\u0131 \u00e7\u0131k\u0131\u015flarla yaln\u0131zca influencer kimli\u011fiyle de\u011fil, yorumlar\u0131 ve sivri diliyle de g\u00fcndemde.<\/p>\n<div style=\"width: 640px;\" class=\"wp-video\"><video class=\"wp-video-shortcode\" id=\"video-185426-2\" width=\"640\" height=\"1138\" preload=\"metadata\" controls=\"controls\"><source type=\"video\/mp4\" src=\"https:\/\/www.tgrthaber.com\/mavikadin\/wp-content\/uploads\/WhatsApp-Video-2025-05-31-at-14.25.54.mp4?_=2\" \/><a href=\"https:\/\/www.tgrthaber.com\/mavikadin\/wp-content\/uploads\/WhatsApp-Video-2025-05-31-at-14.25.54.mp4\">https:\/\/www.tgrthaber.com\/mavikadin\/wp-content\/uploads\/WhatsApp-Video-2025-05-31-at-14.25.54.mp4<\/a><\/video><\/div>\n<hr \/>\n<p>Daha \u00f6nce moda \u00fczerine yapt\u0131\u011f\u0131 de\u011ferlendirmeler, takip\u00e7ileri taraf\u0131ndan dikkatle izlenen Bilic\u2019in, yar\u0131\u015fmac\u0131lara yapaca\u011f\u0131 yorumlar\u0131n sosyal medyada geni\u015f yank\u0131 uyand\u0131rmas\u0131 bekleniyor. Danla\u2019n\u0131n tarz\u0131, ekran enerjisi ve dobra tav\u0131rlar\u0131yla geceye ayr\u0131 bir renk kataca\u011f\u0131 kesin.<\/p>\n<p><img loading=\"lazy\" decoding=\"async\" class=\"alignnone size-full wp-image-185445\" src=\"https:\/\/www.tgrthaber.com\/mavikadin\/wp-content\/uploads\/4-927.png\" alt=\"\" width=\"1280\" height=\"720\" title=\"\" srcset=\"https:\/\/www.tgrthaber.com\/mavikadin\/wp-content\/uploads\/4-927.png 1280w, https:\/\/www.tgrthaber.com\/mavikadin\/wp-content\/uploads\/4-927-300x169.png 300w, https:\/\/www.tgrthaber.com\/mavikadin\/wp-content\/uploads\/4-927-1024x576.png 1024w, https:\/\/www.tgrthaber.com\/mavikadin\/wp-content\/uploads\/4-927-768x432.png 768w\" sizes=\"(max-width: 1280px) 100vw, 1280px\" \/><\/p>\n<hr \/>\n<h3>DANLA B\u0130L\u0130C G\u00dcNDEMDEN D\u00dc\u015eM\u00dcYOR<\/h3>\n<p>Son d\u00f6nemde yaln\u0131zca sosyal medya payla\u015f\u0131mlar\u0131yla de\u011fil, \u00f6zel hayat\u0131ndaki \u00e7alkant\u0131larla da g\u00fcndemde olan Danla Bilic, j\u00fcri koltu\u011fundaki varl\u0131\u011f\u0131yla dikkat \u00e7ekecek. Ge\u00e7ti\u011fimiz aylarda eski sevgilisi Berk \u00c7etin ile ya\u015fad\u0131\u011f\u0131 olaylar kamuoyunu derinden sarsm\u0131\u015ft\u0131. Bilic, ili\u015fkileri bittikten sonra fiziksel \u015fiddet, tehdit ve taciz g\u00f6rd\u00fc\u011f\u00fcn\u00fc a\u00e7\u0131klam\u0131\u015f, eski sevgilisinin evine zorla girmeye \u00e7al\u0131\u015ft\u0131\u011f\u0131n\u0131 ve bir restoranda sald\u0131r\u0131ya u\u011frad\u0131\u011f\u0131n\u0131 duyurmu\u015ftu. Bu s\u00fcre\u00e7te savc\u0131l\u0131\u011fa su\u00e7 duyurusunda bulunan Bilic\u2019e, hem hayranlar\u0131ndan hem de eski sevgilisi rap\u00e7i \u00c7akal\u2019dan destek mesajlar\u0131 ya\u011fd\u0131. Ya\u015fad\u0131\u011f\u0131 zor g\u00fcnlerin ard\u0131ndan sessizli\u011fini bozarak yeniden ekranlara d\u00f6nmesi, onun hem g\u00fc\u00e7l\u00fc duru\u015funu hem de yeniden aya\u011fa kalkma kararl\u0131l\u0131\u011f\u0131n\u0131 yans\u0131t\u0131yor.<\/p>\n","protected":false},"excerpt":{"rendered":"<p>Moda ve televizyon d\u00fcnyas\u0131n\u0131n sevilen program\u0131 \u2018\u0130\u015fte Benim Stilim\u2019, bu haftaki finalinde Ye\u015fil\u00e7am konseptiyle ekranlara d\u00f6n\u00fcyor. S\u00fcrpriz j\u00fcri \u00fcyesi olarak Danla Bilic\u2019in yer alaca\u011f\u0131 b\u00f6l\u00fcm, hem nostalji hem de rekabet dolu anlara sahne olacak.<\/p>\n","protected":false},"author":28,"featured_media":185442,"comment_status":"closed","ping_status":"closed","sticky":false,"template":"","format":"standard","meta":{"rank_math_lock_modified_date":false,"footnotes":""},"categories":[76],"tags":[2654,7559,23393,23394,2218],"class_list":["post-185426","post","type-post","status-publish","format-standard","has-post-thumbnail","hentry","category-magazin","tag-danla-bilic","tag-iste-benim-stilim","tag-iste-benim-stilim-danla-bilic","tag-iste-benim-stilim-final-haftasi","tag-magazin-haberleri"],"_links":{"self":[{"href":"https:\/\/www.tgrthaber.com\/mavikadin\/wp-json\/wp\/v2\/posts\/185426"}],"collection":[{"href":"https:\/\/www.tgrthaber.com\/mavikadin\/wp-json\/wp\/v2\/posts"}],"about":[{"href":"https:\/\/www.tgrthaber.com\/mavikadin\/wp-json\/wp\/v2\/types\/post"}],"author":[{"embeddable":true,"href":"https:\/\/www.tgrthaber.com\/mavikadin\/wp-json\/wp\/v2\/users\/28"}],"replies":[{"embeddable":true,"href":"https:\/\/www.tgrthaber.com\/mavikadin\/wp-json\/wp\/v2\/comments?post=185426"}],"version-history":[{"count":1,"href":"https:\/\/www.tgrthaber.com\/mavikadin\/wp-json\/wp\/v2\/posts\/185426\/revisions"}],"predecessor-version":[{"id":185448,"href":"https:\/\/www.tgrthaber.com\/mavikadin\/wp-json\/wp\/v2\/posts\/185426\/revisions\/185448"}],"wp:featuredmedia":[{"embeddable":true,"href":"https:\/\/www.tgrthaber.com\/mavikadin\/wp-json\/wp\/v2\/media\/185442"}],"wp:attachment":[{"href":"https:\/\/www.tgrthaber.com\/mavikadin\/wp-json\/wp\/v2\/media?parent=185426"}],"wp:term":[{"taxonomy":"category","embeddable":true,"href":"https:\/\/www.tgrthaber.com\/mavikadin\/wp-json\/wp\/v2\/categories?post=185426"},{"taxonomy":"post_tag","embeddable":true,"href":"https:\/\/www.tgrthaber.com\/mavikadin\/wp-json\/wp\/v2\/tags?post=185426"}],"curies":[{"name":"wp","href":"https:\/\/api.w.org\/{rel}","templated":true}]}}