{"id":185500,"date":"2025-05-31T16:06:26","date_gmt":"2025-05-31T13:06:26","guid":{"rendered":"https:\/\/www.tgrthaber.com\/mavikadin\/?p=185500"},"modified":"2025-05-31T16:24:09","modified_gmt":"2025-05-31T13:24:09","slug":"mersinde-evimiz-atolye-projesi-kadinlarla-bulustu-kadinlar-ekonomik-hayata-dahil-oluyor","status":"publish","type":"post","link":"https:\/\/www.tgrthaber.com\/mavikadin\/mersinde-evimiz-atolye-projesi-kadinlarla-bulustu-kadinlar-ekonomik-hayata-dahil-oluyor\/","title":{"rendered":"Mersin\u2019de &#8216;Evimiz At\u00f6lye&#8217; projesi kad\u0131nlarla bulu\u015ftu! Kad\u0131nlar ekonomik hayata dahil oluyor"},"content":{"rendered":"<p>Mersin\u2019de kad\u0131nlar\u0131n \u00fcretime kat\u0131l\u0131m\u0131n\u0131 art\u0131rmak amac\u0131yla hayata ge\u00e7irilen \u2018Evimiz At\u00f6lye\u2019 projesi, 46. dura\u011f\u0131 olan Mesudiye Mahallesi\u2019nde kad\u0131nlarla bulu\u015ftu. Proje sayesinde kad\u0131nlar\u0131n hem meslek \u00f6\u011frendi\u011fi hem de sosyalle\u015ferek ekonomik hayata dahil oldu\u011fu belirtildi.<\/p>\n<h3>MERS\u0130N\u2019DE &#8216;EV\u0130M\u0130Z AT\u00d6LYE&#8217; PROJES\u0130 KADINLARLA BULU\u015eTU!<\/h3>\n<p>Mersin B\u00fcy\u00fck\u015fehir Belediyesi Kad\u0131n ve Aile Hizmetleri Dairesi Ba\u015fkanl\u0131\u011f\u0131 b\u00fcnyesinde y\u00fcr\u00fct\u00fclen ve Mersinden Kad\u0131n Kooperatifi\u2019nin de payda\u015f\u0131 oldu\u011fu \u2018Evimiz At\u00f6lye\u2019 projesi b\u00fcy\u00fcmeye devam ediyor. \u2018Elde Var Yetenek, Evde Var Ekmek\u2019 slogan\u0131yla yola \u00e7\u0131kan ve bug\u00fcne kadar binlerce kad\u0131n\u0131n hayat\u0131na dokunan projenin 46. dura\u011f\u0131, Mesudiye Mahallesi oldu. Kad\u0131nlar oyuncak kedi dikti, diki\u015f teknikleri \u00f6\u011frendi, \u00e7ocuklar\u0131yla birlikte etkinliklere kat\u0131ld\u0131. Proje, ba\u015flad\u0131\u011f\u0131 g\u00fcnden bu yana 2 bin 610 kad\u0131na dokundu. Oyuncak yap\u0131m at\u00f6lyesinde bir araya gelen Mesudiye Mahallesi kad\u0131nlar\u0131, e\u011fitimlerini tamamlayarak sertifika almaya hak kazand\u0131. Kad\u0131nlar\u0131n bu mutlu g\u00fcn\u00fcne, Mersinden Kad\u0131n Kooperatifi Ba\u015fkan\u0131 Meral Se\u00e7er de ortak oldu.Projenin, \u00f6n\u00fcm\u00fczdeki g\u00fcnlerde farkl\u0131 kesimlere de ula\u015ft\u0131r\u0131laca\u011f\u0131 ifade edildi.<\/p>\n<p><img loading=\"lazy\" decoding=\"async\" class=\"alignnone size-full wp-image-185501\" src=\"https:\/\/www.tgrthaber.com\/mavikadin\/wp-content\/uploads\/Mersin-1-5.png\" alt=\"\" width=\"1208\" height=\"680\" title=\"\" srcset=\"https:\/\/www.tgrthaber.com\/mavikadin\/wp-content\/uploads\/Mersin-1-5.png 1208w, https:\/\/www.tgrthaber.com\/mavikadin\/wp-content\/uploads\/Mersin-1-5-300x169.png 300w, https:\/\/www.tgrthaber.com\/mavikadin\/wp-content\/uploads\/Mersin-1-5-1024x576.png 1024w, https:\/\/www.tgrthaber.com\/mavikadin\/wp-content\/uploads\/Mersin-1-5-768x432.png 768w\" sizes=\"(max-width: 1208px) 100vw, 1208px\" \/><\/p>\n<hr \/>\n<p>Muhtarl\u0131kta ger\u00e7ekle\u015fen etkinlikte, kad\u0131nlar \u00e7ocuklar\u0131 ile gelerek doyas\u0131ya e\u011flenmenin tad\u0131n\u0131 \u00e7\u0131kard\u0131. Etkinlikte MESK\u0130, kad\u0131nlara tasarruflu su kullanmaya dair bilgiler verirken,kurumun maskotu \u2018Su Damlas\u0131\u2019 ise \u00e7ocuklarla dans etti. Anneler g\u00fcn\u00fcn tad\u0131n\u0131 \u00e7\u0131kar\u0131rken, \u00e7ocuklar ise y\u00fcz boyama etkinli\u011finin ard\u0131ndan resim boyama yapt\u0131. Ayr\u0131ca \u00e7ocuklara, alan\u0131nda uzman pedagoglar taraf\u0131ndan \u2018Mahremiyet\u2019 konusunda bilgiler de verildi.<\/p>\n<h3>&#8220;KADINLARIN HUZURLU OLMASI, A\u0130LEN\u0130N VE TOPLUMUN HUZURLU OLMASI DEMEKT\u0130R&#8221;<\/h3>\n<p>B\u00fct\u00fcn kad\u0131nlar\u0131 selamlayan Mersinden Kad\u0131n Kooperatifi Ba\u015fkan\u0131 Meral Se\u00e7er, &#8220;Mesudiye bu projede yer alan 46. mahallemiz oluyor. Mersin B\u00fcy\u00fck\u015fehir Belediyesi Kad\u0131n ve Aile Hizmetleri Dairesi Ba\u015fkanl\u0131\u011f\u0131 ve Mersinden Kad\u0131n Kooperatifi i\u015f birli\u011fi ile yapt\u0131\u011f\u0131m\u0131z bir proje. 46 mahallede sizin gibi b\u00f6yle tatl\u0131, candan kad\u0131n arkada\u015flar\u0131m\u0131zla birlikte \u00e7al\u0131\u015f\u0131yoruz. \u00d6ncelikle size ba\u015fkan\u0131m\u0131z\u0131n selam\u0131n\u0131 iletmek istiyorum, hepinize \u00e7ok selam\u0131 var&#8221; dedi.<\/p>\n<p><img loading=\"lazy\" decoding=\"async\" class=\"alignnone size-full wp-image-185502\" src=\"https:\/\/www.tgrthaber.com\/mavikadin\/wp-content\/uploads\/Mersin-2-5.png\" alt=\"\" width=\"1208\" height=\"680\" title=\"\" srcset=\"https:\/\/www.tgrthaber.com\/mavikadin\/wp-content\/uploads\/Mersin-2-5.png 1208w, https:\/\/www.tgrthaber.com\/mavikadin\/wp-content\/uploads\/Mersin-2-5-300x169.png 300w, https:\/\/www.tgrthaber.com\/mavikadin\/wp-content\/uploads\/Mersin-2-5-1024x576.png 1024w, https:\/\/www.tgrthaber.com\/mavikadin\/wp-content\/uploads\/Mersin-2-5-768x432.png 768w\" sizes=\"(max-width: 1208px) 100vw, 1208px\" \/><\/p>\n<hr \/>\n<p>Ba\u015fkan Vahap Se\u00e7er\u2019in, kad\u0131n ve \u00e7ocuklar\u0131 \u00f6nceleyen projeler yapt\u0131\u011f\u0131na dikkat \u00e7eken Meral Se\u00e7er, kooperatif olarak kendilerinin de bu projeye \u00f6zel bir ilgilerinin oldu\u011funu vurgulad\u0131.<\/p>\n<p>Kad\u0131nlarla bir arada olmaktan b\u00fcy\u00fck mutluluk duydu\u011funa de\u011finen Se\u00e7er, &#8220;Birbirimizi anlamak, dinlemek \u00e7ok k\u0131ymetli. 46 mahalledeki kad\u0131nlar\u0131n bize d\u00f6n\u00fc\u015f yapmalar\u0131, memnun olduklar\u0131n\u0131 s\u00f6ylemeleri bizim motivasyon kayna\u011f\u0131m\u0131z. Biz bunu daha \u00e7ok mahallede yapal\u0131m istiyoruz. Yapt\u0131\u011f\u0131m\u0131z mahallelerde de tekrar tekrar yap\u0131yoruz. Burada sosyalle\u015fmek, yeni arkada\u015flar edinmek, yeni i\u015fler edinmek \u00e7ok k\u0131ymetli. Kad\u0131nlar \u00e7ok \u00f6nemli, onlar\u0131n huzurlu olmas\u0131 ailenin, dolay\u0131s\u0131yla toplumun huzurlu olmas\u0131 demektir&#8221; \u015feklinde konu\u015ftu.<\/p>\n<p><img loading=\"lazy\" decoding=\"async\" class=\"alignnone size-full wp-image-185503\" src=\"https:\/\/www.tgrthaber.com\/mavikadin\/wp-content\/uploads\/Mersin-3-5.png\" alt=\"\" width=\"1208\" height=\"680\" title=\"\" srcset=\"https:\/\/www.tgrthaber.com\/mavikadin\/wp-content\/uploads\/Mersin-3-5.png 1208w, https:\/\/www.tgrthaber.com\/mavikadin\/wp-content\/uploads\/Mersin-3-5-300x169.png 300w, https:\/\/www.tgrthaber.com\/mavikadin\/wp-content\/uploads\/Mersin-3-5-1024x576.png 1024w, https:\/\/www.tgrthaber.com\/mavikadin\/wp-content\/uploads\/Mersin-3-5-768x432.png 768w\" sizes=\"(max-width: 1208px) 100vw, 1208px\" \/><\/p>\n<hr \/>\n<h3>&#8220;\u00dcRETT\u0130\u011e\u0130N\u0130Z \u00dcR\u00dcNLER, S\u0130Z\u0130N G\u0130B\u0130 ANNELER\u0130M\u0130Z\u0130N \u00c7OCUKLARINA G\u0130DECEK&#8221;<\/h3>\n<p>Ev kad\u0131nlar\u0131n\u0131n \u00e7al\u0131\u015fma imkan\u0131 bulamad\u0131\u011f\u0131na ve bu nedenle de ekonomik anlamda \u00f6zg\u00fcrle\u015femediklerinin de alt\u0131n\u0131 \u00e7izen Se\u00e7er, &#8220;Evimiz At\u00f6lye Projesi, evdeki gizli i\u015f g\u00fcc\u00fcn\u00fcn ortaya \u00e7\u0131kar\u0131lmas\u0131, kad\u0131nlar\u0131n sosyalle\u015fmesi, birbirini anlamas\u0131 ve dinlemesi i\u00e7in \u00e7ok \u00f6nemli. Bunun olumlu sonu\u00e7lar\u0131 da bizi mutlu ediyor. Sizler e\u011fitimlerinizi tamamlad\u0131n\u0131z ve \u00fcretti\u011finiz \u00fcr\u00fcnler, sizin gibi annelerimizin \u00e7ocuklar\u0131na gidecek. Ger\u00e7ekten sizlerle birlikte olmaktan dolay\u0131 \u00e7ok mutluyum. Umar\u0131m daha farkl\u0131 etkinliklerde bir arada olaca\u011f\u0131z&#8221; diyerek s\u00f6zlerini tamamlad\u0131.<\/p>\n","protected":false},"excerpt":{"rendered":"<p>Mersin\u2019de &#8216;Evimiz At\u00f6lye&#8217; projesi kad\u0131nlarla bir araya geldi. Kad\u0131nlar bu proje sayesinde hem ekonomik hayata dahil oluyor hem de sosyalle\u015fiyor.<\/p>\n","protected":false},"author":5,"featured_media":185504,"comment_status":"closed","ping_status":"closed","sticky":false,"template":"","format":"standard","meta":{"rank_math_lock_modified_date":false,"footnotes":""},"categories":[2149],"tags":[23408,3455,9614],"class_list":["post-185500","post","type-post","status-publish","format-standard","has-post-thumbnail","hentry","category-guclu-kadin","tag-evimiz-atolye","tag-guclu-kadin","tag-mersin"],"_links":{"self":[{"href":"https:\/\/www.tgrthaber.com\/mavikadin\/wp-json\/wp\/v2\/posts\/185500"}],"collection":[{"href":"https:\/\/www.tgrthaber.com\/mavikadin\/wp-json\/wp\/v2\/posts"}],"about":[{"href":"https:\/\/www.tgrthaber.com\/mavikadin\/wp-json\/wp\/v2\/types\/post"}],"author":[{"embeddable":true,"href":"https:\/\/www.tgrthaber.com\/mavikadin\/wp-json\/wp\/v2\/users\/5"}],"replies":[{"embeddable":true,"href":"https:\/\/www.tgrthaber.com\/mavikadin\/wp-json\/wp\/v2\/comments?post=185500"}],"version-history":[{"count":1,"href":"https:\/\/www.tgrthaber.com\/mavikadin\/wp-json\/wp\/v2\/posts\/185500\/revisions"}],"predecessor-version":[{"id":185505,"href":"https:\/\/www.tgrthaber.com\/mavikadin\/wp-json\/wp\/v2\/posts\/185500\/revisions\/185505"}],"wp:featuredmedia":[{"embeddable":true,"href":"https:\/\/www.tgrthaber.com\/mavikadin\/wp-json\/wp\/v2\/media\/185504"}],"wp:attachment":[{"href":"https:\/\/www.tgrthaber.com\/mavikadin\/wp-json\/wp\/v2\/media?parent=185500"}],"wp:term":[{"taxonomy":"category","embeddable":true,"href":"https:\/\/www.tgrthaber.com\/mavikadin\/wp-json\/wp\/v2\/categories?post=185500"},{"taxonomy":"post_tag","embeddable":true,"href":"https:\/\/www.tgrthaber.com\/mavikadin\/wp-json\/wp\/v2\/tags?post=185500"}],"curies":[{"name":"wp","href":"https:\/\/api.w.org\/{rel}","templated":true}]}}