{"id":185531,"date":"2025-05-31T16:38:59","date_gmt":"2025-05-31T13:38:59","guid":{"rendered":"https:\/\/www.tgrthaber.com\/mavikadin\/?p=185531"},"modified":"2025-05-31T16:47:33","modified_gmt":"2025-05-31T13:47:33","slug":"pasif-icicilik-alarm-veriyor-kalp-hastaligi-ve-kanser-riski-yuzde-27-artis-gosteriyor","status":"publish","type":"post","link":"https:\/\/www.tgrthaber.com\/mavikadin\/pasif-icicilik-alarm-veriyor-kalp-hastaligi-ve-kanser-riski-yuzde-27-artis-gosteriyor\/","title":{"rendered":"Pasif i\u00e7icilik alarm veriyor! Kalp hastal\u0131\u011f\u0131 ve kanser riski y\u00fczde 27 art\u0131\u015f g\u00f6steriyor"},"content":{"rendered":"<p>G\u00f6\u011f\u00fcs Hastal\u0131klar\u0131 Uzman\u0131 Do\u00e7. Dr. Fadime T\u00fcl\u00fcc\u00fc, D\u00fcnya T\u00fct\u00fcns\u00fcz G\u00fcn\u00fcnde uyard\u0131. &#8220;Sigara i\u00e7en ebeveynlerin \u00e7ocuklar\u0131nda bron\u015fit, zat\u00fcrre, ast\u0131m gibi solunum yolu rahats\u0131zl\u0131klar\u0131 daha s\u0131k g\u00f6r\u00fcl\u00fcyor&#8221; dedi.<\/p>\n<p>Sigara, \u00f6nlenebilir olmas\u0131na ra\u011fmen g\u00fcn\u00fcm\u00fczde hala d\u00fcnyan\u0131n en yayg\u0131n ve en \u00f6l\u00fcmc\u00fcl halk sa\u011fl\u0131\u011f\u0131 sorunlar\u0131ndan biri olmaya devam ediyor. D\u00fcnya Sa\u011fl\u0131k \u00d6rg\u00fct\u00fc (WHO) verilerine g\u00f6re, her g\u00fcn yakla\u015f\u0131k 14 bin, her y\u0131l ise 5,5 milyon insan sigaraya ba\u011fl\u0131 hastal\u0131klar nedeniyle hayat\u0131n\u0131 kaybediyor. Uzmanlar, bu say\u0131n\u0131n 2030 y\u0131l\u0131na kadar y\u0131lda 8,5 milyona ula\u015faca\u011f\u0131n\u0131 \u00f6ng\u00f6r\u00fcyor.<\/p>\n<h3>PAS\u0130F \u0130\u00c7\u0130C\u0130L\u0130K ALARM VER\u0130YOR!<\/h3>\n<p>D\u00fcnya T\u00fct\u00fcns\u00fcz G\u00fcn\u00fcnde a\u00e7\u0131klamalarda bulunan Yak\u0131n Do\u011fu \u00dcniversitesi Hastanesi Yenibo\u011fazi\u00e7i G\u00f6\u011f\u00fcs Hastal\u0131klar\u0131 Uzman\u0131 Do\u00e7. Dr. Fadime T\u00fcl\u00fcc\u00fc, sigaran\u0131n sa\u011fl\u0131k \u00fczerindeki y\u0131k\u0131c\u0131 etkilerine dikkat \u00e7ekti. Sigara kullan\u0131m\u0131n\u0131n masum bir al\u0131\u015fkanl\u0131k de\u011fil kronik bir hastal\u0131k oldu\u011funu ve \u00f6l\u00fcmc\u00fcl sonu\u00e7lar do\u011furdu\u011funu vurgulayan Do\u00e7. Dr. T\u00fcl\u00fcc\u00fc, &#8220;Sigara, \u00f6nlenebilir bir \u00f6l\u00fcm nedenidir ve b\u0131rakmak i\u00e7in mutlaka t\u0131bbi destek al\u0131nmal\u0131d\u0131r&#8221; dedi.<\/p>\n<p><img loading=\"lazy\" decoding=\"async\" class=\"alignnone size-full wp-image-185533\" src=\"https:\/\/www.tgrthaber.com\/mavikadin\/wp-content\/uploads\/pasif-icicilik-1.png\" alt=\"\" width=\"1208\" height=\"680\" title=\"\" srcset=\"https:\/\/www.tgrthaber.com\/mavikadin\/wp-content\/uploads\/pasif-icicilik-1.png 1208w, https:\/\/www.tgrthaber.com\/mavikadin\/wp-content\/uploads\/pasif-icicilik-1-300x169.png 300w, https:\/\/www.tgrthaber.com\/mavikadin\/wp-content\/uploads\/pasif-icicilik-1-1024x576.png 1024w, https:\/\/www.tgrthaber.com\/mavikadin\/wp-content\/uploads\/pasif-icicilik-1-768x432.png 768w\" sizes=\"(max-width: 1208px) 100vw, 1208px\" \/><\/p>\n<hr \/>\n<h3>7 B\u0130NDEN FAZLA K\u0130MYASAL MADDE BULUNUYOR<\/h3>\n<p>Sigaran\u0131n i\u00e7inde yedi binden fazla kimyasal madde bulundu\u011funa ve bunlardan en az 81&#8217;inin kansere neden oldu\u011funa dikkat \u00e7eken Do\u00e7. Dr. T\u00fcl\u00fcc\u00fc, &#8220;Sigaray\u0131 deneyen her \u00fc\u00e7 \u00e7ocuktan biri ba\u011f\u0131ml\u0131 hale geliyor&#8221; ifadelerini kulland\u0131.<\/p>\n<p>Bireylerdeki gen haritas\u0131n\u0131n farkl\u0131l\u0131\u011f\u0131 nedeniyle, ba\u011f\u0131ml\u0131l\u0131k derecesi gibi ki\u015filerde yapt\u0131\u011f\u0131 hastal\u0131k yapma etkilerinin de farl\u0131l\u0131k g\u00f6sterdi\u011fini s\u00f6zlerine ekledi. Sigaran\u0131n ba\u015fta akci\u011fer olmak \u00fczere t\u00fcm organlarda kal\u0131c\u0131 hasar b\u0131rakt\u0131\u011f\u0131n\u0131 belirten Do\u00e7. Dr. T\u00fcl\u00fcc\u00fc; sigaran\u0131n KOAH, akci\u011fer kanseri, kalp ve damar hastal\u0131klar\u0131 gibi bir\u00e7ok ciddi sa\u011fl\u0131k sorununa yol a\u00e7t\u0131\u011f\u0131n\u0131 s\u00f6yledi. Ayr\u0131ca damarlar\u0131 daraltarak kalp krizi riskini art\u0131rd\u0131\u011f\u0131n\u0131 ve ba\u011f\u0131\u015f\u0131kl\u0131k sistemini zay\u0131flatarak v\u00fccudu enfeksiyonlara kar\u015f\u0131 savunmas\u0131z b\u0131rakt\u0131\u011f\u0131n\u0131 ifade etti.<\/p>\n<p><img loading=\"lazy\" decoding=\"async\" class=\"alignnone size-full wp-image-185534\" src=\"https:\/\/www.tgrthaber.com\/mavikadin\/wp-content\/uploads\/pasif-icicilik-4.png\" alt=\"\" width=\"1208\" height=\"680\" title=\"\" srcset=\"https:\/\/www.tgrthaber.com\/mavikadin\/wp-content\/uploads\/pasif-icicilik-4.png 1208w, https:\/\/www.tgrthaber.com\/mavikadin\/wp-content\/uploads\/pasif-icicilik-4-300x169.png 300w, https:\/\/www.tgrthaber.com\/mavikadin\/wp-content\/uploads\/pasif-icicilik-4-1024x576.png 1024w, https:\/\/www.tgrthaber.com\/mavikadin\/wp-content\/uploads\/pasif-icicilik-4-768x432.png 768w\" sizes=\"(max-width: 1208px) 100vw, 1208px\" \/><\/p>\n<hr \/>\n<h3>SADECE \u0130\u00c7EN\u0130 DE\u011e\u0130L, \u00c7EVRES\u0130NDEK\u0130N\u0130 DE \u00d6LD\u00dcR\u00dcYOR<\/h3>\n<p>&#8220;Pasif i\u00e7icilik de aktif i\u00e7icilik kadar tehlikelidir&#8221; diyen Do\u00e7. Dr. Fadime T\u00fcl\u00fcc\u00fc, \u00f6zellikle sigara i\u00e7en ebeveynlerin \u00e7ocuklar\u0131nda bron\u015fit, zat\u00fcrre, ast\u0131m, gibi solunum yolu rahats\u0131zl\u0131klar\u0131n\u0131n daha s\u0131k g\u00f6r\u00fcld\u00fc\u011f\u00fcne dikkat \u00e7ekti. Bu durumun, \u00e7ocuklarda akci\u011fer geli\u015fimini yava\u015flatabilece\u011fini ve akci\u011fer kapasitesinde azalmaya yol a\u00e7abilece\u011fini belirtti.<\/p>\n<h3>MARUZ KALAN K\u0130\u015e\u0130LERDE DAMAR HASTALIKLARI R\u0130SK\u0130 Y\u00dcZDE 27 ORANINDA ARTIYOR<\/h3>\n<p>Pasif sigara duman\u0131na maruz kalan eri\u015fkin bireylerde, akci\u011fer kanseri riskinin y\u00fczde 21; kalp ve damar hastal\u0131klar\u0131 riskinin ise y\u00fczde 27 oran\u0131nda artt\u0131\u011f\u0131n\u0131 vurgulayan Do\u00e7. Dr. T\u00fcl\u00fcc\u00fc, bu maruziyetin uzun y\u0131llar devam etmesi durumunda risk oranlar\u0131n\u0131n iki kat\u0131na kadar \u00e7\u0131kabilece\u011fini ifade etti. Kad\u0131nlarda pasif i\u00e7icili\u011fe ba\u011fl\u0131 olarak meme kanseri riskinin y\u00fczde 70 oran\u0131nda y\u00fckseldi\u011fini belirten Do\u00e7. Dr. T\u00fcl\u00fcc\u00fc, genel \u00f6l\u00fcm riskinin ise 2 ila 10 kat artt\u0131\u011f\u0131n\u0131 s\u00f6yledi.<\/p>\n<p><img loading=\"lazy\" decoding=\"async\" class=\"alignnone size-full wp-image-185538\" src=\"https:\/\/www.tgrthaber.com\/mavikadin\/wp-content\/uploads\/pasif-icicilik-2.png\" alt=\"\" width=\"1208\" height=\"680\" title=\"\" srcset=\"https:\/\/www.tgrthaber.com\/mavikadin\/wp-content\/uploads\/pasif-icicilik-2.png 1208w, https:\/\/www.tgrthaber.com\/mavikadin\/wp-content\/uploads\/pasif-icicilik-2-300x169.png 300w, https:\/\/www.tgrthaber.com\/mavikadin\/wp-content\/uploads\/pasif-icicilik-2-1024x576.png 1024w, https:\/\/www.tgrthaber.com\/mavikadin\/wp-content\/uploads\/pasif-icicilik-2-768x432.png 768w\" sizes=\"(max-width: 1208px) 100vw, 1208px\" \/><\/p>\n<hr \/>\n<h3>GEBEL\u0130KTE KULLANILAN S\u0130GARA B\u00dcY\u00dcME GER\u0130L\u0130\u011e\u0130NE NEDEN OLUYOR<\/h3>\n<p>Gebelik d\u00f6neminde sigara i\u00e7ilmesi ya da \u00e7ocuklar\u0131n sigara duman\u0131na maruz kalmas\u0131n\u0131n b\u00fcy\u00fcme gerili\u011fi ve boy k\u0131sal\u0131\u011f\u0131 gibi geli\u015fimsel sorunlara yol a\u00e7abilece\u011fini vurgulayan bulunan Do\u00e7. Dr. Fadime T\u00fcl\u00fcc\u00fc, sigaran\u0131n n\u00f6rotoksik etkilerinin \u00f6\u011frenme g\u00fc\u00e7l\u00fc\u011f\u00fc, haf\u0131za problemleri ve gen\u00e7lerde okul ba\u015far\u0131s\u0131nda d\u00fc\u015f\u00fc\u015f gibi sonu\u00e7lara neden olabilece\u011fini dile getirdi. \u0130leri ya\u015flarda ise bu etkilerin demans ve Alzheimer riskini art\u0131rd\u0131\u011f\u0131n\u0131 belirtti.<\/p>\n<p><img loading=\"lazy\" decoding=\"async\" class=\"alignnone size-full wp-image-185541\" src=\"https:\/\/www.tgrthaber.com\/mavikadin\/wp-content\/uploads\/pasif-icicilik-3.png\" alt=\"\" width=\"1208\" height=\"680\" title=\"\" srcset=\"https:\/\/www.tgrthaber.com\/mavikadin\/wp-content\/uploads\/pasif-icicilik-3.png 1208w, https:\/\/www.tgrthaber.com\/mavikadin\/wp-content\/uploads\/pasif-icicilik-3-300x169.png 300w, https:\/\/www.tgrthaber.com\/mavikadin\/wp-content\/uploads\/pasif-icicilik-3-1024x576.png 1024w, https:\/\/www.tgrthaber.com\/mavikadin\/wp-content\/uploads\/pasif-icicilik-3-768x432.png 768w\" sizes=\"(max-width: 1208px) 100vw, 1208px\" \/><\/p>\n<hr \/>\n<h3>HER 10 K\u0130\u015e\u0130DEN 7&#8217;S\u0130 S\u0130GARAYI BIRAKMAK \u0130ST\u0130YOR<\/h3>\n<p>Sigara b\u0131rakma s\u00fcrecinde &#8220;istek, destek ve tedavi&#8221; unsurlar\u0131n\u0131n son derece \u00f6nemli oldu\u011funu vurgulayan Do\u00e7. Dr. Fadime T\u00fcl\u00fcc\u00fc, her 10 ki\u015fiden 7&#8217;sinin sigaray\u0131 b\u0131rakmak istedi\u011fini ancak yaln\u0131zca y\u00fczde 40&#8217;\u0131n\u0131n bunu ba\u015far\u0131yla ger\u00e7ekle\u015ftirebildi\u011fini belirtti. Sigaray\u0131 b\u0131rakmak isteyen bireylerin mutlaka doktor kontrol\u00fcnde bir tedavi s\u00fcreci y\u00fcr\u00fctmesi gerekti\u011fine dikkat \u00e7eken Do\u00e7. Dr. T\u00fcl\u00fcc\u00fc, &#8220;Bu s\u00fcre\u00e7te tekrar ba\u015flama olduk\u00e7a yayg\u0131nd\u0131r, dolay\u0131s\u0131yla d\u00fczenli takip gereklidir. En etkili sonu\u00e7lar ise ila\u00e7 tedavisi ve davran\u0131\u015fsal terapi y\u00f6ntemlerinin birlikte uygulanmas\u0131yla elde ediliyor&#8221; dedi.<\/p>\n","protected":false},"excerpt":{"rendered":"<p>D\u00fcnya T\u00fct\u00fcns\u00fcz G\u00fcn\u00fcnde uyar\u0131da bulunan G\u00f6\u011f\u00fcs Hastal\u0131klar\u0131 Uzman\u0131 Do\u00e7. Dr. Fadime T\u00fcl\u00fcc\u00fc, &#8220;Sigara i\u00e7en ebeveynlerin \u00e7ocuklar\u0131nda bron\u015fit, zat\u00fcrre, ast\u0131m gibi solunum yolu rahats\u0131zl\u0131klar\u0131 daha s\u0131k g\u00f6r\u00fcl\u00fcyor&#8221; \u015feklinde konu\u015ftu.<\/p>\n","protected":false},"author":5,"featured_media":185542,"comment_status":"closed","ping_status":"closed","sticky":false,"template":"","format":"standard","meta":{"rank_math_lock_modified_date":false,"footnotes":""},"categories":[1991],"tags":[23417,21324,23416,173],"class_list":["post-185531","post","type-post","status-publish","format-standard","has-post-thumbnail","hentry","category-saglik","tag-kalp-hastaligi","tag-kanser-riski","tag-pasif-icicilik","tag-saglik"],"_links":{"self":[{"href":"https:\/\/www.tgrthaber.com\/mavikadin\/wp-json\/wp\/v2\/posts\/185531"}],"collection":[{"href":"https:\/\/www.tgrthaber.com\/mavikadin\/wp-json\/wp\/v2\/posts"}],"about":[{"href":"https:\/\/www.tgrthaber.com\/mavikadin\/wp-json\/wp\/v2\/types\/post"}],"author":[{"embeddable":true,"href":"https:\/\/www.tgrthaber.com\/mavikadin\/wp-json\/wp\/v2\/users\/5"}],"replies":[{"embeddable":true,"href":"https:\/\/www.tgrthaber.com\/mavikadin\/wp-json\/wp\/v2\/comments?post=185531"}],"version-history":[{"count":2,"href":"https:\/\/www.tgrthaber.com\/mavikadin\/wp-json\/wp\/v2\/posts\/185531\/revisions"}],"predecessor-version":[{"id":185545,"href":"https:\/\/www.tgrthaber.com\/mavikadin\/wp-json\/wp\/v2\/posts\/185531\/revisions\/185545"}],"wp:featuredmedia":[{"embeddable":true,"href":"https:\/\/www.tgrthaber.com\/mavikadin\/wp-json\/wp\/v2\/media\/185542"}],"wp:attachment":[{"href":"https:\/\/www.tgrthaber.com\/mavikadin\/wp-json\/wp\/v2\/media?parent=185531"}],"wp:term":[{"taxonomy":"category","embeddable":true,"href":"https:\/\/www.tgrthaber.com\/mavikadin\/wp-json\/wp\/v2\/categories?post=185531"},{"taxonomy":"post_tag","embeddable":true,"href":"https:\/\/www.tgrthaber.com\/mavikadin\/wp-json\/wp\/v2\/tags?post=185531"}],"curies":[{"name":"wp","href":"https:\/\/api.w.org\/{rel}","templated":true}]}}