{"id":185532,"date":"2025-05-31T16:59:20","date_gmt":"2025-05-31T13:59:20","guid":{"rendered":"https:\/\/www.tgrthaber.com\/mavikadin\/?p=185532"},"modified":"2025-05-31T16:59:21","modified_gmt":"2025-05-31T13:59:21","slug":"survivor-31-mayis-2025-adaya-veda-eden-isim-kim-oldu-duelloda-kim-elendi-kim-gitti","status":"publish","type":"post","link":"https:\/\/www.tgrthaber.com\/mavikadin\/survivor-31-mayis-2025-adaya-veda-eden-isim-kim-oldu-duelloda-kim-elendi-kim-gitti\/","title":{"rendered":"Survivor 31 May\u0131s 2025 adaya veda eden isim kim oldu? D\u00fcelloda kim elendi kim gitti?"},"content":{"rendered":"<p class=\"p2\">Survivor All Star 2025\u2019te rekabet dorukta, tansiyon ise her ge\u00e7en b\u00f6l\u00fcm biraz daha y\u00fckseliyor. 31 May\u0131s Cumartesi ak\u015fam\u0131 ekranlara gelen b\u00f6l\u00fcmde g\u00f6zler yine eleme d\u00fcellosuna \u00e7evrildi. Haftalar ilerledik\u00e7e parkurlar kadar kulis sava\u015flar\u0131 da sertle\u015firken, bu kez sahneye \u00e7\u0131kan isimler Hikmet ve Volkan oldu. \u0130kili aras\u0131nda uzun s\u00fcredir devam eden gerilim, d\u00fcello gecesine damgas\u0131n\u0131 vurdu. Yar\u0131\u015fma boyunca sert \u00e7\u0131k\u0131\u015flar\u0131 ve iddial\u0131 duru\u015flar\u0131yla dikkat \u00e7eken iki isim, bu kez adada kalabilmek i\u00e7in birebir m\u00fccadele etti. Seyirciler, hem fiziksel performanslar\u0131 hem de psikolojik bask\u0131y\u0131 y\u00f6netme \u015fekilleriyle bu kar\u015f\u0131la\u015fmay\u0131 nefesini tutarak izledi. Peki, 31 May\u0131s Cumartesi Survivor kim elendi, adaya veda eden isim a\u00e7\u0131kland\u0131 m\u0131? \u0130\u015fte detaylar..<\/p>\n<h3>SURV\u0130VOR&#8217;DA D\u00dcELLO HEYECANI!<\/h3>\n<p class=\"p2\">Eleme d\u00fcellosunun sonunda adaya veda eden yar\u0131\u015fmac\u0131, hem arkada\u015flar\u0131 hem de izleyiciler i\u00e7in s\u00fcrpriz oldu. Sosyal medyada &#8216;Kim elendi?&#8217; sorusu en \u00e7ok aranan ba\u015fl\u0131klardan biri haline gelirken, yar\u0131\u015fman\u0131n sad\u0131k takip\u00e7ileri ya\u015fanan ayr\u0131l\u0131\u011fa duygusal yorumlar yapt\u0131. Survivor All Star\u2019da her d\u00fcello bir d\u00f6n\u00fcm noktas\u0131, \u00e7\u00fcnk\u00fc finale bu kadar yakla\u015f\u0131lm\u0131\u015fken elenen her isim, hayalleri geride b\u0131rak\u0131yor. 31 May\u0131s itibar\u0131yla bir yar\u0131\u015fmac\u0131 daha Survivor parkurlar\u0131na veda etti. \u0130\u015fte Survivor son b\u00f6l\u00fcmde ya\u015fananlar&#8230;<\/p>\n<p><img loading=\"lazy\" decoding=\"async\" class=\"alignnone wp-image-185546 size-large\" src=\"https:\/\/www.tgrthaber.com\/mavikadin\/wp-content\/uploads\/Ekran-Resmi-2025-05-31-16.53.17-1024x687.png\" alt=\"\" width=\"1024\" height=\"687\" title=\"\" srcset=\"https:\/\/www.tgrthaber.com\/mavikadin\/wp-content\/uploads\/Ekran-Resmi-2025-05-31-16.53.17-1024x687.png 1024w, https:\/\/www.tgrthaber.com\/mavikadin\/wp-content\/uploads\/Ekran-Resmi-2025-05-31-16.53.17-300x201.png 300w, https:\/\/www.tgrthaber.com\/mavikadin\/wp-content\/uploads\/Ekran-Resmi-2025-05-31-16.53.17-768x515.png 768w, https:\/\/www.tgrthaber.com\/mavikadin\/wp-content\/uploads\/Ekran-Resmi-2025-05-31-16.53.17.png 1028w\" sizes=\"(max-width: 1024px) 100vw, 1024px\" \/><\/p>\n<hr \/>\n<h3 class=\"p1\">SURV\u0130VOR\u2019DA ELEME ADAYI K\u0130M OLDU, 3.B\u0130REYSEL DOKUNULMAZLI\u011eI K\u0130M KAZANDI? (30 MAYIS)<\/h3>\n<p class=\"p1\">30 May\u0131s tarihinde Survivor&#8217;da\u00a0Adem\u00a0bireysel dokunulmazl\u0131\u011f\u0131 kazand\u0131.<\/p>\n<h3 class=\"p1\">SURV\u0130VOR K\u0130M ELEND\u0130 ELENEN \u0130S\u0130M A\u00c7IKLANDI MI?<\/h3>\n<p class=\"p1\">A\u00e7\u0131kland\u0131\u011f\u0131nda haberimize eklenecektir.<\/p>\n<p><img loading=\"lazy\" decoding=\"async\" class=\"alignnone wp-image-185547 size-full\" src=\"https:\/\/www.tgrthaber.com\/mavikadin\/wp-content\/uploads\/Ekran-Resmi-2025-05-31-16.53.28.png\" alt=\"\" width=\"1012\" height=\"670\" title=\"\" srcset=\"https:\/\/www.tgrthaber.com\/mavikadin\/wp-content\/uploads\/Ekran-Resmi-2025-05-31-16.53.28.png 1012w, https:\/\/www.tgrthaber.com\/mavikadin\/wp-content\/uploads\/Ekran-Resmi-2025-05-31-16.53.28-300x199.png 300w, https:\/\/www.tgrthaber.com\/mavikadin\/wp-content\/uploads\/Ekran-Resmi-2025-05-31-16.53.28-768x508.png 768w\" sizes=\"(max-width: 1012px) 100vw, 1012px\" \/><\/p>\n<hr \/>\n<h3 class=\"p1\">SURV\u0130VOR K\u0130M ELEND\u0130?<\/h3>\n<p class=\"p1\">Adaya son olarak veda eden isim\u00a0Sema Aydemir\u00a0oldu.<\/p>\n<p><img loading=\"lazy\" decoding=\"async\" class=\"alignnone wp-image-185548 size-large\" src=\"https:\/\/www.tgrthaber.com\/mavikadin\/wp-content\/uploads\/Ekran-Resmi-2025-05-31-16.53.22-1024x687.png\" alt=\"\" width=\"1024\" height=\"687\" title=\"\" srcset=\"https:\/\/www.tgrthaber.com\/mavikadin\/wp-content\/uploads\/Ekran-Resmi-2025-05-31-16.53.22-1024x687.png 1024w, https:\/\/www.tgrthaber.com\/mavikadin\/wp-content\/uploads\/Ekran-Resmi-2025-05-31-16.53.22-300x201.png 300w, https:\/\/www.tgrthaber.com\/mavikadin\/wp-content\/uploads\/Ekran-Resmi-2025-05-31-16.53.22-768x515.png 768w, https:\/\/www.tgrthaber.com\/mavikadin\/wp-content\/uploads\/Ekran-Resmi-2025-05-31-16.53.22.png 1026w\" sizes=\"(max-width: 1024px) 100vw, 1024px\" \/><\/p>\n<hr \/>\n<h3 class=\"p2\">SURV\u0130VOR ELEME ADAYLARI K\u0130MLER?<\/h3>\n<p class=\"p2\">Survivor All Star 2025\u2019te rekabet h\u0131z kesmeden s\u00fcrerken, haftan\u0131n eleme adaylar\u0131 da netle\u015fmeye ba\u015flad\u0131. 29 May\u0131s\u2019ta oynanan bireysel dokunulmazl\u0131k oyununun ard\u0131ndan ada konseyinde \u00f6nemli kararlar al\u0131nd\u0131. \u0130lk dokunulmazl\u0131k oyununu kazanan Adem, haftan\u0131n ilk eleme aday\u0131 olarak Sevgi\u2019nin ismini verdi.<\/p>\n<p><img loading=\"lazy\" decoding=\"async\" class=\"alignnone wp-image-185549 size-full\" src=\"https:\/\/www.tgrthaber.com\/mavikadin\/wp-content\/uploads\/Ekran-Resmi-2025-05-31-16.53.33.png\" alt=\"\" width=\"1002\" height=\"662\" title=\"\" srcset=\"https:\/\/www.tgrthaber.com\/mavikadin\/wp-content\/uploads\/Ekran-Resmi-2025-05-31-16.53.33.png 1002w, https:\/\/www.tgrthaber.com\/mavikadin\/wp-content\/uploads\/Ekran-Resmi-2025-05-31-16.53.33-300x198.png 300w, https:\/\/www.tgrthaber.com\/mavikadin\/wp-content\/uploads\/Ekran-Resmi-2025-05-31-16.53.33-768x507.png 768w\" sizes=\"(max-width: 1002px) 100vw, 1002px\" \/><\/p>\n<hr \/>\n<p class=\"p2\">Haftan\u0131n ikinci dokunulmazl\u0131k m\u00fccadelesinde ise ipi g\u00f6\u011f\u00fcsleyen isim Batuhan oldu. Performans\u0131yla konseyde s\u00f6z hakk\u0131n\u0131 kazanan Batuhan, ikinci eleme aday\u0131 olarak Aycan\u2019\u0131 se\u00e7ti.<\/p>\n","protected":false},"excerpt":{"rendered":"<p>Survivor\u2019da tansiyonun tavan yapt\u0131\u011f\u0131 31 May\u0131s d\u00fcello gecesi izleyiciyi ekrana kilitledi. Hikmet ve Volkan\u2019\u0131n aras\u0131ndaki gerilimin artt\u0131\u011f\u0131 bu kritik m\u00fccadelede kazanan kim oldu? Adaya veda eden isim a\u00e7\u0131kland\u0131 m\u0131? \u0130\u015fte Survivor son b\u00f6l\u00fcmde ya\u015fananlar\u2026 <\/p>\n","protected":false},"author":16,"featured_media":185550,"comment_status":"closed","ping_status":"closed","sticky":false,"template":"","format":"standard","meta":{"rank_math_lock_modified_date":false,"footnotes":""},"categories":[76],"tags":[133,2218,23422,23420,23421],"class_list":["post-185532","post","type-post","status-publish","format-standard","has-post-thumbnail","hentry","category-magazin","tag-magazin","tag-magazin-haberleri","tag-survivor-31-mayis-2025-eleme-duellosu-kazanani-kim","tag-survivor-31-mayis-2025-kim-elendi","tag-survivor-31-mayis-2025-kim-gitti"],"_links":{"self":[{"href":"https:\/\/www.tgrthaber.com\/mavikadin\/wp-json\/wp\/v2\/posts\/185532"}],"collection":[{"href":"https:\/\/www.tgrthaber.com\/mavikadin\/wp-json\/wp\/v2\/posts"}],"about":[{"href":"https:\/\/www.tgrthaber.com\/mavikadin\/wp-json\/wp\/v2\/types\/post"}],"author":[{"embeddable":true,"href":"https:\/\/www.tgrthaber.com\/mavikadin\/wp-json\/wp\/v2\/users\/16"}],"replies":[{"embeddable":true,"href":"https:\/\/www.tgrthaber.com\/mavikadin\/wp-json\/wp\/v2\/comments?post=185532"}],"version-history":[{"count":1,"href":"https:\/\/www.tgrthaber.com\/mavikadin\/wp-json\/wp\/v2\/posts\/185532\/revisions"}],"predecessor-version":[{"id":185551,"href":"https:\/\/www.tgrthaber.com\/mavikadin\/wp-json\/wp\/v2\/posts\/185532\/revisions\/185551"}],"wp:featuredmedia":[{"embeddable":true,"href":"https:\/\/www.tgrthaber.com\/mavikadin\/wp-json\/wp\/v2\/media\/185550"}],"wp:attachment":[{"href":"https:\/\/www.tgrthaber.com\/mavikadin\/wp-json\/wp\/v2\/media?parent=185532"}],"wp:term":[{"taxonomy":"category","embeddable":true,"href":"https:\/\/www.tgrthaber.com\/mavikadin\/wp-json\/wp\/v2\/categories?post=185532"},{"taxonomy":"post_tag","embeddable":true,"href":"https:\/\/www.tgrthaber.com\/mavikadin\/wp-json\/wp\/v2\/tags?post=185532"}],"curies":[{"name":"wp","href":"https:\/\/api.w.org\/{rel}","templated":true}]}}