{"id":185552,"date":"2025-05-31T17:07:28","date_gmt":"2025-05-31T14:07:28","guid":{"rendered":"https:\/\/www.tgrthaber.com\/mavikadin\/?p=185552"},"modified":"2025-05-31T17:07:28","modified_gmt":"2025-05-31T14:07:28","slug":"berre-ozkan-kimdir-adile-filminin-hulya-kocyigiti-berre-ozkan-kac-yasinda","status":"publish","type":"post","link":"https:\/\/www.tgrthaber.com\/mavikadin\/berre-ozkan-kimdir-adile-filminin-hulya-kocyigiti-berre-ozkan-kac-yasinda\/","title":{"rendered":"Berre \u00d6zkan kimdir? Adile filminin H\u00fclya Ko\u00e7yi\u011fit&#8217;i Berre \u00d6zkan ka\u00e7 ya\u015f\u0131nda?"},"content":{"rendered":"<p>Ye\u015fil\u00e7am\u2019\u0131n unutulmaz ismi Adile Na\u015fit\u2019in hayat\u0131n\u0131n anlat\u0131laca\u011f\u0131, yap\u0131mc\u0131l\u0131\u011f\u0131n\u0131 BKM yap\u0131m\u0131n \u00fcstlendi\u011fi, y\u00f6netmen koltu\u011funda ise \u00c7a\u011fan Irmak&#8217;\u0131n oldu\u011fu \u2018Adile\u2019 filmi yak\u0131nda vizyona girecek. Filmin en dikkat \u00e7eken isimlerinden biri de filminde Ye\u015fil\u00e7am\u2019\u0131n efsane isimlerinden H\u00fclya Ko\u00e7yi\u011fit\u2019in gen\u00e7li\u011fini oynayacak olan Berre \u00d6zkan oldu. H\u00fclya Ko\u00e7yi\u011fit\u2019in gen\u00e7li\u011fi olarak kar\u015f\u0131m\u0131za \u00e7\u0131kacak olan Berre \u00d6zkan\u2019\u0131n kim oldu\u011fu \u00e7ok merak edildi.<\/p>\n<p>Berre \u00d6zkan T\u00fcrk film ve dizi oyuncusudur. H\u00fclya Ko\u00e7yi\u011fit\u2019in gen\u00e7li\u011fi olarak g\u00f6rece\u011fimiz Berre \u00d6zkan\u2019\u0131n gelin daha yak\u0131ndan tan\u0131yal\u0131m.<\/p>\n<h3>BERRA \u00d6ZKAN K\u0130MD\u0130R?<\/h3>\n<p>Berre \u00d6zkan T\u00fcrk sinema ve dizi oyuncusudur.<\/p>\n<p>Berre \u00d6zkan, \u201cAdile\u201d filminde Ye\u015fil\u00e7am\u2019\u0131n efsane isimlerinden H\u00fclya Ko\u00e7yi\u011fit\u2019in gen\u00e7li\u011fini oynamas\u0131yla g\u00fcndeme geldi.<\/p>\n<p><img loading=\"lazy\" decoding=\"async\" class=\"aligncenter wp-image-185554\" src=\"https:\/\/www.tgrthaber.com\/mavikadin\/wp-content\/uploads\/berre-ozkan-kimdir-adile-filminin-hulya-kocyigit-i-berre-ozkan-kac-yasinda-3.jpg\" alt=\"\" width=\"1208\" height=\"680\" title=\"\" srcset=\"https:\/\/www.tgrthaber.com\/mavikadin\/wp-content\/uploads\/berre-ozkan-kimdir-adile-filminin-hulya-kocyigit-i-berre-ozkan-kac-yasinda-3.jpg 1920w, https:\/\/www.tgrthaber.com\/mavikadin\/wp-content\/uploads\/berre-ozkan-kimdir-adile-filminin-hulya-kocyigit-i-berre-ozkan-kac-yasinda-3-300x169.jpg 300w, https:\/\/www.tgrthaber.com\/mavikadin\/wp-content\/uploads\/berre-ozkan-kimdir-adile-filminin-hulya-kocyigit-i-berre-ozkan-kac-yasinda-3-1024x576.jpg 1024w, https:\/\/www.tgrthaber.com\/mavikadin\/wp-content\/uploads\/berre-ozkan-kimdir-adile-filminin-hulya-kocyigit-i-berre-ozkan-kac-yasinda-3-768x432.jpg 768w, https:\/\/www.tgrthaber.com\/mavikadin\/wp-content\/uploads\/berre-ozkan-kimdir-adile-filminin-hulya-kocyigit-i-berre-ozkan-kac-yasinda-3-1536x864.jpg 1536w\" sizes=\"(max-width: 1208px) 100vw, 1208px\" \/><\/p>\n<hr \/>\n<p>Daha \u00f6nce \u201cTa\u015f Ka\u011f\u0131t Makas\u201d ve \u201cSenden Daha G\u00fczel\u201d adl\u0131 dizilerde oynad\u0131.<\/p>\n<p>2024 y\u0131l\u0131nda vizyona giren \u201cGelin Tak\u0131m\u0131\u201d filminde Suzan karakteri ile dikkat \u00e7ekti.<\/p>\n<h3>BERRE \u00d6ZKAN KA\u00c7 YA\u015eINDA?<\/h3>\n<p>Berra \u00d6zkan 26 ya\u015f\u0131ndad\u0131r.<\/p>\n<p><img loading=\"lazy\" decoding=\"async\" class=\"aligncenter wp-image-185555\" src=\"https:\/\/www.tgrthaber.com\/mavikadin\/wp-content\/uploads\/berre-ozkan-kimdir-adile-filminin-hulya-kocyigit-i-berre-ozkan-kac-yasinda-2.jpg\" alt=\"\" width=\"1208\" height=\"680\" title=\"\" srcset=\"https:\/\/www.tgrthaber.com\/mavikadin\/wp-content\/uploads\/berre-ozkan-kimdir-adile-filminin-hulya-kocyigit-i-berre-ozkan-kac-yasinda-2.jpg 1920w, https:\/\/www.tgrthaber.com\/mavikadin\/wp-content\/uploads\/berre-ozkan-kimdir-adile-filminin-hulya-kocyigit-i-berre-ozkan-kac-yasinda-2-300x169.jpg 300w, https:\/\/www.tgrthaber.com\/mavikadin\/wp-content\/uploads\/berre-ozkan-kimdir-adile-filminin-hulya-kocyigit-i-berre-ozkan-kac-yasinda-2-1024x576.jpg 1024w, https:\/\/www.tgrthaber.com\/mavikadin\/wp-content\/uploads\/berre-ozkan-kimdir-adile-filminin-hulya-kocyigit-i-berre-ozkan-kac-yasinda-2-768x432.jpg 768w, https:\/\/www.tgrthaber.com\/mavikadin\/wp-content\/uploads\/berre-ozkan-kimdir-adile-filminin-hulya-kocyigit-i-berre-ozkan-kac-yasinda-2-1536x864.jpg 1536w\" sizes=\"(max-width: 1208px) 100vw, 1208px\" \/><\/p>\n<hr \/>\n<h3>BERRA \u00d6ZKAN D\u0130Z\u0130LER\u0130<\/h3>\n<p>Ta\u015f Ka\u011f\u0131t Makas(2024)<\/p>\n<p>Senden Daha G\u00fczel (2022)<\/p>\n<p><img loading=\"lazy\" decoding=\"async\" class=\"aligncenter wp-image-185556\" src=\"https:\/\/www.tgrthaber.com\/mavikadin\/wp-content\/uploads\/berre-ozkan-kimdir-adile-filminin-hulya-kocyigit-i-berre-ozkan-kac-yasinda-4.jpg\" alt=\"\" width=\"1208\" height=\"680\" title=\"\" srcset=\"https:\/\/www.tgrthaber.com\/mavikadin\/wp-content\/uploads\/berre-ozkan-kimdir-adile-filminin-hulya-kocyigit-i-berre-ozkan-kac-yasinda-4.jpg 1920w, https:\/\/www.tgrthaber.com\/mavikadin\/wp-content\/uploads\/berre-ozkan-kimdir-adile-filminin-hulya-kocyigit-i-berre-ozkan-kac-yasinda-4-300x169.jpg 300w, https:\/\/www.tgrthaber.com\/mavikadin\/wp-content\/uploads\/berre-ozkan-kimdir-adile-filminin-hulya-kocyigit-i-berre-ozkan-kac-yasinda-4-1024x576.jpg 1024w, https:\/\/www.tgrthaber.com\/mavikadin\/wp-content\/uploads\/berre-ozkan-kimdir-adile-filminin-hulya-kocyigit-i-berre-ozkan-kac-yasinda-4-768x432.jpg 768w, https:\/\/www.tgrthaber.com\/mavikadin\/wp-content\/uploads\/berre-ozkan-kimdir-adile-filminin-hulya-kocyigit-i-berre-ozkan-kac-yasinda-4-1536x864.jpg 1536w\" sizes=\"(max-width: 1208px) 100vw, 1208px\" \/><\/p>\n<hr \/>\n<h3>AD\u0130LE F\u0130LM\u0130N\u0130N KONUSU NED\u0130R?<\/h3>\n<p>\u201cHababam S\u0131n\u0131f\u0131\u201d film serisinin Hafize Ana\u2019s\u0131 olarak \u00fcnlenen Adile Na\u015fit, 11 Aral\u0131k 1987 senesinde 57 ya\u015f\u0131nda, kal\u0131n ba\u011f\u0131rsak kanserinden dolay\u0131 hayata g\u00f6zlerini yumdu. Adile filmi, Ye\u015fil\u00e7am\u2019\u0131n sevimli ismi Adile Na\u015fit\u2019in ya\u015fam\u0131n\u0131 konu al\u0131yor. Filmin yap\u0131mc\u0131l\u0131\u011f\u0131n\u0131 BKM yap\u0131m \u00fcstleniyor.<\/p>\n<p>Adile filmi, Ye\u015fil\u00e7am\u2019\u0131n unutulmaz ismi Adile Na\u015fit\u2019in hayat\u0131n\u0131 konu alacak. Sanat\u00e7\u0131n\u0131n \u00e7ocukluktan bu yana tiyatroya olan tutkusu, ya\u015fam\u0131ndaki zorluklar, tiyatro sahnesinden beyaz perdeye uzanan kariyerini beyaz perdede izleyece\u011fiz. Filmde ayr\u0131ca d\u00f6nemin \u00fcnl\u00fc isimlerinin dostluklar\u0131, set arkas\u0131 hik\u00e2yeleri ve T\u00fcrk sinemas\u0131n\u0131n alt\u0131n y\u0131llar\u0131 da senaryoda yer alacak. Senaryosunu Nermin Y\u0131ld\u0131r\u0131m&#8217;\u0131n kaleme ald\u0131\u011f\u0131 film, Adile Na\u015fit&#8217;in hayat\u0131 \u00f6zel y\u00f6nleriyle beyaz perdeye aktar\u0131lacak.<\/p>\n<p><img loading=\"lazy\" decoding=\"async\" class=\"aligncenter wp-image-185557\" src=\"https:\/\/www.tgrthaber.com\/mavikadin\/wp-content\/uploads\/berre-ozkan-kimdir-adile-filminin-hulya-kocyigit-i-berre-ozkan-kac-yasinda-5.jpg\" alt=\"\" width=\"1208\" height=\"680\" title=\"\" srcset=\"https:\/\/www.tgrthaber.com\/mavikadin\/wp-content\/uploads\/berre-ozkan-kimdir-adile-filminin-hulya-kocyigit-i-berre-ozkan-kac-yasinda-5.jpg 1920w, https:\/\/www.tgrthaber.com\/mavikadin\/wp-content\/uploads\/berre-ozkan-kimdir-adile-filminin-hulya-kocyigit-i-berre-ozkan-kac-yasinda-5-300x169.jpg 300w, https:\/\/www.tgrthaber.com\/mavikadin\/wp-content\/uploads\/berre-ozkan-kimdir-adile-filminin-hulya-kocyigit-i-berre-ozkan-kac-yasinda-5-1024x576.jpg 1024w, https:\/\/www.tgrthaber.com\/mavikadin\/wp-content\/uploads\/berre-ozkan-kimdir-adile-filminin-hulya-kocyigit-i-berre-ozkan-kac-yasinda-5-768x432.jpg 768w, https:\/\/www.tgrthaber.com\/mavikadin\/wp-content\/uploads\/berre-ozkan-kimdir-adile-filminin-hulya-kocyigit-i-berre-ozkan-kac-yasinda-5-1536x864.jpg 1536w\" sizes=\"(max-width: 1208px) 100vw, 1208px\" \/><\/p>\n<hr \/>\n<h3>AD\u0130LE F\u0130LM\u0130N\u0130N OYUNCULARI<\/h3>\n<p>\u2018Adile\u2019 filminde Ye\u015fil\u00e7am\u2019\u0131n \u00fcnl\u00fc isimlerini oynayacak isimler \u015f\u00f6yle:<\/p>\n<p>Adile Na\u015fit: Meltem Kaptan<\/p>\n<p>H\u00fclya Ko\u00e7yi\u011fit: Berre \u00d6zkan<\/p>\n<p>Ziya Keskiner (Adile Na\u015fit\u2019in ilk e\u015fi): Serhat Tutumluer<\/p>\n<p>Ahmet Keskiner (o\u011flu): Berke Karab\u0131y\u0131k<\/p>\n<p>Kemal Sunal: Berkay Tulumbac\u0131<\/p>\n<p>M\u00fcjde Ar: Seda Bakan<\/p>\n<p>M\u00fcnir \u00d6zkul: Levent Can<\/p>\n<p>Ay\u015fen Gruda: Elif Nur Kerk\u00fck<\/p>\n<p>\u015eevkiye May: T\u00fclin \u00d6zen<\/p>\n<p>Tar\u0131k Akan: \u00c7etin Lale<\/p>\n<p>Halit Ak\u00e7atepe: Mustafa Ceyhan<\/p>\n<p>Kartal Tibet: Emre Ta\u015fk\u0131ran<\/p>\n","protected":false},"excerpt":{"rendered":"<p>Ye\u015fil\u00e7am\u2019\u0131n efsane ismi Adile Na\u015fit\u2019in hayat\u0131n\u0131 konu alan \u201cAdile\u201d filmi yak\u0131nda beyaz perdede izleyici ile bulu\u015facak. Adile Na\u015fit rol\u00fcn\u00fc Meltem Kaptan \u00fcstlenirken, Ye\u015fil\u00e7am&#8217;\u0131n 4 yaprakl\u0131 yoncas\u0131&#8217;dan H\u00fclya Ko\u00e7yi\u011fit\u2019in gen\u00e7li\u011fini ise Berre \u00d6zkan oynayacak. Peki Berre \u00d6zkan kimdir? Adile filminin H\u00fclya Ko\u00e7yi\u011fit&#8217;i Berra \u00d6zkan ka\u00e7 ya\u015f\u0131nda?<\/p>\n","protected":false},"author":30,"featured_media":185553,"comment_status":"closed","ping_status":"closed","sticky":false,"template":"","format":"standard","meta":{"rank_math_lock_modified_date":false,"footnotes":""},"categories":[491],"tags":[8275,23424,23423,16521],"class_list":["post-185552","post","type-post","status-publish","format-standard","has-post-thumbnail","hentry","category-biyografi","tag-adile-filmi","tag-adile-filmi-hulya-kocyigit","tag-berre-ozkan","tag-biyografi-haberleri"],"_links":{"self":[{"href":"https:\/\/www.tgrthaber.com\/mavikadin\/wp-json\/wp\/v2\/posts\/185552"}],"collection":[{"href":"https:\/\/www.tgrthaber.com\/mavikadin\/wp-json\/wp\/v2\/posts"}],"about":[{"href":"https:\/\/www.tgrthaber.com\/mavikadin\/wp-json\/wp\/v2\/types\/post"}],"author":[{"embeddable":true,"href":"https:\/\/www.tgrthaber.com\/mavikadin\/wp-json\/wp\/v2\/users\/30"}],"replies":[{"embeddable":true,"href":"https:\/\/www.tgrthaber.com\/mavikadin\/wp-json\/wp\/v2\/comments?post=185552"}],"version-history":[{"count":2,"href":"https:\/\/www.tgrthaber.com\/mavikadin\/wp-json\/wp\/v2\/posts\/185552\/revisions"}],"predecessor-version":[{"id":185560,"href":"https:\/\/www.tgrthaber.com\/mavikadin\/wp-json\/wp\/v2\/posts\/185552\/revisions\/185560"}],"wp:featuredmedia":[{"embeddable":true,"href":"https:\/\/www.tgrthaber.com\/mavikadin\/wp-json\/wp\/v2\/media\/185553"}],"wp:attachment":[{"href":"https:\/\/www.tgrthaber.com\/mavikadin\/wp-json\/wp\/v2\/media?parent=185552"}],"wp:term":[{"taxonomy":"category","embeddable":true,"href":"https:\/\/www.tgrthaber.com\/mavikadin\/wp-json\/wp\/v2\/categories?post=185552"},{"taxonomy":"post_tag","embeddable":true,"href":"https:\/\/www.tgrthaber.com\/mavikadin\/wp-json\/wp\/v2\/tags?post=185552"}],"curies":[{"name":"wp","href":"https:\/\/api.w.org\/{rel}","templated":true}]}}