{"id":185580,"date":"2025-05-31T17:41:56","date_gmt":"2025-05-31T14:41:56","guid":{"rendered":"https:\/\/www.tgrthaber.com\/mavikadin\/?p=185580"},"modified":"2025-09-19T20:02:36","modified_gmt":"2025-09-19T17:02:36","slug":"agri-diyadinde-kursiyer-kadinlar-atik-malzemeleri-sanata-donusturdu-el-emegi-urunler-sergilendi","status":"publish","type":"post","link":"https:\/\/www.tgrthaber.com\/mavikadin\/agri-diyadinde-kursiyer-kadinlar-atik-malzemeleri-sanata-donusturdu-el-emegi-urunler-sergilendi\/","title":{"rendered":"A\u011fr\u0131 Diyadin&#8217;de kursiyer kad\u0131nlar at\u0131k malzemeleri sanata d\u00f6n\u00fc\u015ft\u00fcrd\u00fc! El eme\u011fi \u00fcr\u00fcnler sergilendi"},"content":{"rendered":"<p>A\u011fr\u0131&#8217;n\u0131n Diyadin il\u00e7esinde Hayat Boyu \u00d6\u011frenme \u015eenli\u011fi kapsam\u0131nda kursiyerlerin el eme\u011fi \u00fcr\u00fcnleri sergilendi.<\/p>\n<h3>KURS\u0130YER KADINLAR ATIK MALZEMELER\u0130 SANATA D\u00d6N\u00dc\u015eT\u00dcRD\u00dc<\/h3>\n<p>Diyadin il\u00e7esinde, Halk E\u011fitim Merkezi b\u00fcnyesindeki kurslara kat\u0131lan kad\u0131n kursiyerler taraf\u0131ndan at\u0131k malzemeler kullan\u0131larak haz\u0131rlanan el eme\u011fi \u00fcr\u00fcnler, d\u00fczenlenen etkinlikle sergilendi.<\/p>\n<p><img loading=\"lazy\" decoding=\"async\" class=\"alignnone size-full wp-image-185581\" src=\"https:\/\/www.tgrthaber.com\/mavikadin\/wp-content\/uploads\/1-1110.png\" alt=\"\" width=\"1208\" height=\"680\" title=\"\" srcset=\"https:\/\/www.tgrthaber.com\/mavikadin\/wp-content\/uploads\/1-1110.png 1208w, https:\/\/www.tgrthaber.com\/mavikadin\/wp-content\/uploads\/1-1110-300x169.png 300w, https:\/\/www.tgrthaber.com\/mavikadin\/wp-content\/uploads\/1-1110-1024x576.png 1024w, https:\/\/www.tgrthaber.com\/mavikadin\/wp-content\/uploads\/1-1110-768x432.png 768w\" sizes=\"(max-width: 1208px) 100vw, 1208px\" \/><\/p>\n<hr \/>\n<p>Hayat Boyu \u00d6\u011frenme \u015eenli\u011fi kapsam\u0131nda Halk E\u011fitim Merkezi M\u00fcd\u00fcrl\u00fc\u011f\u00fc bah\u00e7esinde kurulan stantlarda, kursiyerlerin el i\u015f\u00e7ili\u011fiyle ortaya \u00e7\u0131kard\u0131\u011f\u0131 resim tablolar\u0131, \u00e7antalar ve \u00e7e\u015fitli s\u00fcs e\u015fyalar\u0131 vatanda\u015flar\u0131n be\u011fenisine sunuldu.<\/p>\n<p>Etkinli\u011fe kurum m\u00fcd\u00fcrleri, kursiyerler ve vatanda\u015flar kat\u0131ld\u0131. A\u00e7\u0131l\u0131\u015f konu\u015fmalar\u0131n\u0131n ard\u0131ndan protokol \u00fcyeleri, kursiyerlerin haz\u0131rlad\u0131\u011f\u0131 \u00fcr\u00fcnlerin yer ald\u0131\u011f\u0131 stantlar\u0131 gezerek bilgi ald\u0131, kad\u0131nlar\u0131n el eme\u011fine \u00f6vg\u00fcde bulundu.<\/p>\n","protected":false},"excerpt":{"rendered":"<p>A\u011fr\u0131 Diyadin&#8217;de kursiyer kad\u0131nlar at\u0131k malzemelerden sanat yapt\u0131. Kursiyerlerin \u00fcr\u00fcnleri d\u00fczenlenen etkinlikte sergilendi.<\/p>\n","protected":false},"author":5,"featured_media":185582,"comment_status":"closed","ping_status":"closed","sticky":false,"template":"","format":"standard","meta":{"rank_math_lock_modified_date":false,"footnotes":""},"categories":[2149],"tags":[8664,23433,3455,19132],"class_list":["post-185580","post","type-post","status-publish","format-standard","has-post-thumbnail","hentry","category-guclu-kadin","tag-atik-malzeme","tag-diyadin","tag-guclu-kadin","tag-sanat"],"_links":{"self":[{"href":"https:\/\/www.tgrthaber.com\/mavikadin\/wp-json\/wp\/v2\/posts\/185580"}],"collection":[{"href":"https:\/\/www.tgrthaber.com\/mavikadin\/wp-json\/wp\/v2\/posts"}],"about":[{"href":"https:\/\/www.tgrthaber.com\/mavikadin\/wp-json\/wp\/v2\/types\/post"}],"author":[{"embeddable":true,"href":"https:\/\/www.tgrthaber.com\/mavikadin\/wp-json\/wp\/v2\/users\/5"}],"replies":[{"embeddable":true,"href":"https:\/\/www.tgrthaber.com\/mavikadin\/wp-json\/wp\/v2\/comments?post=185580"}],"version-history":[{"count":3,"href":"https:\/\/www.tgrthaber.com\/mavikadin\/wp-json\/wp\/v2\/posts\/185580\/revisions"}],"predecessor-version":[{"id":185585,"href":"https:\/\/www.tgrthaber.com\/mavikadin\/wp-json\/wp\/v2\/posts\/185580\/revisions\/185585"}],"wp:featuredmedia":[{"embeddable":true,"href":"https:\/\/www.tgrthaber.com\/mavikadin\/wp-json\/wp\/v2\/media\/185582"}],"wp:attachment":[{"href":"https:\/\/www.tgrthaber.com\/mavikadin\/wp-json\/wp\/v2\/media?parent=185580"}],"wp:term":[{"taxonomy":"category","embeddable":true,"href":"https:\/\/www.tgrthaber.com\/mavikadin\/wp-json\/wp\/v2\/categories?post=185580"},{"taxonomy":"post_tag","embeddable":true,"href":"https:\/\/www.tgrthaber.com\/mavikadin\/wp-json\/wp\/v2\/tags?post=185580"}],"curies":[{"name":"wp","href":"https:\/\/api.w.org\/{rel}","templated":true}]}}