{"id":185747,"date":"2025-06-01T13:54:41","date_gmt":"2025-06-01T10:54:41","guid":{"rendered":"https:\/\/www.tgrthaber.com\/mavikadin\/?p=185747"},"modified":"2025-06-01T13:54:41","modified_gmt":"2025-06-01T10:54:41","slug":"estetik-ameliyati-9-saat-suren-gulsah-saracoglu-son-halini-paylasti-unlu-modaciyi-gorenler-saskina-dondu","status":"publish","type":"post","link":"https:\/\/www.tgrthaber.com\/mavikadin\/estetik-ameliyati-9-saat-suren-gulsah-saracoglu-son-halini-paylasti-unlu-modaciyi-gorenler-saskina-dondu\/","title":{"rendered":"Estetik ameliyat\u0131 9 saat s\u00fcren G\u00fcl\u015fah Sara\u00e7o\u011flu son halini payla\u015ft\u0131! \u00dcnl\u00fc modac\u0131y\u0131 g\u00f6renler \u015fa\u015fk\u0131na d\u00f6nd\u00fc"},"content":{"rendered":"<p>Bir\u00e7ok \u00fcnl\u00fc isim gibi modac\u0131 G\u00fcl\u015fah Sara\u00e7o\u011flu\u2019da son g\u00fcnlerde yapt\u0131rd\u0131\u011f\u0131 estetik operasyonlar\u0131 ile g\u00fcndeme geldi. Ge\u00e7ti\u011fimiz g\u00fcnlerde 9 saatlik bir estetik ameliyat\u0131 operasyonu ge\u00e7iren Sara\u00e7o\u011flu, son halini kendi sosyal medyas\u0131ndan payla\u015ft\u0131. \u0130\u015fte detaylar\u2026<\/p>\n<h3>ESTET\u0130K AMEL\u0130YATI 9 SAAT S\u00dcREN G\u00dcL\u015eAH SARA\u00c7O\u011eLU SON HAL\u0130N\u0130 PAYLA\u015eTI!<\/h3>\n<p>\u00dcnl\u00fc modac\u0131 G\u00fcl\u015fah Sara\u00e7o\u011flu, ge\u00e7irdi\u011fi kapsaml\u0131 estetik operasyonla bir kez daha magazin g\u00fcndeminin zirvesine oturdu. 9 saat s\u00fcren m\u00fcdahale sonras\u0131 Sara\u00e7o\u011flu&#8217;nun y\u00fcz\u00fcndeki radikal de\u011fi\u015fim hem hayranlar\u0131 hem de sosyal medya kullan\u0131c\u0131lar\u0131 taraf\u0131ndan b\u00fcy\u00fck \u015fa\u015fk\u0131nl\u0131kla kar\u015f\u0131land\u0131.<\/p>\n<p><img loading=\"lazy\" decoding=\"async\" class=\"alignnone wp-image-185759\" src=\"https:\/\/www.tgrthaber.com\/mavikadin\/wp-content\/uploads\/haber-gorselleri-fotoshop-2025-06-01T135014.156-1024x576.jpg\" alt=\"Estetik ameliyat\u0131 9 saat s\u00fcren G\u00fcl\u015fah Sara\u00e7o\u011flu son halini payla\u015ft\u0131! \u00dcnl\u00fc modac\u0131y\u0131 g\u00f6renler \u015fa\u015fk\u0131na d\u00f6nd\u00fc\" width=\"1208\" height=\"680\" title=\"\" srcset=\"https:\/\/www.tgrthaber.com\/mavikadin\/wp-content\/uploads\/haber-gorselleri-fotoshop-2025-06-01T135014.156-1024x576.jpg 1024w, https:\/\/www.tgrthaber.com\/mavikadin\/wp-content\/uploads\/haber-gorselleri-fotoshop-2025-06-01T135014.156-300x169.jpg 300w, https:\/\/www.tgrthaber.com\/mavikadin\/wp-content\/uploads\/haber-gorselleri-fotoshop-2025-06-01T135014.156-768x432.jpg 768w, https:\/\/www.tgrthaber.com\/mavikadin\/wp-content\/uploads\/haber-gorselleri-fotoshop-2025-06-01T135014.156-1536x864.jpg 1536w, https:\/\/www.tgrthaber.com\/mavikadin\/wp-content\/uploads\/haber-gorselleri-fotoshop-2025-06-01T135014.156.jpg 1600w\" sizes=\"(max-width: 1208px) 100vw, 1208px\" \/><\/p>\n<hr \/>\n<p>Moda d\u00fcnyas\u0131n\u0131n dikkat \u00e7eken isimlerinden biri olan Sara\u00e7o\u011flu, ge\u00e7ti\u011fimiz g\u00fcnlerde ge\u00e7irdi\u011fi estetik operasyonun ard\u0131ndan ilk kez y\u00fcz\u00fcn\u00fc sosyal medyada payla\u015ft\u0131. Instagram hesab\u0131ndan yapt\u0131\u011f\u0131 payla\u015f\u0131mda, takip\u00e7ilerine adeta yeni bir y\u00fczle \u2018merhaba\u2019 dedi.<\/p>\n<p><img loading=\"lazy\" decoding=\"async\" class=\"alignnone wp-image-185756\" src=\"https:\/\/www.tgrthaber.com\/mavikadin\/wp-content\/uploads\/haber-gorselleri-fotoshop-2025-06-01T135135.855-1024x576.jpg\" alt=\"Estetik ameliyat\u0131 9 saat s\u00fcren G\u00fcl\u015fah Sara\u00e7o\u011flu son halini payla\u015ft\u0131! \u00dcnl\u00fc modac\u0131y\u0131 g\u00f6renler \u015fa\u015fk\u0131na d\u00f6nd\u00fc\" width=\"1208\" height=\"680\" title=\"\" srcset=\"https:\/\/www.tgrthaber.com\/mavikadin\/wp-content\/uploads\/haber-gorselleri-fotoshop-2025-06-01T135135.855-1024x576.jpg 1024w, https:\/\/www.tgrthaber.com\/mavikadin\/wp-content\/uploads\/haber-gorselleri-fotoshop-2025-06-01T135135.855-300x169.jpg 300w, https:\/\/www.tgrthaber.com\/mavikadin\/wp-content\/uploads\/haber-gorselleri-fotoshop-2025-06-01T135135.855-768x432.jpg 768w, https:\/\/www.tgrthaber.com\/mavikadin\/wp-content\/uploads\/haber-gorselleri-fotoshop-2025-06-01T135135.855-1536x864.jpg 1536w, https:\/\/www.tgrthaber.com\/mavikadin\/wp-content\/uploads\/haber-gorselleri-fotoshop-2025-06-01T135135.855.jpg 1600w\" sizes=\"(max-width: 1208px) 100vw, 1208px\" \/><\/p>\n<hr \/>\n<p>Al\u0131nan bilgilere g\u00f6re, operasyon s\u0131ras\u0131nda Sara\u00e7o\u011flu&#8217;na y\u00fcz ve boyun germe, \u00fcst ve alt g\u00f6z kapa\u011f\u0131 esteti\u011fi, bi\u015fektomi (yanak inceltme), \u00e7ene ve al\u0131n b\u00f6lgesine ya\u011f enjeksiyonu gibi bir dizi i\u015flem uyguland\u0131. T\u00fcm bu m\u00fcdahaleler sonucunda modac\u0131n\u0131n y\u00fcz hatlar\u0131nda belirgin bir incelme ve gen\u00e7le\u015fme g\u00f6zlemlendi. Adeta bamba\u015fka biri haline gelen Sara\u00e7o\u011flu\u2019nun yeni g\u00f6r\u00fcn\u00fcm\u00fc, sosyal medyada k\u0131sa s\u00fcrede g\u00fcndem oldu.<\/p>\n<h3><\/h3>\n<p><img loading=\"lazy\" decoding=\"async\" class=\"alignnone wp-image-185762\" src=\"https:\/\/www.tgrthaber.com\/mavikadin\/wp-content\/uploads\/haber-gorselleri-fotoshop-2025-06-01T135332.124-1024x576.jpg\" alt=\"Estetik ameliyat\u0131 9 saat s\u00fcren G\u00fcl\u015fah Sara\u00e7o\u011flu son halini payla\u015ft\u0131! \u00dcnl\u00fc modac\u0131y\u0131 g\u00f6renler \u015fa\u015fk\u0131na d\u00f6nd\u00fc\" width=\"1208\" height=\"680\" title=\"\" srcset=\"https:\/\/www.tgrthaber.com\/mavikadin\/wp-content\/uploads\/haber-gorselleri-fotoshop-2025-06-01T135332.124-1024x576.jpg 1024w, https:\/\/www.tgrthaber.com\/mavikadin\/wp-content\/uploads\/haber-gorselleri-fotoshop-2025-06-01T135332.124-300x169.jpg 300w, https:\/\/www.tgrthaber.com\/mavikadin\/wp-content\/uploads\/haber-gorselleri-fotoshop-2025-06-01T135332.124-768x432.jpg 768w, https:\/\/www.tgrthaber.com\/mavikadin\/wp-content\/uploads\/haber-gorselleri-fotoshop-2025-06-01T135332.124-1536x864.jpg 1536w, https:\/\/www.tgrthaber.com\/mavikadin\/wp-content\/uploads\/haber-gorselleri-fotoshop-2025-06-01T135332.124.jpg 1600w\" sizes=\"(max-width: 1208px) 100vw, 1208px\" \/><\/p>\n<hr \/>\n<h3>\u00dcNL\u00dc MODACIYI G\u00d6RENLER \u015eA\u015eKINA D\u00d6ND\u00dc<\/h3>\n<p>\u00dcnl\u00fc modac\u0131 G\u00fcl\u015fah Sara\u00e7o\u011flu, ge\u00e7irdi\u011fi operasyonlar ile sevenlerini ve hayranlar\u0131n\u0131 \u015fa\u015fk\u0131na d\u00f6nd\u00fcrd\u00fc. Bir\u00e7ok \u00fcnl\u00fc isim gibi estetik ameliyat\u0131 olan Sara\u00e7o\u011flu, 2016 y\u0131l\u0131nda da mide ameliyat\u0131 olmu\u015ftu. \u015eimdiki g\u00f6r\u00fcnt\u00fcs\u00fc ile dikkatleri \u00fczerine \u00e7eken modac\u0131, uzun s\u00fcre magazin g\u00fcndeminde yer alacak gibi g\u00f6r\u00fcl\u00fcyor.<\/p>\n<p><img loading=\"lazy\" decoding=\"async\" class=\"alignnone wp-image-185757\" src=\"https:\/\/www.tgrthaber.com\/mavikadin\/wp-content\/uploads\/haber-gorselleri-fotoshop-2025-06-01T135037.307-1024x576.jpg\" alt=\"Estetik ameliyat\u0131 9 saat s\u00fcren G\u00fcl\u015fah Sara\u00e7o\u011flu son halini payla\u015ft\u0131! \u00dcnl\u00fc modac\u0131y\u0131 g\u00f6renler \u015fa\u015fk\u0131na d\u00f6nd\u00fc\" width=\"1208\" height=\"680\" title=\"\" srcset=\"https:\/\/www.tgrthaber.com\/mavikadin\/wp-content\/uploads\/haber-gorselleri-fotoshop-2025-06-01T135037.307-1024x576.jpg 1024w, https:\/\/www.tgrthaber.com\/mavikadin\/wp-content\/uploads\/haber-gorselleri-fotoshop-2025-06-01T135037.307-300x169.jpg 300w, https:\/\/www.tgrthaber.com\/mavikadin\/wp-content\/uploads\/haber-gorselleri-fotoshop-2025-06-01T135037.307-768x432.jpg 768w, https:\/\/www.tgrthaber.com\/mavikadin\/wp-content\/uploads\/haber-gorselleri-fotoshop-2025-06-01T135037.307-1536x864.jpg 1536w, https:\/\/www.tgrthaber.com\/mavikadin\/wp-content\/uploads\/haber-gorselleri-fotoshop-2025-06-01T135037.307.jpg 1600w\" sizes=\"(max-width: 1208px) 100vw, 1208px\" \/><\/p>\n<hr \/>\n<p>G\u00fczellik ve estetik anlay\u0131\u015f\u0131yla zaman zaman tart\u0131\u015fma konusu olan Sara\u00e7o\u011flu, daha \u00f6nce yapt\u0131\u011f\u0131 a\u00e7\u0131klamalarda do\u011fall\u0131ktan yana olmad\u0131\u011f\u0131n\u0131 a\u00e7\u0131k\u00e7a ifade etmi\u015fti.Estetik cerrahi alan\u0131ndaki bu cesur hamlesiyle g\u00fcndem olan modac\u0131, takip\u00e7ilerinden hem \u00f6vg\u00fc hem de ele\u015ftiri dolu yorumlar ald\u0131. Baz\u0131 kullan\u0131c\u0131lar Sara\u00e7o\u011flu&#8217;nun yeni halini \u00e7ok be\u011fenirken, baz\u0131lar\u0131 ise a\u015f\u0131r\u0131ya ka\u00e7\u0131ld\u0131\u011f\u0131n\u0131 d\u00fc\u015f\u00fcnd\u00fc.<\/p>\n","protected":false},"excerpt":{"rendered":"<p>\u00dcnl\u00fc modac\u0131 G\u00fcl\u015fah Sara\u00e7o\u011flu ge\u00e7irdi\u011fi estetik ameliyat\u0131 ile magazin g\u00fcndeminde yer ald\u0131. 9 saatlik s\u00fcren bir estetik ameliyat\u0131 olan Sara\u00e7o\u011flu, son halini sosyal medyas\u0131ndan payla\u015ft\u0131. \u0130\u015fte detaylar\u2026<\/p>\n","protected":false},"author":34,"featured_media":185758,"comment_status":"closed","ping_status":"closed","sticky":false,"template":"","format":"standard","meta":{"rank_math_lock_modified_date":false,"footnotes":""},"categories":[76],"tags":[23471,23472,2218,11113],"class_list":["post-185747","post","type-post","status-publish","format-standard","has-post-thumbnail","hentry","category-magazin","tag-gulsah-saracoglu","tag-gulsah-saracoglu-9-saatlik-ameliyat","tag-magazin-haberleri","tag-modaci"],"_links":{"self":[{"href":"https:\/\/www.tgrthaber.com\/mavikadin\/wp-json\/wp\/v2\/posts\/185747"}],"collection":[{"href":"https:\/\/www.tgrthaber.com\/mavikadin\/wp-json\/wp\/v2\/posts"}],"about":[{"href":"https:\/\/www.tgrthaber.com\/mavikadin\/wp-json\/wp\/v2\/types\/post"}],"author":[{"embeddable":true,"href":"https:\/\/www.tgrthaber.com\/mavikadin\/wp-json\/wp\/v2\/users\/34"}],"replies":[{"embeddable":true,"href":"https:\/\/www.tgrthaber.com\/mavikadin\/wp-json\/wp\/v2\/comments?post=185747"}],"version-history":[{"count":2,"href":"https:\/\/www.tgrthaber.com\/mavikadin\/wp-json\/wp\/v2\/posts\/185747\/revisions"}],"predecessor-version":[{"id":185765,"href":"https:\/\/www.tgrthaber.com\/mavikadin\/wp-json\/wp\/v2\/posts\/185747\/revisions\/185765"}],"wp:featuredmedia":[{"embeddable":true,"href":"https:\/\/www.tgrthaber.com\/mavikadin\/wp-json\/wp\/v2\/media\/185758"}],"wp:attachment":[{"href":"https:\/\/www.tgrthaber.com\/mavikadin\/wp-json\/wp\/v2\/media?parent=185747"}],"wp:term":[{"taxonomy":"category","embeddable":true,"href":"https:\/\/www.tgrthaber.com\/mavikadin\/wp-json\/wp\/v2\/categories?post=185747"},{"taxonomy":"post_tag","embeddable":true,"href":"https:\/\/www.tgrthaber.com\/mavikadin\/wp-json\/wp\/v2\/tags?post=185747"}],"curies":[{"name":"wp","href":"https:\/\/api.w.org\/{rel}","templated":true}]}}