{"id":185760,"date":"2025-06-01T13:59:59","date_gmt":"2025-06-01T10:59:59","guid":{"rendered":"https:\/\/www.tgrthaber.com\/mavikadin\/?p=185760"},"modified":"2025-06-01T13:59:59","modified_gmt":"2025-06-01T10:59:59","slug":"uzak-sehir-dizisi-28-bolum-3-fragman-yayinlandi-sezon-finali-nefes-kesecek","status":"publish","type":"post","link":"https:\/\/www.tgrthaber.com\/mavikadin\/uzak-sehir-dizisi-28-bolum-3-fragman-yayinlandi-sezon-finali-nefes-kesecek\/","title":{"rendered":"Uzak \u015eehir dizisi 28. b\u00f6l\u00fcm 3. fragman yay\u0131nland\u0131! Sezon finali nefes kesecek"},"content":{"rendered":"<p>Ekranlar\u0131n b\u00fcy\u00fck bir ilgiyle takip etti\u011fi Uzak \u015eehir dizisi, sezon finaliyle izleyicileri ekran ba\u015f\u0131na kilitleyecek. Konusu ve g\u00fc\u00e7l\u00fc oyuncu kadrosuyla reyting rekorlar\u0131 k\u0131ran dizi yar\u0131n ak\u015fam yay\u0131nlanacak 28. b\u00f6l\u00fcm\u00fcyle ekranlara ara verecek. Seyirciye unutulmaz anlar ya\u015fatacak olan sezon finali b\u00f6l\u00fcm\u00fcnden yeni fragman yay\u0131nland\u0131. Dizinin s\u0131k\u0131 takip\u00e7ileri yeni fragman\u0131 merakla bekliyordu. Uzak \u015eehir dizisi 28. b\u00f6l\u00fcm sezon finali 3. fragman yay\u0131nland\u0131. Peki, Alya kona\u011f\u0131 terk edip Mardin\u2019den gidecek mi? Ecmel o\u011flu ve torunuyla ilgili ger\u00e7ekleri \u00f6\u011frenecek mi? Kaya Zerrin\u2019den vazge\u00e7ip ba\u015fka biriyle evlenecek mi? \u0130\u015fte Uzak \u015eehir sezon finaline dair merak edilenler\u2026<\/p>\n<h3>UZAK \u015eEH\u0130R D\u0130Z\u0130S\u0130 28. B\u00d6L\u00dcM SEZON F\u0130NAL\u0130 3. FRAGMAN YAYINLANDI!<\/h3>\n<p>Kanal D ekranlar\u0131n\u0131n reyting rekortmeni dizisi Uzak \u015eehir, yay\u0131nland\u0131\u011f\u0131 g\u00fcnden bu yana b\u00fcy\u00fck bir ilgiyle takip ediliyor. Hem konusu hem de g\u00fc\u00e7l\u00fc oyuncu kadrosuyla dikkatleri \u00fczerine \u00e7eken dizi, yar\u0131n ak\u015fam ekranlara gelecek 28. b\u00f6l\u00fcm\u00fcyle sezon finali yap\u0131yor. Ba\u015frollerinde Sinem \u00dcnsal ve Ozan Akbaba gibi ba\u015far\u0131l\u0131 oyuncular\u0131n yer ald\u0131\u011f\u0131 dizi, nefes kesecek sezon finali b\u00f6l\u00fcm\u00fcyle seyirciye unutulmaz anlar ya\u015fatmaya geliyor.<\/p>\n<p><img loading=\"lazy\" decoding=\"async\" class=\"alignnone wp-image-185761\" src=\"https:\/\/www.tgrthaber.com\/mavikadin\/wp-content\/uploads\/Uzak-Sehir-2-22-1024x576.jpg\" alt=\"Uzak \u015eehir dizisi 28. b\u00f6l\u00fcm 3. fragman yay\u0131nland\u0131! Sezon finali nefes kesecek\" width=\"1208\" height=\"680\" title=\"\" srcset=\"https:\/\/www.tgrthaber.com\/mavikadin\/wp-content\/uploads\/Uzak-Sehir-2-22-1024x576.jpg 1024w, https:\/\/www.tgrthaber.com\/mavikadin\/wp-content\/uploads\/Uzak-Sehir-2-22-300x169.jpg 300w, https:\/\/www.tgrthaber.com\/mavikadin\/wp-content\/uploads\/Uzak-Sehir-2-22-768x432.jpg 768w, https:\/\/www.tgrthaber.com\/mavikadin\/wp-content\/uploads\/Uzak-Sehir-2-22-1536x864.jpg 1536w, https:\/\/www.tgrthaber.com\/mavikadin\/wp-content\/uploads\/Uzak-Sehir-2-22.jpg 1600w\" sizes=\"(max-width: 1208px) 100vw, 1208px\" \/><\/p>\n<hr \/>\n<p>Sezon finalinde b\u00fcy\u00fck s\u00fcrprizlere imza ataca\u011f\u0131 s\u00f6ylenen Uzak \u015eehir dizisinin 28. b\u00f6l\u00fcm 3. fragman yay\u0131nland\u0131. 27. b\u00f6l\u00fcm\u00fcyle izleyiciyi ekran ba\u015f\u0131na kilitleyen dizi, sezon finali b\u00f6l\u00fcm\u00fcyle nefes kesmeye geliyor. Yeni b\u00f6l\u00fcm fragman\u0131n\u0131n yay\u0131nlanmas\u0131yla birlikte dizinin s\u0131k\u0131 takip\u00e7ileri b\u00fcy\u00fck bir merak i\u00e7inde kald\u0131.<\/p>\n<p><img loading=\"lazy\" decoding=\"async\" class=\"alignnone wp-image-185763\" src=\"https:\/\/www.tgrthaber.com\/mavikadin\/wp-content\/uploads\/Uzak-Sehir-3-24-1024x576.jpg\" alt=\"Uzak \u015eehir dizisi 28. b\u00f6l\u00fcm 3. fragman yay\u0131nland\u0131! Sezon finali nefes kesecek\" width=\"1208\" height=\"680\" title=\"\" srcset=\"https:\/\/www.tgrthaber.com\/mavikadin\/wp-content\/uploads\/Uzak-Sehir-3-24-1024x576.jpg 1024w, https:\/\/www.tgrthaber.com\/mavikadin\/wp-content\/uploads\/Uzak-Sehir-3-24-300x169.jpg 300w, https:\/\/www.tgrthaber.com\/mavikadin\/wp-content\/uploads\/Uzak-Sehir-3-24-768x432.jpg 768w, https:\/\/www.tgrthaber.com\/mavikadin\/wp-content\/uploads\/Uzak-Sehir-3-24-1536x864.jpg 1536w, https:\/\/www.tgrthaber.com\/mavikadin\/wp-content\/uploads\/Uzak-Sehir-3-24.jpg 1600w\" sizes=\"(max-width: 1208px) 100vw, 1208px\" \/><\/p>\n<hr \/>\n<p>Peki, Uzak \u015eehir sezon finali b\u00f6l\u00fcm\u00fcnde Alya kona\u011f\u0131 terk edip Mardin\u2019den gidecek mi? Ecmel o\u011flu ve torunuyla ilgili ger\u00e7ekleri \u00f6\u011frenecek mi? Kaya Zerrin\u2019den vazge\u00e7ip ba\u015fka biriyle evlenecek mi? Zerrin bebe\u011fini kaybedecek mi? Cihan Alya\u2019ya engel olacak m\u0131? Hepsi ve daha fazlas\u0131 yar\u0131n ak\u015fam yay\u0131nlanacak olan 28. b\u00f6l\u00fcmde belli olacak. \u0130\u015fte Uzak \u015eehir dizisi 28. b\u00f6l\u00fcm 3. fragman\u0131\u2026<\/p>\n<div style=\"width: 640px;\" class=\"wp-video\"><!--[if lt IE 9]><script>document.createElement('video');<\/script><![endif]-->\n<video class=\"wp-video-shortcode\" id=\"video-185760-1\" width=\"640\" height=\"360\" preload=\"metadata\" controls=\"controls\"><source type=\"video\/mp4\" src=\"https:\/\/www.tgrthaber.com\/mavikadin\/wp-content\/uploads\/Uzak-Sehir-fragman.mp4?_=1\" \/><a href=\"https:\/\/www.tgrthaber.com\/mavikadin\/wp-content\/uploads\/Uzak-Sehir-fragman.mp4\">https:\/\/www.tgrthaber.com\/mavikadin\/wp-content\/uploads\/Uzak-Sehir-fragman.mp4<\/a><\/video><\/div>\n<hr \/>\n<h3>UZAK \u015eEH\u0130R SEZON F\u0130NAL\u0130 NEFES KESECEK!<\/h3>\n<p>Yeni sezonda f\u0131rt\u0131na gibi esecek olan Uzak \u015eehir dizisi, ge\u00e7ti\u011fimiz g\u00fcnlerde birinci sezon \u00e7ekimlerini tamamlayarak Mardin yolculu\u011funa k\u0131sa bir ara verdi. \u0130kinci sezonuyla Eyl\u00fcl ay\u0131nda ekranlara d\u00f6nmeyi planlayan dizinin sezon finalinde b\u00fcy\u00fck s\u00fcrprizlere imza at\u0131laca\u011f\u0131 \u00f6\u011frenildi.<\/p>\n<p><img loading=\"lazy\" decoding=\"async\" class=\"alignnone wp-image-185767\" src=\"https:\/\/www.tgrthaber.com\/mavikadin\/wp-content\/uploads\/Uzak-Sehir-38-1024x576.jpg\" alt=\"Uzak \u015eehir dizisi 28. b\u00f6l\u00fcm 3. fragman yay\u0131nland\u0131! Sezon finali nefes kesecek\" width=\"1208\" height=\"680\" title=\"\" srcset=\"https:\/\/www.tgrthaber.com\/mavikadin\/wp-content\/uploads\/Uzak-Sehir-38-1024x576.jpg 1024w, https:\/\/www.tgrthaber.com\/mavikadin\/wp-content\/uploads\/Uzak-Sehir-38-300x169.jpg 300w, https:\/\/www.tgrthaber.com\/mavikadin\/wp-content\/uploads\/Uzak-Sehir-38-768x432.jpg 768w, https:\/\/www.tgrthaber.com\/mavikadin\/wp-content\/uploads\/Uzak-Sehir-38-1536x864.jpg 1536w, https:\/\/www.tgrthaber.com\/mavikadin\/wp-content\/uploads\/Uzak-Sehir-38.jpg 1600w\" sizes=\"(max-width: 1208px) 100vw, 1208px\" \/><\/p>\n<hr \/>\n<p>Uzak \u015eehir\u2019in sezon finaline dair fragmanlar\u0131n yay\u0131nlanmas\u0131 ve b\u00fcy\u00fck s\u00fcrprizlerin ya\u015fan\u0131laca\u011f\u0131n\u0131n \u00f6\u011frenilmesi \u00fczerine dizinin s\u0131k\u0131 takip\u00e7ileri merak i\u00e7erisine girdi. Kaya\u2019n\u0131n yeni fragmanda yer almas\u0131yla birlikte \u00f6lmedi\u011fi kesinle\u015firken, Alya\u2019n\u0131n kona\u011f\u0131 ve Mardin\u2019i terk edip etmeyece\u011fi ise belirsizli\u011fini koruyor.<\/p>\n<p><img loading=\"lazy\" decoding=\"async\" class=\"alignnone wp-image-185768\" src=\"https:\/\/www.tgrthaber.com\/mavikadin\/wp-content\/uploads\/Uzak-Sehir-1-26-1024x576.jpg\" alt=\"Uzak \u015eehir dizisi 28. b\u00f6l\u00fcm 3. fragman yay\u0131nland\u0131! Sezon finali nefes kesecek\" width=\"1208\" height=\"680\" title=\"\" srcset=\"https:\/\/www.tgrthaber.com\/mavikadin\/wp-content\/uploads\/Uzak-Sehir-1-26-1024x576.jpg 1024w, https:\/\/www.tgrthaber.com\/mavikadin\/wp-content\/uploads\/Uzak-Sehir-1-26-300x169.jpg 300w, https:\/\/www.tgrthaber.com\/mavikadin\/wp-content\/uploads\/Uzak-Sehir-1-26-768x432.jpg 768w, https:\/\/www.tgrthaber.com\/mavikadin\/wp-content\/uploads\/Uzak-Sehir-1-26-1536x864.jpg 1536w, https:\/\/www.tgrthaber.com\/mavikadin\/wp-content\/uploads\/Uzak-Sehir-1-26.jpg 1600w\" sizes=\"(max-width: 1208px) 100vw, 1208px\" \/><\/p>\n<hr \/>\n<p>Mine\u2019nin Boran\u2019\u0131n Ecmel\u2019in o\u011flu Cihan Deniz\u2019in ise torunu oldu\u011funu \u00f6\u011frenmesi t\u00fcm dengeleri alt \u00fcst edece\u011fe benziyor. Di\u011fer yandan Nare ve \u015eahin\u2019in hayatlar\u0131n\u0131 birle\u015ftirerek yeni bir yola girmeleri ve ne t\u00fcr zorluklarla kar\u015f\u0131 kar\u015f\u0131ya kalacaklar\u0131 merak edilirken, Demir\u2019in Kaya\u2019ya olan \u00f6fkesi ve intikam h\u0131rs\u0131 da bir hayli art\u0131\u015f g\u00f6steriyor.<\/p>\n<p><img loading=\"lazy\" decoding=\"async\" class=\"alignnone wp-image-185769\" src=\"https:\/\/www.tgrthaber.com\/mavikadin\/wp-content\/uploads\/Uzak-Sehir-6-9-1024x576.jpg\" alt=\"Uzak \u015eehir dizisi 28. b\u00f6l\u00fcm 3. fragman yay\u0131nland\u0131! Sezon finali nefes kesecek\" width=\"1208\" height=\"680\" title=\"\" srcset=\"https:\/\/www.tgrthaber.com\/mavikadin\/wp-content\/uploads\/Uzak-Sehir-6-9-1024x576.jpg 1024w, https:\/\/www.tgrthaber.com\/mavikadin\/wp-content\/uploads\/Uzak-Sehir-6-9-300x169.jpg 300w, https:\/\/www.tgrthaber.com\/mavikadin\/wp-content\/uploads\/Uzak-Sehir-6-9-768x432.jpg 768w, https:\/\/www.tgrthaber.com\/mavikadin\/wp-content\/uploads\/Uzak-Sehir-6-9-1536x864.jpg 1536w, https:\/\/www.tgrthaber.com\/mavikadin\/wp-content\/uploads\/Uzak-Sehir-6-9.jpg 1600w\" sizes=\"(max-width: 1208px) 100vw, 1208px\" \/><\/p>\n<hr \/>\n<p>Ecmel\u2019in \u00f6zg\u00fcrl\u00fc\u011f\u00fcne kavu\u015fmas\u0131yla birlikte Sadakat\u2019a neler ya\u015fataca\u011f\u0131 b\u00fcy\u00fck bir merakla beklenirken, Kaya\u2019n\u0131n Zerrin\u2019den vazge\u00e7erek sevmedi\u011fi biriyle evlenip evlenmeyece\u011fi ise belirsizli\u011fini koruyor. T\u00fcm bu belirsizlikler ve merak edilenler Uzak \u015eehir\u2019in 2 Haziran 2025 Pazartesi g\u00fcn\u00fc yay\u0131nlanacak olan 28. b\u00f6l\u00fcm\u00fcnde a\u00e7\u0131\u011fa \u00e7\u0131kacak.<\/p>\n","protected":false},"excerpt":{"rendered":"<p>Kanal D ekranlar\u0131n\u0131n reyting rekortmeni dizisi Uzak \u015eehir, yar\u0131n ekranlara gelecek 28. b\u00f6l\u00fcm\u00fcyle sezon finali yapacak! Nefes kesecek sezon finalinden yeni fragman geldi. \u0130\u015fte detaylar\u2026<\/p>\n","protected":false},"author":26,"featured_media":185770,"comment_status":"closed","ping_status":"closed","sticky":false,"template":"","format":"standard","meta":{"rank_math_lock_modified_date":false,"footnotes":""},"categories":[602],"tags":[2628,3602,2293,15338,23473],"class_list":["post-185760","post","type-post","status-publish","format-standard","has-post-thumbnail","hentry","category-diziler","tag-dizi-haberleri","tag-diziler","tag-uzak-sehir","tag-uzak-sehir-sezon-finali","tag-uzak-sehir-sezon-finali-fragmani"],"_links":{"self":[{"href":"https:\/\/www.tgrthaber.com\/mavikadin\/wp-json\/wp\/v2\/posts\/185760"}],"collection":[{"href":"https:\/\/www.tgrthaber.com\/mavikadin\/wp-json\/wp\/v2\/posts"}],"about":[{"href":"https:\/\/www.tgrthaber.com\/mavikadin\/wp-json\/wp\/v2\/types\/post"}],"author":[{"embeddable":true,"href":"https:\/\/www.tgrthaber.com\/mavikadin\/wp-json\/wp\/v2\/users\/26"}],"replies":[{"embeddable":true,"href":"https:\/\/www.tgrthaber.com\/mavikadin\/wp-json\/wp\/v2\/comments?post=185760"}],"version-history":[{"count":1,"href":"https:\/\/www.tgrthaber.com\/mavikadin\/wp-json\/wp\/v2\/posts\/185760\/revisions"}],"predecessor-version":[{"id":185771,"href":"https:\/\/www.tgrthaber.com\/mavikadin\/wp-json\/wp\/v2\/posts\/185760\/revisions\/185771"}],"wp:featuredmedia":[{"embeddable":true,"href":"https:\/\/www.tgrthaber.com\/mavikadin\/wp-json\/wp\/v2\/media\/185770"}],"wp:attachment":[{"href":"https:\/\/www.tgrthaber.com\/mavikadin\/wp-json\/wp\/v2\/media?parent=185760"}],"wp:term":[{"taxonomy":"category","embeddable":true,"href":"https:\/\/www.tgrthaber.com\/mavikadin\/wp-json\/wp\/v2\/categories?post=185760"},{"taxonomy":"post_tag","embeddable":true,"href":"https:\/\/www.tgrthaber.com\/mavikadin\/wp-json\/wp\/v2\/tags?post=185760"}],"curies":[{"name":"wp","href":"https:\/\/api.w.org\/{rel}","templated":true}]}}