{"id":185779,"date":"2025-06-01T14:49:06","date_gmt":"2025-06-01T11:49:06","guid":{"rendered":"https:\/\/www.tgrthaber.com\/mavikadin\/?p=185779"},"modified":"2025-06-01T14:49:06","modified_gmt":"2025-06-01T11:49:06","slug":"miss-world-2025te-idil-bilgen-kacinci-oldu-idil-bilgen-dereceye-girebildi-mi","status":"publish","type":"post","link":"https:\/\/www.tgrthaber.com\/mavikadin\/miss-world-2025te-idil-bilgen-kacinci-oldu-idil-bilgen-dereceye-girebildi-mi\/","title":{"rendered":"Miss World 2025&#8217;te \u0130dil Bilgen ka\u00e7\u0131nc\u0131 oldu? \u0130dil Bilgen dereceye girebildi mi?"},"content":{"rendered":"<p>Miss World 2025 finali d\u00fcn, Hindistan&#8217;\u0131n Haydarabad kentinde yap\u0131ld\u0131. Bu y\u0131l 72&#8217;ncisi d\u00fczenlenen yar\u0131\u015fman\u0131n galibi Tayland\u0131 temsil eden 21 ya\u015f\u0131ndaki g\u00fczel Opal Suchata Chuangsri oldu. Opal Suchata Chuangsri tac\u0131n\u0131 takarak 2025 d\u00fcnya g\u00fczeli \u00fcnvan\u0131n\u0131 ald\u0131. \u00dclkemizi temsil eden ve g\u00f6r\u00fcnt\u00fcs\u00fc hakk\u0131nda \u00e7ok fazla ele\u015ftiriye maruz b\u0131rak\u0131lan \u0130dil Bilgen\u2019in ka\u00e7\u0131nc\u0131 oldu\u011fu vatanda\u015flar taraf\u0131ndan \u00e7ok merak edildi.<\/p>\n<h3>M\u0130SS WORLD 2025\u2019TE \u0130D\u0130L B\u0130LGEN KA\u00c7INCI OLDU?<\/h3>\n<p>Miss World 2025 G\u00fczellik Yar\u0131\u015fmas\u0131 31 May\u0131s 2025 tarihinde sona erdi. T\u00fcrkiye&#8217;yi \u0130dil Bilgen&#8217;in temsil etti\u011fi yar\u0131\u015fman\u0131n birincisi Tayland&#8217;\u0131 temsil eden 21 ya\u015f\u0131ndaki Opal Suchata Chuangsri oldu.<\/p>\n<p><img loading=\"lazy\" decoding=\"async\" class=\"aligncenter wp-image-185781\" src=\"https:\/\/www.tgrthaber.com\/mavikadin\/wp-content\/uploads\/miss-world-2025-idil-bilgen-kacinci-oldu-idil-bilgen-dereceye-girebildi-mi-6.jpg\" alt=\"\" width=\"1208\" height=\"680\" title=\"\" srcset=\"https:\/\/www.tgrthaber.com\/mavikadin\/wp-content\/uploads\/miss-world-2025-idil-bilgen-kacinci-oldu-idil-bilgen-dereceye-girebildi-mi-6.jpg 1920w, https:\/\/www.tgrthaber.com\/mavikadin\/wp-content\/uploads\/miss-world-2025-idil-bilgen-kacinci-oldu-idil-bilgen-dereceye-girebildi-mi-6-300x169.jpg 300w, https:\/\/www.tgrthaber.com\/mavikadin\/wp-content\/uploads\/miss-world-2025-idil-bilgen-kacinci-oldu-idil-bilgen-dereceye-girebildi-mi-6-1024x576.jpg 1024w, https:\/\/www.tgrthaber.com\/mavikadin\/wp-content\/uploads\/miss-world-2025-idil-bilgen-kacinci-oldu-idil-bilgen-dereceye-girebildi-mi-6-768x432.jpg 768w, https:\/\/www.tgrthaber.com\/mavikadin\/wp-content\/uploads\/miss-world-2025-idil-bilgen-kacinci-oldu-idil-bilgen-dereceye-girebildi-mi-6-1536x864.jpg 1536w\" sizes=\"(max-width: 1208px) 100vw, 1208px\" \/><\/p>\n<hr \/>\n<p>Yar\u0131\u015fman\u0131n ikincili\u011fini Etiyopya\u2019dan Hasset Dereje Admassu, \u00fc\u00e7\u00fcnc\u00fcl\u00fc\u011f\u00fc ise Polonya temsilcisi Maja Klajda kazand\u0131. \u00dclkemizi temsil eden \u0130dil Bilgen ise \u00e7eyrek finale kalarak &#8220;En \u0130yi 40&#8221; listesinde yer ald\u0131. Bilgen, 2025 D\u00fcnya G\u00fczellik Yar\u0131\u015fmas\u0131\u2019nda maalesef derece elde edemedi.<\/p>\n<p><img loading=\"lazy\" decoding=\"async\" class=\"aligncenter wp-image-185782\" src=\"https:\/\/www.tgrthaber.com\/mavikadin\/wp-content\/uploads\/miss-world-2025-idil-bilgen-kacinci-oldu-idil-bilgen-dereceye-girebildi-mi-9.jpg\" alt=\"\" width=\"1208\" height=\"680\" title=\"\" srcset=\"https:\/\/www.tgrthaber.com\/mavikadin\/wp-content\/uploads\/miss-world-2025-idil-bilgen-kacinci-oldu-idil-bilgen-dereceye-girebildi-mi-9.jpg 1920w, https:\/\/www.tgrthaber.com\/mavikadin\/wp-content\/uploads\/miss-world-2025-idil-bilgen-kacinci-oldu-idil-bilgen-dereceye-girebildi-mi-9-300x169.jpg 300w, https:\/\/www.tgrthaber.com\/mavikadin\/wp-content\/uploads\/miss-world-2025-idil-bilgen-kacinci-oldu-idil-bilgen-dereceye-girebildi-mi-9-1024x576.jpg 1024w, https:\/\/www.tgrthaber.com\/mavikadin\/wp-content\/uploads\/miss-world-2025-idil-bilgen-kacinci-oldu-idil-bilgen-dereceye-girebildi-mi-9-768x432.jpg 768w, https:\/\/www.tgrthaber.com\/mavikadin\/wp-content\/uploads\/miss-world-2025-idil-bilgen-kacinci-oldu-idil-bilgen-dereceye-girebildi-mi-9-1536x864.jpg 1536w\" sizes=\"(max-width: 1208px) 100vw, 1208px\" \/><\/p>\n<hr \/>\n<h3>OPAL SUCHATA CHUANGSR\u0130 K\u0130MD\u0130R?<\/h3>\n<p>Opal Suchata Chuangsri, 2003 senesinde Tayland\u2019\u0131n Phuket \u015fehrinde 2003 y\u0131l\u0131nda do\u011fdu. Ailes otel i\u015fletmecili\u011fi yapmaktad\u0131r.<\/p>\n<p>\u0130lk ve orta \u00f6\u011frenimini Kajonkietsuksa Okulu\u2019nda tamamlad\u0131. Lisede Triam Udom Suksa Okulu\u2019ndan mezun oldu.<\/p>\n<p><img loading=\"lazy\" decoding=\"async\" class=\"aligncenter wp-image-185783\" src=\"https:\/\/www.tgrthaber.com\/mavikadin\/wp-content\/uploads\/miss-world-2025-idil-bilgen-kacinci-oldu-idil-bilgen-dereceye-girebildi-mi-8.jpg\" alt=\"\" width=\"1208\" height=\"680\" title=\"\" srcset=\"https:\/\/www.tgrthaber.com\/mavikadin\/wp-content\/uploads\/miss-world-2025-idil-bilgen-kacinci-oldu-idil-bilgen-dereceye-girebildi-mi-8.jpg 1920w, https:\/\/www.tgrthaber.com\/mavikadin\/wp-content\/uploads\/miss-world-2025-idil-bilgen-kacinci-oldu-idil-bilgen-dereceye-girebildi-mi-8-300x169.jpg 300w, https:\/\/www.tgrthaber.com\/mavikadin\/wp-content\/uploads\/miss-world-2025-idil-bilgen-kacinci-oldu-idil-bilgen-dereceye-girebildi-mi-8-1024x576.jpg 1024w, https:\/\/www.tgrthaber.com\/mavikadin\/wp-content\/uploads\/miss-world-2025-idil-bilgen-kacinci-oldu-idil-bilgen-dereceye-girebildi-mi-8-768x432.jpg 768w, https:\/\/www.tgrthaber.com\/mavikadin\/wp-content\/uploads\/miss-world-2025-idil-bilgen-kacinci-oldu-idil-bilgen-dereceye-girebildi-mi-8-1536x864.jpg 1536w\" sizes=\"(max-width: 1208px) 100vw, 1208px\" \/><\/p>\n<hr \/>\n<p>Opal Suchata Chuangsri, Thammasat \u00dcniversitesi\u2019nde Uluslararas\u0131 \u0130li\u015fkiler b\u00f6l\u00fcm\u00fcnde Siyaset Bilimi \u00fczerine e\u011fitimine devam etmektedir.<\/p>\n<p>Tayca, \u0130ngilizce ve \u00c7ince bilen yeni d\u00fcnya g\u00fczeli 2022\u2019de 18 ya\u015f\u0131ndayken Miss Universe Thailand 2022 yar\u0131\u015fmas\u0131na kat\u0131larak \u00fc\u00e7\u00fcnc\u00fc ikinci \u00fcnvan\u0131 kazand\u0131. Ancak daha sonra, ilk birinci Nicolene Limsnukan\u2019\u0131n yar\u0131\u015fmadan \u00e7ekilmesinin ard\u0131ndan ikinci ikincili\u011fe terfi etti.<\/p>\n<p><img loading=\"lazy\" decoding=\"async\" class=\"aligncenter wp-image-185784\" src=\"https:\/\/www.tgrthaber.com\/mavikadin\/wp-content\/uploads\/miss-world-2025-idil-bilgen-kacinci-oldu-idil-bilgen-dereceye-girebildi-mi-5.jpg\" alt=\"\" width=\"1208\" height=\"680\" title=\"\" srcset=\"https:\/\/www.tgrthaber.com\/mavikadin\/wp-content\/uploads\/miss-world-2025-idil-bilgen-kacinci-oldu-idil-bilgen-dereceye-girebildi-mi-5.jpg 1920w, https:\/\/www.tgrthaber.com\/mavikadin\/wp-content\/uploads\/miss-world-2025-idil-bilgen-kacinci-oldu-idil-bilgen-dereceye-girebildi-mi-5-300x169.jpg 300w, https:\/\/www.tgrthaber.com\/mavikadin\/wp-content\/uploads\/miss-world-2025-idil-bilgen-kacinci-oldu-idil-bilgen-dereceye-girebildi-mi-5-1024x576.jpg 1024w, https:\/\/www.tgrthaber.com\/mavikadin\/wp-content\/uploads\/miss-world-2025-idil-bilgen-kacinci-oldu-idil-bilgen-dereceye-girebildi-mi-5-768x432.jpg 768w, https:\/\/www.tgrthaber.com\/mavikadin\/wp-content\/uploads\/miss-world-2025-idil-bilgen-kacinci-oldu-idil-bilgen-dereceye-girebildi-mi-5-1536x864.jpg 1536w\" sizes=\"(max-width: 1208px) 100vw, 1208px\" \/><\/p>\n<hr \/>\n<h3>T\u00dcRK\u0130YE G\u00dcZEL\u0130 \u0130D\u0130L B\u0130LGEN K\u0130MD\u0130R?<\/h3>\n<p>\u0130dil Bilgen 2000 y\u0131l\u0131nda \u0130stanbul&#8217;da do\u011fdu. Annesi Ay\u015fe Karahan Bilgen&#8217;i 2018 senesinde kanserden dolay\u0131 vefat etti, babas\u0131 Mustafa Levent Bilgen bir diplomatt\u0131r, Ekim 2023 tarihinden bu yana Ukrayna Kiev b\u00fcy\u00fckel\u00e7ili\u011fini \u00fcstlenmektedir. 25 ya\u015f\u0131nda ve 1.80 boyunda olan \u0130dil Bilgen Ko\u00e7 \u00dcniversitesi T\u0131p Fak\u00fcltesi mezunu bir doktordur.<\/p>\n<p>\u0130dil Bilgen\u2019in T\u00fcrkiye G\u00fczellik Yar\u0131\u015fmas\u0131n\u0131 kazanmas\u0131 sosyal medyada b\u00fcy\u00fck g\u00fcndem olmu\u015f, Bilgen g\u00fczel se\u00e7ildi\u011fi g\u00fcnlerde \u00e7ok fazla ele\u015ftiriye maruz b\u0131rak\u0131lm\u0131\u015ft\u0131r.<\/p>\n","protected":false},"excerpt":{"rendered":"<p>Miss World 2025 finali 31 May\u0131s 2025 tarihinde muhte\u015fem bir organizasyonla ger\u00e7ekle\u015ftirildi. T\u00fcrkiye&#8217;yi \u0130dil Bilgen&#8217;in temsil etti\u011fi yar\u0131\u015fman\u0131n kazanan\u0131 21 ya\u015f\u0131ndaki Taylandl\u0131 Opal Suchata Chuangsri oldu. Miss World 2025 yar\u0131\u015fmas\u0131nda \u0130dil Bilgen\u2019in ka\u00e7\u0131nc\u0131 oldu\u011fu merak konusu oldu. \u0130dil Bilgen Miss World 2025\u2019te ka\u00e7\u0131nc\u0131 oldu?<\/p>\n","protected":false},"author":30,"featured_media":185780,"comment_status":"closed","ping_status":"closed","sticky":false,"template":"","format":"standard","meta":{"rank_math_lock_modified_date":false,"footnotes":""},"categories":[76],"tags":[20702,23476,2218,20701,23446],"class_list":["post-185779","post","type-post","status-publish","format-standard","has-post-thumbnail","hentry","category-magazin","tag-idil-bilgen","tag-idil-bilgen-kacinci-oldu","tag-magazin-haberleri","tag-miss-world-2025","tag-miss-world-2025-opal-suchata-chuangsri"],"_links":{"self":[{"href":"https:\/\/www.tgrthaber.com\/mavikadin\/wp-json\/wp\/v2\/posts\/185779"}],"collection":[{"href":"https:\/\/www.tgrthaber.com\/mavikadin\/wp-json\/wp\/v2\/posts"}],"about":[{"href":"https:\/\/www.tgrthaber.com\/mavikadin\/wp-json\/wp\/v2\/types\/post"}],"author":[{"embeddable":true,"href":"https:\/\/www.tgrthaber.com\/mavikadin\/wp-json\/wp\/v2\/users\/30"}],"replies":[{"embeddable":true,"href":"https:\/\/www.tgrthaber.com\/mavikadin\/wp-json\/wp\/v2\/comments?post=185779"}],"version-history":[{"count":3,"href":"https:\/\/www.tgrthaber.com\/mavikadin\/wp-json\/wp\/v2\/posts\/185779\/revisions"}],"predecessor-version":[{"id":185788,"href":"https:\/\/www.tgrthaber.com\/mavikadin\/wp-json\/wp\/v2\/posts\/185779\/revisions\/185788"}],"wp:featuredmedia":[{"embeddable":true,"href":"https:\/\/www.tgrthaber.com\/mavikadin\/wp-json\/wp\/v2\/media\/185780"}],"wp:attachment":[{"href":"https:\/\/www.tgrthaber.com\/mavikadin\/wp-json\/wp\/v2\/media?parent=185779"}],"wp:term":[{"taxonomy":"category","embeddable":true,"href":"https:\/\/www.tgrthaber.com\/mavikadin\/wp-json\/wp\/v2\/categories?post=185779"},{"taxonomy":"post_tag","embeddable":true,"href":"https:\/\/www.tgrthaber.com\/mavikadin\/wp-json\/wp\/v2\/tags?post=185779"}],"curies":[{"name":"wp","href":"https:\/\/api.w.org\/{rel}","templated":true}]}}