{"id":185786,"date":"2025-06-01T14:54:37","date_gmt":"2025-06-01T11:54:37","guid":{"rendered":"https:\/\/www.tgrthaber.com\/mavikadin\/?p=185786"},"modified":"2025-06-01T14:54:37","modified_gmt":"2025-06-01T11:54:37","slug":"ali-gozusirin-melis-sezenin-basrol-oynadigi-leyla-hali-dizisine-dahil-oldu","status":"publish","type":"post","link":"https:\/\/www.tgrthaber.com\/mavikadin\/ali-gozusirin-melis-sezenin-basrol-oynadigi-leyla-hali-dizisine-dahil-oldu\/","title":{"rendered":"Ali G\u00f6z\u00fc\u015firin Melis Sezen\u2019in ba\u015frol oynad\u0131\u011f\u0131 \u2018Leyla Hali\u2019 dizisine dahil oldu!"},"content":{"rendered":"<p>TRT ekranlar\u0131n\u0131n dijital platformu Tabii\u2019de yay\u0131nlanacak olan \u2018Leyla Hali\u2019 dizisinden detaylar gelmeye ba\u015flad\u0131. Ba\u015frol\u00fcnde Melis Sezen\u2019in yer alaca\u011f\u0131 diziye Ali G\u00f6z\u00fc\u015firin dahil oldu. Ba\u015far\u0131l\u0131 oyuncunun dizide Leyla karakterini oynayan Melis Sezen\u2019in en b\u00fcy\u00fck destek\u00e7isi olaca\u011f\u0131 \u00f6\u011frenildi.<\/p>\n<h3>AL\u0130 G\u00d6Z\u00dc\u015e\u0130R\u0130N \u2018LEYLA HAL\u0130\u2019 D\u0130Z\u0130S\u0130NE DAH\u0130L OLDU!<\/h3>\n<p>Ali G\u00f6z\u00fc\u015firin ba\u015frol\u00fcnde Melis Sezen\u2019in yer ald\u0131\u011f\u0131 \u2018Leyla Hali\u2019 dizisinin oyuncu kadrosuna dahil oldu. TRT ekranlar\u0131n\u0131n dijital platformu Tabii, iddial\u0131 dizilerine yenilerini eklemeye devam ediyor. Ge\u00e7ti\u011fimiz g\u00fcnlerde Melis Sezen\u2019in ba\u015frol\u00fcnde yer alaca\u011f\u0131 \u2018Leyla Hali\u2019 dizisi i\u00e7in haz\u0131rl\u0131klara ba\u015fland\u0131\u011f\u0131 duyurulmu\u015ftu.<\/p>\n<p><img loading=\"lazy\" decoding=\"async\" class=\"alignnone wp-image-185790\" src=\"https:\/\/www.tgrthaber.com\/mavikadin\/wp-content\/uploads\/Leyla-Hali-2-1024x576.jpg\" alt=\"Ali G\u00f6z\u00fc\u015firin Melis Sezen\u2019in ba\u015frol oynad\u0131\u011f\u0131 \u2018Leyla Hali\u2019 dizisine dahil oldu! \" width=\"1208\" height=\"680\" title=\"\" srcset=\"https:\/\/www.tgrthaber.com\/mavikadin\/wp-content\/uploads\/Leyla-Hali-2-1024x576.jpg 1024w, https:\/\/www.tgrthaber.com\/mavikadin\/wp-content\/uploads\/Leyla-Hali-2-300x169.jpg 300w, https:\/\/www.tgrthaber.com\/mavikadin\/wp-content\/uploads\/Leyla-Hali-2-768x432.jpg 768w, https:\/\/www.tgrthaber.com\/mavikadin\/wp-content\/uploads\/Leyla-Hali-2-1536x864.jpg 1536w, https:\/\/www.tgrthaber.com\/mavikadin\/wp-content\/uploads\/Leyla-Hali-2.jpg 1600w\" sizes=\"(max-width: 1208px) 100vw, 1208px\" \/><\/p>\n<hr \/>\n<p>B\u00fcy\u00fck bir merakla beklenen dizinin haz\u0131rl\u0131klar\u0131 t\u00fcm h\u0131z\u0131yla devam ediyor. Yap\u0131mc\u0131l\u0131\u011f\u0131n\u0131 \u00d6ner Arslanel\u2019in \u00fcstlendi\u011fi Fabrika Yap\u0131m imzal\u0131 dizinin kadrosuna ba\u015far\u0131l\u0131 bir oyuncu dahil oldu.<\/p>\n<p>Gazeteci Birsen Altunta\u015f\u2019\u0131n haberine g\u00f6re; \u00f6zg\u00fcn hikayesinin Ali Demirel\u2019e ait oldu\u011fu Leyla Hali dizisinin oyuncu kadrosuna Ali G\u00f6z\u00fc\u015firin kat\u0131ld\u0131. Melis Sezen\u2019in \u2018Leyla\u2019 karakteriyle ba\u015frol\u00fcnde yer alaca\u011f\u0131 dizide G\u00f6z\u00fc\u015firin, \u2018Bar\u0131\u015f Sedef\u2019 karakterini oynayacak.<\/p>\n<p><img loading=\"lazy\" decoding=\"async\" class=\"alignnone wp-image-185791\" src=\"https:\/\/www.tgrthaber.com\/mavikadin\/wp-content\/uploads\/Leyla-Hali-4-1024x576.jpg\" alt=\"Ali G\u00f6z\u00fc\u015firin Melis Sezen\u2019in ba\u015frol oynad\u0131\u011f\u0131 \u2018Leyla Hali\u2019 dizisine dahil oldu! \" width=\"1208\" height=\"680\" title=\"\" srcset=\"https:\/\/www.tgrthaber.com\/mavikadin\/wp-content\/uploads\/Leyla-Hali-4-1024x576.jpg 1024w, https:\/\/www.tgrthaber.com\/mavikadin\/wp-content\/uploads\/Leyla-Hali-4-300x169.jpg 300w, https:\/\/www.tgrthaber.com\/mavikadin\/wp-content\/uploads\/Leyla-Hali-4-768x432.jpg 768w, https:\/\/www.tgrthaber.com\/mavikadin\/wp-content\/uploads\/Leyla-Hali-4-1536x864.jpg 1536w, https:\/\/www.tgrthaber.com\/mavikadin\/wp-content\/uploads\/Leyla-Hali-4.jpg 1600w\" sizes=\"(max-width: 1208px) 100vw, 1208px\" \/><\/p>\n<hr \/>\n<h3>AL\u0130 G\u00d6Z\u00dc\u015e\u0130R\u0130N LEYLA\u2019NIN EN B\u00dcY\u00dcK DESTEK\u00c7\u0130S\u0130 OLACAK!<\/h3>\n<p>Ba\u015frol\u00fcnde Melis Sezen\u2019in yer alaca\u011f\u0131 \u2018Leyla Hali\u2019 dizisine Ali G\u00f6z\u00fc\u015firin dahil oldu. Ba\u015far\u0131l\u0131 oyuncunun dizide Leyla karakterini oynayan Melis Sezen\u2019in en b\u00fcy\u00fck destek\u00e7isi olaca\u011f\u0131 \u00f6\u011frenildi. 13 Haziran\u2019da sete \u00e7\u0131kmas\u0131 planlanan ve toplamda 10 b\u00f6l\u00fcmden olu\u015facak dizide G\u00f6z\u00fc\u015firin\u2019in yollar\u0131 Leyla ile kesi\u015fecek. Bar\u0131\u015f karakterini oynayacak olan G\u00f6z\u00fc\u015firin, kendi restoran\u0131n\u0131 kurma hayalini ger\u00e7ekle\u015ftirecek olan Leyla\u2019n\u0131n (Melis Sezen) en b\u00fcy\u00fck destek\u00e7isi olacak.<\/p>\n<p><img loading=\"lazy\" decoding=\"async\" class=\"alignnone wp-image-185792\" src=\"https:\/\/www.tgrthaber.com\/mavikadin\/wp-content\/uploads\/Leyla-Hali-1-1024x576.jpg\" alt=\"Ali G\u00f6z\u00fc\u015firin Melis Sezen\u2019in ba\u015frol oynad\u0131\u011f\u0131 \u2018Leyla Hali\u2019 dizisine dahil oldu! \" width=\"1208\" height=\"680\" title=\"\" srcset=\"https:\/\/www.tgrthaber.com\/mavikadin\/wp-content\/uploads\/Leyla-Hali-1-1024x576.jpg 1024w, https:\/\/www.tgrthaber.com\/mavikadin\/wp-content\/uploads\/Leyla-Hali-1-300x169.jpg 300w, https:\/\/www.tgrthaber.com\/mavikadin\/wp-content\/uploads\/Leyla-Hali-1-768x432.jpg 768w, https:\/\/www.tgrthaber.com\/mavikadin\/wp-content\/uploads\/Leyla-Hali-1-1536x864.jpg 1536w, https:\/\/www.tgrthaber.com\/mavikadin\/wp-content\/uploads\/Leyla-Hali-1.jpg 1600w\" sizes=\"(max-width: 1208px) 100vw, 1208px\" \/><\/p>\n<hr \/>\n<p>\u00d6zg\u00fcn hikayesinin Ali Demirel\u2019e ait oldu\u011fu, senaryosunu Korcan Derinsu, Asl\u0131 Ceren Bozatl\u0131 ve \u00c7isel Bilgen Ceylan kaleme ald\u0131\u011f\u0131 Leyla Hali dizisini Ender M\u0131hlar y\u00f6netecek. Melis Sezen, dizide hala dedi\u011fi Kumru\u2019yla beraber ya\u015fayan zaman\u0131n\u0131 mutfakta yemek yaparak ge\u00e7iren, yetimhanede b\u00fcy\u00fcm\u00fc\u015f hayalperest \u2018Leyla\u2019y\u0131 oynayacak.<\/p>\n<p><img loading=\"lazy\" decoding=\"async\" class=\"alignnone wp-image-185793\" src=\"https:\/\/www.tgrthaber.com\/mavikadin\/wp-content\/uploads\/Melis-Sezen-1-1536x864-1-1024x576.webp\" alt=\"Ali G\u00f6z\u00fc\u015firin Melis Sezen\u2019in ba\u015frol oynad\u0131\u011f\u0131 \u2018Leyla Hali\u2019 dizisine dahil oldu! \" width=\"1208\" height=\"680\" title=\"\" srcset=\"https:\/\/www.tgrthaber.com\/mavikadin\/wp-content\/uploads\/Melis-Sezen-1-1536x864-1-1024x576.webp 1024w, https:\/\/www.tgrthaber.com\/mavikadin\/wp-content\/uploads\/Melis-Sezen-1-1536x864-1-300x169.webp 300w, https:\/\/www.tgrthaber.com\/mavikadin\/wp-content\/uploads\/Melis-Sezen-1-1536x864-1-768x432.webp 768w, https:\/\/www.tgrthaber.com\/mavikadin\/wp-content\/uploads\/Melis-Sezen-1-1536x864-1.webp 1536w\" sizes=\"(max-width: 1208px) 100vw, 1208px\" \/><\/p>\n<hr \/>\n<p>Etkileyici bir hik\u00e2ye ile seyirci kar\u015f\u0131s\u0131na \u00e7\u0131kacak olan Leyla Hali dizisinin \u00e7ekimleri haziran ay\u0131nda ba\u015flayacak ve 6 haftada tamamlanacak. Cast direkt\u00f6rl\u00fc\u011f\u00fcn\u00fc Yelda G\u00fcrkan\u2019\u0131n \u00fcstlendi\u011fi dizinin oyuncu g\u00f6r\u00fc\u015fmeleri ise hala devam ediyor.<\/p>\n","protected":false},"excerpt":{"rendered":"<p>Ali G\u00f6z\u00fc\u015firin ba\u015frol\u00fcnde Melis Sezen\u2019in yer ald\u0131\u011f\u0131 \u2018Leyla Hali\u2019 dizisinin oyuncu kadrosuna dahil oldu. Ba\u015far\u0131l\u0131 oyuncunun dizide Leyla karakterini oynayan Melis Sezen\u2019in en b\u00fcy\u00fck destek\u00e7isi olacak. \u0130\u015fte detaylar\u2026<\/p>\n","protected":false},"author":26,"featured_media":185789,"comment_status":"closed","ping_status":"closed","sticky":false,"template":"","format":"standard","meta":{"rank_math_lock_modified_date":false,"footnotes":""},"categories":[602],"tags":[23477,2628,3602,22957,22956,3008],"class_list":["post-185786","post","type-post","status-publish","format-standard","has-post-thumbnail","hentry","category-diziler","tag-ali-gozusirin","tag-dizi-haberleri","tag-diziler","tag-leyla-hali","tag-leyla-hali-dizi","tag-melis-sezen"],"_links":{"self":[{"href":"https:\/\/www.tgrthaber.com\/mavikadin\/wp-json\/wp\/v2\/posts\/185786"}],"collection":[{"href":"https:\/\/www.tgrthaber.com\/mavikadin\/wp-json\/wp\/v2\/posts"}],"about":[{"href":"https:\/\/www.tgrthaber.com\/mavikadin\/wp-json\/wp\/v2\/types\/post"}],"author":[{"embeddable":true,"href":"https:\/\/www.tgrthaber.com\/mavikadin\/wp-json\/wp\/v2\/users\/26"}],"replies":[{"embeddable":true,"href":"https:\/\/www.tgrthaber.com\/mavikadin\/wp-json\/wp\/v2\/comments?post=185786"}],"version-history":[{"count":2,"href":"https:\/\/www.tgrthaber.com\/mavikadin\/wp-json\/wp\/v2\/posts\/185786\/revisions"}],"predecessor-version":[{"id":185795,"href":"https:\/\/www.tgrthaber.com\/mavikadin\/wp-json\/wp\/v2\/posts\/185786\/revisions\/185795"}],"wp:featuredmedia":[{"embeddable":true,"href":"https:\/\/www.tgrthaber.com\/mavikadin\/wp-json\/wp\/v2\/media\/185789"}],"wp:attachment":[{"href":"https:\/\/www.tgrthaber.com\/mavikadin\/wp-json\/wp\/v2\/media?parent=185786"}],"wp:term":[{"taxonomy":"category","embeddable":true,"href":"https:\/\/www.tgrthaber.com\/mavikadin\/wp-json\/wp\/v2\/categories?post=185786"},{"taxonomy":"post_tag","embeddable":true,"href":"https:\/\/www.tgrthaber.com\/mavikadin\/wp-json\/wp\/v2\/tags?post=185786"}],"curies":[{"name":"wp","href":"https:\/\/api.w.org\/{rel}","templated":true}]}}