{"id":185796,"date":"2025-06-01T15:47:32","date_gmt":"2025-06-01T12:47:32","guid":{"rendered":"https:\/\/www.tgrthaber.com\/mavikadin\/?p=185796"},"modified":"2025-06-01T15:47:33","modified_gmt":"2025-06-01T12:47:33","slug":"ebru-yasardan-sanliurfa-konseri-unlu-sanatci-sahneye-pusi-ile-cikti","status":"publish","type":"post","link":"https:\/\/www.tgrthaber.com\/mavikadin\/ebru-yasardan-sanliurfa-konseri-unlu-sanatci-sahneye-pusi-ile-cikti\/","title":{"rendered":"Ebru Ya\u015far\u2019dan \u015eanl\u0131urfa konseri! \u00dcnl\u00fc sanat\u00e7\u0131 sahneye pu\u015fi ile \u00e7\u0131kt\u0131"},"content":{"rendered":"<p>T\u00fcrkiye K\u00fclt\u00fcr Yolu Festivali kapsam\u0131nda \u015eanl\u0131urfa, tarihi ve m\u00fczi\u011fi bir araya getiren \u00f6zel bir etkinli\u011fe ev sahipli\u011fi yapt\u0131. 31 May\u0131s gecesi \u015eanl\u0131urfa Arkeoloji M\u00fczesi bah\u00e7esinde sahne alan Ebru Ya\u015far hem g\u00fc\u00e7l\u00fc sesi hem de i\u00e7ten sahne performans\u0131yla binlerce dinleyicisine m\u00fczik zevki verdi. Urfa\u2019ya \u00f6zel haz\u0131rlad\u0131\u011f\u0131 repertuar\u0131 ve samimi s\u00f6zleriyle g\u00f6n\u00fclleri fetheden Ya\u015far, gece boyunca b\u00fcy\u00fck alk\u0131\u015f toplad\u0131. \u0130\u015fte detaylar\u2026<\/p>\n<h3>EBRU YA\u015eAR\u2019DAN \u015eANLIURFA KONSER\u0130!<\/h3>\n<p>T\u00fcrkiye K\u00fclt\u00fcr Yolu Festivali kapsam\u0131nda \u015eanl\u0131urfa, 31 May\u0131s 2025 ak\u015fam\u0131 unutulmaz bir konsere ev sahipli\u011fi yapt\u0131. T\u00fcrk m\u00fczi\u011finin g\u00fc\u00e7l\u00fc seslerinden Ebru Ya\u015far, tarihi \u015eanl\u0131urfa Arkeoloji M\u00fczesi bah\u00e7esinde sahne ald\u0131. Binlerce ki\u015finin ak\u0131n etti\u011fi konser hem \u015fehrin k\u00fclt\u00fcrel dokusuna hem de m\u00fczik tutkusuna yak\u0131\u015f\u0131r nitelikteydi.<\/p>\n<p><img loading=\"lazy\" decoding=\"async\" class=\"alignnone wp-image-185807\" src=\"https:\/\/www.tgrthaber.com\/mavikadin\/wp-content\/uploads\/haber-gorselleri-fotoshop-2025-06-01T154315.463-1024x576.jpg\" alt=\"Ebru Ya\u015far\u2019dan \u015eanl\u0131urfa konseri! \u00dcnl\u00fc sanat\u00e7\u0131 sahneye pu\u015fi ile \u00e7\u0131kt\u0131\" width=\"1208\" height=\"680\" title=\"\" srcset=\"https:\/\/www.tgrthaber.com\/mavikadin\/wp-content\/uploads\/haber-gorselleri-fotoshop-2025-06-01T154315.463-1024x576.jpg 1024w, https:\/\/www.tgrthaber.com\/mavikadin\/wp-content\/uploads\/haber-gorselleri-fotoshop-2025-06-01T154315.463-300x169.jpg 300w, https:\/\/www.tgrthaber.com\/mavikadin\/wp-content\/uploads\/haber-gorselleri-fotoshop-2025-06-01T154315.463-768x432.jpg 768w, https:\/\/www.tgrthaber.com\/mavikadin\/wp-content\/uploads\/haber-gorselleri-fotoshop-2025-06-01T154315.463-1536x864.jpg 1536w, https:\/\/www.tgrthaber.com\/mavikadin\/wp-content\/uploads\/haber-gorselleri-fotoshop-2025-06-01T154315.463.jpg 1600w\" sizes=\"(max-width: 1208px) 100vw, 1208px\" \/><\/p>\n<hr \/>\n<p>Ebru Ya\u015far, Urfa&#8217;ya \u00f6zel repertuar\u0131yla geceye damga vurdu. \u201cUrfal\u0131yam Ezelden\u201d ve \u201cUrfa&#8217;n\u0131n Etraf\u0131 Dumanl\u0131 Da\u011flar\u201d gibi halk m\u00fczi\u011finin vazge\u00e7ilmez eserlerini seslendirirken, dinleyiciler adeta mest oldu.<\/p>\n<p><img loading=\"lazy\" decoding=\"async\" class=\"alignnone wp-image-185805\" src=\"https:\/\/www.tgrthaber.com\/mavikadin\/wp-content\/uploads\/haber-gorselleri-fotoshop-2025-06-01T154348.439-1024x576.jpg\" alt=\"Ebru Ya\u015far\u2019dan \u015eanl\u0131urfa konseri! \u00dcnl\u00fc sanat\u00e7\u0131 sahneye pu\u015fi ile \u00e7\u0131kt\u0131\" width=\"1208\" height=\"680\" title=\"\" srcset=\"https:\/\/www.tgrthaber.com\/mavikadin\/wp-content\/uploads\/haber-gorselleri-fotoshop-2025-06-01T154348.439-1024x576.jpg 1024w, https:\/\/www.tgrthaber.com\/mavikadin\/wp-content\/uploads\/haber-gorselleri-fotoshop-2025-06-01T154348.439-300x169.jpg 300w, https:\/\/www.tgrthaber.com\/mavikadin\/wp-content\/uploads\/haber-gorselleri-fotoshop-2025-06-01T154348.439-768x432.jpg 768w, https:\/\/www.tgrthaber.com\/mavikadin\/wp-content\/uploads\/haber-gorselleri-fotoshop-2025-06-01T154348.439-1536x864.jpg 1536w, https:\/\/www.tgrthaber.com\/mavikadin\/wp-content\/uploads\/haber-gorselleri-fotoshop-2025-06-01T154348.439.jpg 1600w\" sizes=\"(max-width: 1208px) 100vw, 1208px\" \/><\/p>\n<hr \/>\n<p>Sadece t\u00fcrk\u00fclere de\u011fil, pop\u00fcler \u015fark\u0131lar\u0131na da yer veren sanat\u00e7\u0131; \u201cCumartesi\u201d, \u201cSeni Anan Benim \u0130\u00e7in Do\u011furmu\u015f\u201d, \u201cHavadan Sudan\u201d ve \u201cKalmam\u201d gibi hit par\u00e7alar\u0131yla geceyi bir m\u00fczik \u015f\u00f6lenine d\u00f6n\u00fc\u015ft\u00fcrd\u00fc. \u00d6zellikle son d\u00f6nemde \u00e7\u0131kard\u0131\u011f\u0131 ve b\u00fcy\u00fck ilgi g\u00f6ren yeni par\u00e7as\u0131 \u201cAffet\u201d, izleyicilerden tam not ald\u0131. Hayranlar\u0131n\u0131n e\u015flik etti\u011fi bu anlar, konserin zirveye ula\u015ft\u0131\u011f\u0131 dakikalar olarak haf\u0131zalara kaz\u0131nd\u0131.<\/p>\n<h3><img loading=\"lazy\" decoding=\"async\" class=\"alignnone wp-image-185804\" src=\"https:\/\/www.tgrthaber.com\/mavikadin\/wp-content\/uploads\/haber-gorselleri-fotoshop-2025-06-01T154358.834-1024x576.jpg\" alt=\"Ebru Ya\u015far\u2019dan \u015eanl\u0131urfa konseri! \u00dcnl\u00fc sanat\u00e7\u0131 sahneye pu\u015fi ile \u00e7\u0131kt\u0131\" width=\"1208\" height=\"680\" title=\"\" srcset=\"https:\/\/www.tgrthaber.com\/mavikadin\/wp-content\/uploads\/haber-gorselleri-fotoshop-2025-06-01T154358.834-1024x576.jpg 1024w, https:\/\/www.tgrthaber.com\/mavikadin\/wp-content\/uploads\/haber-gorselleri-fotoshop-2025-06-01T154358.834-300x169.jpg 300w, https:\/\/www.tgrthaber.com\/mavikadin\/wp-content\/uploads\/haber-gorselleri-fotoshop-2025-06-01T154358.834-768x432.jpg 768w, https:\/\/www.tgrthaber.com\/mavikadin\/wp-content\/uploads\/haber-gorselleri-fotoshop-2025-06-01T154358.834-1536x864.jpg 1536w, https:\/\/www.tgrthaber.com\/mavikadin\/wp-content\/uploads\/haber-gorselleri-fotoshop-2025-06-01T154358.834.jpg 1600w\" sizes=\"(max-width: 1208px) 100vw, 1208px\" \/><\/h3>\n<hr \/>\n<h3>\u00dcNL\u00dc SANAT\u00c7I SAHNEYE PU\u015e\u0130 \u0130LE \u00c7IKTI<\/h3>\n<p>Ebru Ya\u015far sahnede yapt\u0131\u011f\u0131 duygusal konu\u015fmada \u015eanl\u0131urfa\u2019ya olan hayranl\u0131\u011f\u0131n\u0131 dile getirdi. \u201c\u00c7ok b\u00fcy\u00fck bir heyecan verdiniz. Onur verdiniz bize. Var olun. \u00c7ok \u015fansl\u0131y\u0131m. Medeniyetler \u015fehri \u015eanl\u0131urfa\u2026 Buras\u0131 ba\u015fka bir memleket. Ne kadar g\u00fczel bir yerdesiniz,\u201d s\u00f6zleri hem izleyicileri duyguland\u0131rd\u0131 hem de kente duydu\u011fu sevgiyi g\u00f6zler \u00f6n\u00fcne serdi. Konserin en dikkat \u00e7eken anlar\u0131ndan biri, Ebru Ya\u015far\u2019\u0131n sahneye y\u00f6resel bir pu\u015fiyle \u00e7\u0131kmas\u0131yd\u0131. Bu sembolik jest, \u015eanl\u0131urfal\u0131lardan b\u00fcy\u00fck alk\u0131\u015f ald\u0131.<\/p>\n<p><img loading=\"lazy\" decoding=\"async\" class=\"alignnone wp-image-185803\" src=\"https:\/\/www.tgrthaber.com\/mavikadin\/wp-content\/uploads\/haber-gorselleri-fotoshop-2025-06-01T154419.180-1024x576.jpg\" alt=\"Ebru Ya\u015far\u2019dan \u015eanl\u0131urfa konseri! \u00dcnl\u00fc sanat\u00e7\u0131 sahneye pu\u015fi ile \u00e7\u0131kt\u0131\" width=\"1208\" height=\"680\" title=\"\" srcset=\"https:\/\/www.tgrthaber.com\/mavikadin\/wp-content\/uploads\/haber-gorselleri-fotoshop-2025-06-01T154419.180-1024x576.jpg 1024w, https:\/\/www.tgrthaber.com\/mavikadin\/wp-content\/uploads\/haber-gorselleri-fotoshop-2025-06-01T154419.180-300x169.jpg 300w, https:\/\/www.tgrthaber.com\/mavikadin\/wp-content\/uploads\/haber-gorselleri-fotoshop-2025-06-01T154419.180-768x432.jpg 768w, https:\/\/www.tgrthaber.com\/mavikadin\/wp-content\/uploads\/haber-gorselleri-fotoshop-2025-06-01T154419.180-1536x864.jpg 1536w, https:\/\/www.tgrthaber.com\/mavikadin\/wp-content\/uploads\/haber-gorselleri-fotoshop-2025-06-01T154419.180.jpg 1600w\" sizes=\"(max-width: 1208px) 100vw, 1208px\" \/><\/p>\n<hr \/>\n<p>Ancak gecede k\u0131sa s\u00fcreli bir gerginlik de ya\u015fand\u0131. Konser alan\u0131nda iki grup aras\u0131nda \u00e7\u0131kan tart\u0131\u015fma, anl\u0131k bir arbedeye d\u00f6n\u00fc\u015ft\u00fc. G\u00fcvenlik g\u00fc\u00e7lerinin m\u00fcdahalesiyle olay k\u0131sa s\u00fcrede kontrol alt\u0131na al\u0131nd\u0131 ve program kesintisiz devam etti. Ya\u015fananlar, organizasyonun profesyonel y\u00f6netimi sayesinde daha b\u00fcy\u00fck bir krize d\u00f6n\u00fc\u015fmeden sonland\u0131r\u0131ld\u0131.<\/p>\n","protected":false},"excerpt":{"rendered":"<p>\u00dcnl\u00fc \u015fark\u0131c\u0131 Ebru Ya\u015far, T\u00fcrkiye K\u00fclt\u00fcr Yolu Festivali kapsam\u0131nda \u015eanl\u0131urfa\u2019da sahne ald\u0131. Binlerce ki\u015finin izledi\u011fi konserde, sanat\u00e7\u0131 y\u00f6resel ezgilerle Urfal\u0131lara unutulmaz bir gece ya\u015fatt\u0131. Konserde sahneye pu\u015fi takarak \u00e7\u0131kan Ya\u015far, dikkatleri \u00fczerine \u00e7ekti. \u0130\u015fte detaylar\u2026<\/p>\n","protected":false},"author":34,"featured_media":185806,"comment_status":"closed","ping_status":"closed","sticky":false,"template":"","format":"standard","meta":{"rank_math_lock_modified_date":false,"footnotes":""},"categories":[76],"tags":[3701,133,2218,23479],"class_list":["post-185796","post","type-post","status-publish","format-standard","has-post-thumbnail","hentry","category-magazin","tag-ebru-yasar","tag-magazin","tag-magazin-haberleri","tag-sanliurfa-konseri"],"_links":{"self":[{"href":"https:\/\/www.tgrthaber.com\/mavikadin\/wp-json\/wp\/v2\/posts\/185796"}],"collection":[{"href":"https:\/\/www.tgrthaber.com\/mavikadin\/wp-json\/wp\/v2\/posts"}],"about":[{"href":"https:\/\/www.tgrthaber.com\/mavikadin\/wp-json\/wp\/v2\/types\/post"}],"author":[{"embeddable":true,"href":"https:\/\/www.tgrthaber.com\/mavikadin\/wp-json\/wp\/v2\/users\/34"}],"replies":[{"embeddable":true,"href":"https:\/\/www.tgrthaber.com\/mavikadin\/wp-json\/wp\/v2\/comments?post=185796"}],"version-history":[{"count":1,"href":"https:\/\/www.tgrthaber.com\/mavikadin\/wp-json\/wp\/v2\/posts\/185796\/revisions"}],"predecessor-version":[{"id":185809,"href":"https:\/\/www.tgrthaber.com\/mavikadin\/wp-json\/wp\/v2\/posts\/185796\/revisions\/185809"}],"wp:featuredmedia":[{"embeddable":true,"href":"https:\/\/www.tgrthaber.com\/mavikadin\/wp-json\/wp\/v2\/media\/185806"}],"wp:attachment":[{"href":"https:\/\/www.tgrthaber.com\/mavikadin\/wp-json\/wp\/v2\/media?parent=185796"}],"wp:term":[{"taxonomy":"category","embeddable":true,"href":"https:\/\/www.tgrthaber.com\/mavikadin\/wp-json\/wp\/v2\/categories?post=185796"},{"taxonomy":"post_tag","embeddable":true,"href":"https:\/\/www.tgrthaber.com\/mavikadin\/wp-json\/wp\/v2\/tags?post=185796"}],"curies":[{"name":"wp","href":"https:\/\/api.w.org\/{rel}","templated":true}]}}