{"id":185889,"date":"2025-06-01T20:48:08","date_gmt":"2025-06-01T17:48:08","guid":{"rendered":"https:\/\/www.tgrthaber.com\/mavikadin\/?p=185889"},"modified":"2025-06-01T20:48:09","modified_gmt":"2025-06-01T17:48:09","slug":"seda-sayan-ve-esi-caglar-oktenden-yaz-pozu-o-kareye-takipcilerden-yorum-yagdi","status":"publish","type":"post","link":"https:\/\/www.tgrthaber.com\/mavikadin\/seda-sayan-ve-esi-caglar-oktenden-yaz-pozu-o-kareye-takipcilerden-yorum-yagdi\/","title":{"rendered":"Seda Sayan ve e\u015fi \u00c7a\u011flar \u00d6kten&#8217;den yaz pozu! O kareye takip\u00e7ilerden yorum ya\u011fd\u0131"},"content":{"rendered":"<p>Yaz mevsiminin gelmesiyle birlikte \u00fcnl\u00fc isimler de deniz kenar\u0131ndan yapt\u0131klar\u0131 payla\u015f\u0131mlarla dikkat \u00e7ekmeye ba\u015flad\u0131. Bu isimlerden biri de Seda Sayan oldu. \u00dcnl\u00fc \u015fark\u0131c\u0131 ve sunucu, e\u015fi \u00c7a\u011flar \u00d6kten ile birlikte \u00e7ekilmi\u015f bir kareyi sosyal medya hesab\u0131ndan payla\u015farak takip\u00e7ilerine romantik bir selam g\u00f6nderdi. Sade ve zarif halleriyle poz veren \u00e7ift, do\u011fal \u0131\u015f\u0131kla b\u00fct\u00fcnle\u015fen bu foto\u011frafla k\u0131sa s\u00fcrede sosyal medyada ilgi g\u00f6rd\u00fc. Sayan&#8217;\u0131n beyaz k\u0131yafeti ve \u00d6kten\u2019in a\u00e7\u0131k renk g\u00f6mle\u011fi, yaz havas\u0131n\u0131 tam anlam\u0131yla yans\u0131tt\u0131. \u0130\u015fte o kare&#8230;<\/p>\n<h3>SEDA SAYAN VE \u00c7A\u011eLAR \u00d6KTEN A\u015eKI DOLU D\u0130ZG\u0130N S\u00dcR\u00dcYOR<\/h3>\n<p>T\u00fcrk m\u00fczi\u011finin g\u00fc\u00e7l\u00fc seslerinden Seda Sayan, 24 Nisan 2022 tarihinde kendisinden 25 ya\u015f k\u00fc\u00e7\u00fck olan m\u00fczisyen \u00c7a\u011flar \u00d6kten ile hayat\u0131n\u0131 birle\u015ftirdi. Sevgililer G\u00fcn\u00fc\u2019nde ald\u0131\u011f\u0131 evlilik teklifine i\u00e7ten bir \u2018evet\u2019 diyerek cevap veren Sayan, o d\u00f6nemde g\u00fcndeme bomba gibi d\u00fc\u015fm\u00fc\u015ft\u00fc.<\/p>\n<p><img loading=\"lazy\" decoding=\"async\" class=\"alignnone wp-image-185890\" src=\"https:\/\/www.tgrthaber.com\/mavikadin\/wp-content\/uploads\/SEDA-SAYAN-VE-CAGLAR-OKTEN-300x181.jpg\" alt=\"\" width=\"1208\" height=\"730\" title=\"\" srcset=\"https:\/\/www.tgrthaber.com\/mavikadin\/wp-content\/uploads\/SEDA-SAYAN-VE-CAGLAR-OKTEN-300x181.jpg 300w, https:\/\/www.tgrthaber.com\/mavikadin\/wp-content\/uploads\/SEDA-SAYAN-VE-CAGLAR-OKTEN-1024x619.jpg 1024w, https:\/\/www.tgrthaber.com\/mavikadin\/wp-content\/uploads\/SEDA-SAYAN-VE-CAGLAR-OKTEN-768x464.jpg 768w, https:\/\/www.tgrthaber.com\/mavikadin\/wp-content\/uploads\/SEDA-SAYAN-VE-CAGLAR-OKTEN-1536x929.jpg 1536w, https:\/\/www.tgrthaber.com\/mavikadin\/wp-content\/uploads\/SEDA-SAYAN-VE-CAGLAR-OKTEN-2048x1238.jpg 2048w\" sizes=\"(max-width: 1208px) 100vw, 1208px\" \/><\/p>\n<hr \/>\n<p>Nikah t\u00f6reni i\u00e7in ilk planlar\u0131 Prag&#8217;da evlenmekti, ancak ya\u015fanan vize engeli sonras\u0131 \u0130stanbul Be\u015fikta\u015f\u2019taki l\u00fcks bir otelde sade ama \u015f\u0131k bir t\u00f6renle evlendiler.<\/p>\n<p>A\u015fklar\u0131n\u0131 ilk g\u00fcnden itibaren a\u00e7\u0131k\u00e7a ya\u015fayan ikili, sosyal medya payla\u015f\u0131mlar\u0131yla s\u0131k s\u0131k g\u00fcndeme gelmeye devam ediyor. Son olarak Seda Sayan\u2019\u0131n yaz mevsimine \u00f6zel romantik payla\u015f\u0131m\u0131 yine dikkatleri \u00fczerine toplad\u0131.<\/p>\n<p><img loading=\"lazy\" decoding=\"async\" class=\"alignnone wp-image-185891\" src=\"https:\/\/www.tgrthaber.com\/mavikadin\/wp-content\/uploads\/Adsiz-tasarim-15-10-300x169.png\" alt=\"\" width=\"1208\" height=\"680\" title=\"\" srcset=\"https:\/\/www.tgrthaber.com\/mavikadin\/wp-content\/uploads\/Adsiz-tasarim-15-10-300x169.png 300w, https:\/\/www.tgrthaber.com\/mavikadin\/wp-content\/uploads\/Adsiz-tasarim-15-10-1024x576.png 1024w, https:\/\/www.tgrthaber.com\/mavikadin\/wp-content\/uploads\/Adsiz-tasarim-15-10-768x432.png 768w, https:\/\/www.tgrthaber.com\/mavikadin\/wp-content\/uploads\/Adsiz-tasarim-15-10-1536x864.png 1536w, https:\/\/www.tgrthaber.com\/mavikadin\/wp-content\/uploads\/Adsiz-tasarim-15-10.png 1920w\" sizes=\"(max-width: 1208px) 100vw, 1208px\" \/><\/p>\n<hr \/>\n<h3>SEDA SAYAN VE E\u015e\u0130 \u00c7A\u011eLAR \u00d6KTEN&#8217;DEN YAZ POZU!<\/h3>\n<p>T\u00fcrk m\u00fczik ve televizyon d\u00fcnyas\u0131n\u0131n tan\u0131nm\u0131\u015f ismi Seda Sayan, e\u015fi \u00c7a\u011flar \u00d6kten ile birlikte yaz mevsiminin ba\u015flang\u0131c\u0131n\u0131 romantik bir payla\u015f\u0131mla kutlad\u0131. Sosyal medya hesab\u0131ndan yapt\u0131\u011f\u0131 bu payla\u015f\u0131m, k\u0131sa s\u00fcrede takip\u00e7ilerinin be\u011fenisini toplad\u0131.<\/p>\n<p>Instagram hikayesinde payla\u015ft\u0131\u011f\u0131 bu kareye \u201cSevgilimmmm\u201d notunu ekleyen Seda Sayan, k\u0131rm\u0131z\u0131 kalp emojisiyle de duygular\u0131n\u0131 ifade etti. Beyaz omzu a\u00e7\u0131k elbisesi ve zarif makyaj\u0131yla sade ama dikkat \u00e7ekici bir g\u00f6r\u00fcn\u00fcm sergileyen Sayan\u2019a, e\u015fi \u00c7a\u011flar \u00d6kten a\u00e7\u0131k mavi g\u00f6mle\u011fiyle e\u015flik etti.<\/p>\n<p><img loading=\"lazy\" decoding=\"async\" class=\"alignnone wp-image-185892\" src=\"https:\/\/www.tgrthaber.com\/mavikadin\/wp-content\/uploads\/sayan-sayan-caglar-okten-le--300x168.webp\" alt=\"\" width=\"1208\" height=\"678\" title=\"\" srcset=\"https:\/\/www.tgrthaber.com\/mavikadin\/wp-content\/uploads\/sayan-sayan-caglar-okten-le--300x168.webp 300w, https:\/\/www.tgrthaber.com\/mavikadin\/wp-content\/uploads\/sayan-sayan-caglar-okten-le--1024x575.webp 1024w, https:\/\/www.tgrthaber.com\/mavikadin\/wp-content\/uploads\/sayan-sayan-caglar-okten-le--768x431.webp 768w, https:\/\/www.tgrthaber.com\/mavikadin\/wp-content\/uploads\/sayan-sayan-caglar-okten-le-.webp 1202w\" sizes=\"(max-width: 1208px) 100vw, 1208px\" \/><\/p>\n<hr \/>\n<h3>TAK\u0130P\u00c7\u0130LERDEN YORUM YA\u011eDI<\/h3>\n<p>Bu romantik payla\u015f\u0131m\u0131n ard\u0131ndan Seda Sayan\u2019\u0131n hayranlar\u0131 sosyal medyada adeta yorumlara bo\u011fuldu. Kimi takip\u00e7iler, \u201cEnerjiniz harika\u201d, \u201cA\u015fk\u0131n ya\u015f\u0131 olmaz\u201d \u015feklinde yorumlarda bulunurken, kimileri de \u00e7iftin uyumuna hayran kald\u0131\u011f\u0131n\u0131 dile getirdi. Sayan\u2019\u0131n son d\u00f6nemlerde daha sade ve huzurlu bir imaj \u00e7izmesi, takip\u00e7ileri taraf\u0131ndan da olumlu kar\u015f\u0131lan\u0131yor.<\/p>\n","protected":false},"excerpt":{"rendered":"<p>Seda Sayan ve \u00c7a\u011flar \u00d6kten, yaz mevsiminin geli\u015fini birlikte verdikleri bir pozla kar\u015f\u0131lad\u0131. G\u00fcne\u015fli havada \u00e7ekilen bu karede, Seda Sayan\u2019\u0131n yazd\u0131\u011f\u0131 not da en az foto\u011fraf kadar konu\u015fuldu. \u0130\u015fte detaylar&#8230;<\/p>\n","protected":false},"author":35,"featured_media":185893,"comment_status":"closed","ping_status":"closed","sticky":false,"template":"","format":"standard","meta":{"rank_math_lock_modified_date":false,"footnotes":""},"categories":[76],"tags":[2812,133,2811,23491,23490],"class_list":["post-185889","post","type-post","status-publish","format-standard","has-post-thumbnail","hentry","category-magazin","tag-caglar-okten","tag-magazin","tag-seda-sayan","tag-seda-sayan-esi","tag-seda-sayan-yaz-pozu"],"_links":{"self":[{"href":"https:\/\/www.tgrthaber.com\/mavikadin\/wp-json\/wp\/v2\/posts\/185889"}],"collection":[{"href":"https:\/\/www.tgrthaber.com\/mavikadin\/wp-json\/wp\/v2\/posts"}],"about":[{"href":"https:\/\/www.tgrthaber.com\/mavikadin\/wp-json\/wp\/v2\/types\/post"}],"author":[{"embeddable":true,"href":"https:\/\/www.tgrthaber.com\/mavikadin\/wp-json\/wp\/v2\/users\/35"}],"replies":[{"embeddable":true,"href":"https:\/\/www.tgrthaber.com\/mavikadin\/wp-json\/wp\/v2\/comments?post=185889"}],"version-history":[{"count":1,"href":"https:\/\/www.tgrthaber.com\/mavikadin\/wp-json\/wp\/v2\/posts\/185889\/revisions"}],"predecessor-version":[{"id":185894,"href":"https:\/\/www.tgrthaber.com\/mavikadin\/wp-json\/wp\/v2\/posts\/185889\/revisions\/185894"}],"wp:featuredmedia":[{"embeddable":true,"href":"https:\/\/www.tgrthaber.com\/mavikadin\/wp-json\/wp\/v2\/media\/185893"}],"wp:attachment":[{"href":"https:\/\/www.tgrthaber.com\/mavikadin\/wp-json\/wp\/v2\/media?parent=185889"}],"wp:term":[{"taxonomy":"category","embeddable":true,"href":"https:\/\/www.tgrthaber.com\/mavikadin\/wp-json\/wp\/v2\/categories?post=185889"},{"taxonomy":"post_tag","embeddable":true,"href":"https:\/\/www.tgrthaber.com\/mavikadin\/wp-json\/wp\/v2\/tags?post=185889"}],"curies":[{"name":"wp","href":"https:\/\/api.w.org\/{rel}","templated":true}]}}