{"id":185897,"date":"2025-06-01T21:56:52","date_gmt":"2025-06-01T18:56:52","guid":{"rendered":"https:\/\/www.tgrthaber.com\/mavikadin\/?p=185897"},"modified":"2025-06-01T21:56:52","modified_gmt":"2025-06-01T18:56:52","slug":"ayca-aysin-turanin-al-beni-baba-filmindeki-partneri-belli-oldu-tum-dunya-bu-ismi-konusuyor","status":"publish","type":"post","link":"https:\/\/www.tgrthaber.com\/mavikadin\/ayca-aysin-turanin-al-beni-baba-filmindeki-partneri-belli-oldu-tum-dunya-bu-ismi-konusuyor\/","title":{"rendered":"Ay\u00e7a Ay\u015fin Turan\u2019\u0131n Al Beni Baba filmindeki partneri belli oldu! T\u00fcm d\u00fcnya bu ismi konu\u015fuyor"},"content":{"rendered":"<p>Sinemalarda dikkat \u00e7ekecek yeni bir proje i\u00e7in haz\u0131rl\u0131klar s\u00fcrerken, Ay\u00e7a Ay\u015fin Turan\u2019\u0131n yer alaca\u011f\u0131 uluslararas\u0131 yap\u0131m merak uyand\u0131rd\u0131. KEM Yap\u0131m imzal\u0131 &#8220;Al Beni Baba&#8221; filminde, gen\u00e7 oyuncu bu kez Almanya\u2019dan tan\u0131nan bir isimle kamera kar\u015f\u0131s\u0131na ge\u00e7meye haz\u0131rlan\u0131yor. \u0130\u015fte detaylar&#8230;<\/p>\n<h3>AY\u00c7A AY\u015e\u0130N TURAN&#8217;IN AL BEN\u0130 BABA F\u0130LM\u0130NDE PARTNER\u0130 BELL\u0130 OLDU<\/h3>\n<p>Sinem ve Mustafa Uslu\u2019nun kaleme ald\u0131\u011f\u0131, y\u00f6netmen koltu\u011funda ise Ahmet Topuz\u2019un oturdu\u011fu filmde ba\u015frol i\u00e7in Ay\u00e7a Ay\u015fin Turan ile Alman oyuncu Louis Hofmann\u2019\u0131n partner olmas\u0131 g\u00fcndemde. Gazeteci Birsen Altunta\u015f&#8217;\u0131n haberine g\u00f6re, Dark dizisindeki performans\u0131yla b\u00fcy\u00fck \u00e7\u0131k\u0131\u015f yakalayan Hofmann\u2019a teklif g\u00f6t\u00fcr\u00fcld\u00fc.<\/p>\n<p><img loading=\"lazy\" decoding=\"async\" class=\"alignnone wp-image-185912\" src=\"https:\/\/www.tgrthaber.com\/mavikadin\/wp-content\/uploads\/6d98ccd66123fc5d81b27478dca95485-300x202.jpg\" alt=\"\" width=\"1208\" height=\"814\" title=\"\" srcset=\"https:\/\/www.tgrthaber.com\/mavikadin\/wp-content\/uploads\/6d98ccd66123fc5d81b27478dca95485-300x202.jpg 300w, https:\/\/www.tgrthaber.com\/mavikadin\/wp-content\/uploads\/6d98ccd66123fc5d81b27478dca95485.jpg 735w\" sizes=\"(max-width: 1208px) 100vw, 1208px\" \/><\/p>\n<hr \/>\n<p>T\u00fcrkiye ve Almanya ortak yap\u0131m\u0131 olarak haz\u0131rlanan &#8220;Al Beni Baba&#8221; filmi, hem hikayesi hem de uluslararas\u0131 oyuncu kadrosuyla \u015fimdiden dikkatleri \u00fczerine \u00e7ekmi\u015f durumda. KEM Yap\u0131m, Kemalhan Bal\u00e7\u0131k imzas\u0131n\u0131 ta\u015f\u0131yan film, g\u00fc\u00e7l\u00fc senaryosu ve derin karakter yap\u0131lar\u0131yla sezona damga vurmas\u0131 beklenen projeler aras\u0131nda yer al\u0131yor. Sinem ve Mustafa Uslu\u2019nun senaryosunu kaleme ald\u0131\u011f\u0131 yap\u0131m\u0131n y\u00f6netmenli\u011fini ise Ahmet Topuz \u00fcstleniyor.<\/p>\n<p>Oyuncu se\u00e7imleri ve hikayenin merkezindeki dram unsurlar\u0131yla dikkat \u00e7eken filmde Ay\u00e7a Ay\u015fin Turan, bu kez al\u0131\u015f\u0131lm\u0131\u015f rollerinin d\u0131\u015f\u0131na \u00e7\u0131karak Nazl\u0131 karakteri ile sevenlerinin kar\u015f\u0131s\u0131na \u00e7\u0131kacak.<\/p>\n<p><img loading=\"lazy\" decoding=\"async\" class=\"alignnone wp-image-185911\" src=\"https:\/\/www.tgrthaber.com\/mavikadin\/wp-content\/uploads\/1200x627-ayca-aysin-turandan-otomobil-firmasiyla-yaptigi-anlasma-ayaklarini-yerden-kesti-1662789961730-1-300x157.webp\" alt=\"\" width=\"1208\" height=\"631\" title=\"\" srcset=\"https:\/\/www.tgrthaber.com\/mavikadin\/wp-content\/uploads\/1200x627-ayca-aysin-turandan-otomobil-firmasiyla-yaptigi-anlasma-ayaklarini-yerden-kesti-1662789961730-1-300x157.webp 300w, https:\/\/www.tgrthaber.com\/mavikadin\/wp-content\/uploads\/1200x627-ayca-aysin-turandan-otomobil-firmasiyla-yaptigi-anlasma-ayaklarini-yerden-kesti-1662789961730-1-1024x535.webp 1024w, https:\/\/www.tgrthaber.com\/mavikadin\/wp-content\/uploads\/1200x627-ayca-aysin-turandan-otomobil-firmasiyla-yaptigi-anlasma-ayaklarini-yerden-kesti-1662789961730-1-768x401.webp 768w, https:\/\/www.tgrthaber.com\/mavikadin\/wp-content\/uploads\/1200x627-ayca-aysin-turandan-otomobil-firmasiyla-yaptigi-anlasma-ayaklarini-yerden-kesti-1662789961730-1.webp 1200w\" sizes=\"(max-width: 1208px) 100vw, 1208px\" \/><\/p>\n<hr \/>\n<h3>AY\u00c7A AY\u015e\u0130N TURAN&#8217;IN ROL\u00dc D\u0130KKAT \u00c7EK\u0130YOR<\/h3>\n<p>Ay\u00e7a Ay\u015fin Turan, filmde ailesinden ve hayat\u0131ndan kopup a\u015fk\u0131n pe\u015finden s\u00fcr\u00fcklendi\u011fi bir yolculu\u011fun i\u00e7inde bulan Nazl\u0131 karakterini oynayacak. Nazl\u0131, Almanya\u2019da tan\u0131\u015ft\u0131\u011f\u0131 Stefan\u2019a kar\u015f\u0131 duydu\u011fu derin duygularla birlikte hi\u00e7 tahmin etmedi\u011fi bir \u00f6rg\u00fct\u00fcn a\u011f\u0131na d\u00fc\u015f\u00fcyor. Bu s\u00fcre\u00e7te hem kimli\u011fini hem de ailesiyle olan ba\u011flar\u0131n\u0131 sorgulamak zorunda kal\u0131yor.<\/p>\n<p><img loading=\"lazy\" decoding=\"async\" class=\"alignnone wp-image-185913\" src=\"https:\/\/www.tgrthaber.com\/mavikadin\/wp-content\/uploads\/Jonas-karakteriyle-dunya-capinda-taninan-Alman-oyuncu-Louis-Hofmann-300x169.webp\" alt=\"\" width=\"1208\" height=\"680\" title=\"\" srcset=\"https:\/\/www.tgrthaber.com\/mavikadin\/wp-content\/uploads\/Jonas-karakteriyle-dunya-capinda-taninan-Alman-oyuncu-Louis-Hofmann-300x169.webp 300w, https:\/\/www.tgrthaber.com\/mavikadin\/wp-content\/uploads\/Jonas-karakteriyle-dunya-capinda-taninan-Alman-oyuncu-Louis-Hofmann-1024x576.webp 1024w, https:\/\/www.tgrthaber.com\/mavikadin\/wp-content\/uploads\/Jonas-karakteriyle-dunya-capinda-taninan-Alman-oyuncu-Louis-Hofmann-768x432.webp 768w, https:\/\/www.tgrthaber.com\/mavikadin\/wp-content\/uploads\/Jonas-karakteriyle-dunya-capinda-taninan-Alman-oyuncu-Louis-Hofmann-1536x864.webp 1536w, https:\/\/www.tgrthaber.com\/mavikadin\/wp-content\/uploads\/Jonas-karakteriyle-dunya-capinda-taninan-Alman-oyuncu-Louis-Hofmann.webp 1600w\" sizes=\"(max-width: 1208px) 100vw, 1208px\" \/><\/p>\n<hr \/>\n<p>Nazl\u0131\u2019n\u0131n hikayesinde \u00f6nemli bir yer tutan Stefan karakteri i\u00e7in Dark dizisinde oynad\u0131\u011f\u0131 Jonas karakteriyle d\u00fcnya \u00e7ap\u0131nda tan\u0131nan Alman oyuncu Louis Hofmann\u2019a teklif g\u00f6t\u00fcr\u00fcld\u00fc. Hofmann\u2019\u0131n, hem oyunculu\u011fuyla hem de uluslararas\u0131 bilinirli\u011fiyle projeye g\u00fc\u00e7l\u00fc bir katk\u0131 sunmas\u0131 bekleniyor. Oyuncunun projeye nas\u0131l yakla\u015faca\u011f\u0131 ve anla\u015fman\u0131n netle\u015fip netle\u015fmeyece\u011fi \u015fimdiden sekt\u00f6r\u00fcn ilgiyle takip etti\u011fi bir geli\u015fme haline geldi.<\/p>\n<p><img loading=\"lazy\" decoding=\"async\" class=\"alignnone wp-image-185914\" src=\"https:\/\/www.tgrthaber.com\/mavikadin\/wp-content\/uploads\/AL-BENI-BABA-FILMI-300x184.webp\" alt=\"\" width=\"1208\" height=\"740\" title=\"\" srcset=\"https:\/\/www.tgrthaber.com\/mavikadin\/wp-content\/uploads\/AL-BENI-BABA-FILMI-300x184.webp 300w, https:\/\/www.tgrthaber.com\/mavikadin\/wp-content\/uploads\/AL-BENI-BABA-FILMI.webp 571w\" sizes=\"(max-width: 1208px) 100vw, 1208px\" \/><\/p>\n<hr \/>\n<h3>AL BEN\u0130 BABA F\u0130LM\u0130NDE USTA OYUNCULAR BULUNUYOR<\/h3>\n<p>Nazl\u0131 karakterinin anne ve babas\u0131n\u0131 oynayacak isimler de filmdeki dramatik \u00e7at\u0131y\u0131 sa\u011flamla\u015ft\u0131racak nitelikte. Usta oyuncu Erkan Petekkaya ve deneyimli isim Ay\u00e7a Bing\u00f6l, bu \u00f6nemli rollerde kamera kar\u015f\u0131s\u0131na ge\u00e7ecek. Her iki oyuncunun da daha \u00f6nce bir\u00e7ok duygusal yap\u0131mda sergiledi\u011fi performans, bu filmde de izleyiciye g\u00fc\u00e7l\u00fc bir etki sunmay\u0131 hedefliyor.<\/p>\n<p><img loading=\"lazy\" decoding=\"async\" class=\"alignnone wp-image-185915\" src=\"https:\/\/www.tgrthaber.com\/mavikadin\/wp-content\/uploads\/i-2-10-300x169.webp\" alt=\"\" width=\"1208\" height=\"680\" title=\"\" srcset=\"https:\/\/www.tgrthaber.com\/mavikadin\/wp-content\/uploads\/i-2-10-300x169.webp 300w, https:\/\/www.tgrthaber.com\/mavikadin\/wp-content\/uploads\/i-2-10.webp 480w\" sizes=\"(max-width: 1208px) 100vw, 1208px\" \/><\/p>\n<hr \/>\n<p>Ayr\u0131ca, filmdeki di\u011fer karakterler i\u00e7in de \u00f6nemli isimlerle g\u00f6r\u00fc\u015fmeler devam ediyor. R\u00fczgar Aksoy, Mehmet \u00d6zg\u00fcr, Murat Serezli, Bahtiyar Engin, Macit Koper ve Bur\u00e7 K\u00fcmbertlio\u011flu gibi oyunculara teklif g\u00f6t\u00fcr\u00fcld\u00fc.<\/p>\n<p>Bu isimlerin her biri, T\u00fcrk televizyon ve sinema sekt\u00f6r\u00fcnde karakter derinli\u011fiyle tan\u0131nan oyuncular aras\u0131nda yer al\u0131yor. Filmde uluslararas\u0131 bir oyuncu olan Helena Zenger\u2019e de \u00f6nemli bir rol i\u00e7in teklif yap\u0131ld\u0131\u011f\u0131 \u00f6\u011frenildi. Zenger, daha \u00f6nce Tom Hanks ile birlikte News of The World filminde rol alm\u0131\u015ft\u0131.<\/p>\n<p><img loading=\"lazy\" decoding=\"async\" class=\"alignnone wp-image-185916\" src=\"https:\/\/www.tgrthaber.com\/mavikadin\/wp-content\/uploads\/df1d2c44bf41cf9d3d2e731705f6c2bd-300x136.jpg\" alt=\"\" width=\"1208\" height=\"547\" title=\"\" srcset=\"https:\/\/www.tgrthaber.com\/mavikadin\/wp-content\/uploads\/df1d2c44bf41cf9d3d2e731705f6c2bd-300x136.jpg 300w, https:\/\/www.tgrthaber.com\/mavikadin\/wp-content\/uploads\/df1d2c44bf41cf9d3d2e731705f6c2bd.jpg 735w\" sizes=\"(max-width: 1208px) 100vw, 1208px\" \/><\/p>\n<hr \/>\n<h3>\u00c7EK\u0130MLER HEM T\u00dcRK\u0130YE\u2019DE HEM ALMANYA\u2019DA GER\u00c7EKLE\u015eECEK<\/h3>\n<p>&#8220;Al Beni Baba&#8221; filminin hikayesi sadece oyunculukla de\u011fil, mekan se\u00e7imleriyle de derinle\u015ftiriliyor. Filmde Almanya\u2019da ge\u00e7ecek sahnelerin yan\u0131 s\u0131ra, T\u00fcrkiye\u2019deki \u00e7ekimlerin b\u00fcy\u00fck k\u0131sm\u0131 \u00c7orum\u2019da kurulacak \u00f6zel platolarda ger\u00e7ekle\u015ftirilecek. \u015eu an dekor haz\u0131rl\u0131klar\u0131 t\u00fcm h\u0131z\u0131yla devam ediyor.<\/p>\n<p>Temmuz ay\u0131nda sete \u00e7\u0131k\u0131lmas\u0131 planlanan projede hem teknik hem de sanatsal anlamda titiz bir \u00e7al\u0131\u015fma y\u00fcr\u00fct\u00fcl\u00fcyor. Filmin yap\u0131m s\u00fcrecine dair detaylar da \u00f6n\u00fcm\u00fczdeki haftalarda netle\u015fmeye ba\u015flayacak.<\/p>\n","protected":false},"excerpt":{"rendered":"<p>T\u00fcrk sinemas\u0131n\u0131n gen\u00e7 ve ba\u015far\u0131l\u0131 isimlerinden Ay\u00e7a Ay\u015fin Turan, bu kez olduk\u00e7a ses getirecek bir projeyle g\u00fcndemde. KEM Yap\u0131m imzas\u0131n\u0131 ta\u015f\u0131yan &#8220;Al Beni Baba&#8221; filminde ba\u015frol\u00fc \u00fcstlenecek olan Turan\u2019\u0131n partneri i\u00e7in uzun s\u00fcredir s\u00fcren aray\u0131\u015f sona erdi. A\u00e7\u0131klanan bu s\u00fcrpriz isim, sadece T\u00fcrkiye\u2019de de\u011fil, d\u00fcnya genelinde de b\u00fcy\u00fck ses getirmeye aday. Detaylar haberimizde&#8230;<\/p>\n","protected":false},"author":35,"featured_media":185917,"comment_status":"closed","ping_status":"closed","sticky":false,"template":"","format":"standard","meta":{"rank_math_lock_modified_date":false,"footnotes":""},"categories":[602],"tags":[23498,3026,3602,23499],"class_list":["post-185897","post","type-post","status-publish","format-standard","has-post-thumbnail","hentry","category-diziler","tag-al-beni-baba-filmi","tag-ayca-aysin-turan","tag-diziler","tag-louis-hofmann"],"_links":{"self":[{"href":"https:\/\/www.tgrthaber.com\/mavikadin\/wp-json\/wp\/v2\/posts\/185897"}],"collection":[{"href":"https:\/\/www.tgrthaber.com\/mavikadin\/wp-json\/wp\/v2\/posts"}],"about":[{"href":"https:\/\/www.tgrthaber.com\/mavikadin\/wp-json\/wp\/v2\/types\/post"}],"author":[{"embeddable":true,"href":"https:\/\/www.tgrthaber.com\/mavikadin\/wp-json\/wp\/v2\/users\/35"}],"replies":[{"embeddable":true,"href":"https:\/\/www.tgrthaber.com\/mavikadin\/wp-json\/wp\/v2\/comments?post=185897"}],"version-history":[{"count":1,"href":"https:\/\/www.tgrthaber.com\/mavikadin\/wp-json\/wp\/v2\/posts\/185897\/revisions"}],"predecessor-version":[{"id":185918,"href":"https:\/\/www.tgrthaber.com\/mavikadin\/wp-json\/wp\/v2\/posts\/185897\/revisions\/185918"}],"wp:featuredmedia":[{"embeddable":true,"href":"https:\/\/www.tgrthaber.com\/mavikadin\/wp-json\/wp\/v2\/media\/185917"}],"wp:attachment":[{"href":"https:\/\/www.tgrthaber.com\/mavikadin\/wp-json\/wp\/v2\/media?parent=185897"}],"wp:term":[{"taxonomy":"category","embeddable":true,"href":"https:\/\/www.tgrthaber.com\/mavikadin\/wp-json\/wp\/v2\/categories?post=185897"},{"taxonomy":"post_tag","embeddable":true,"href":"https:\/\/www.tgrthaber.com\/mavikadin\/wp-json\/wp\/v2\/tags?post=185897"}],"curies":[{"name":"wp","href":"https:\/\/api.w.org\/{rel}","templated":true}]}}