{"id":185920,"date":"2025-06-01T22:35:54","date_gmt":"2025-06-01T19:35:54","guid":{"rendered":"https:\/\/www.tgrthaber.com\/mavikadin\/?p=185920"},"modified":"2025-06-01T22:35:54","modified_gmt":"2025-06-01T19:35:54","slug":"erkan-kolcak-kostendil-veliaht-dizisi-icin-tarzini-yeniledi-sosyal-medyada-yorumlar-gecikmedi","status":"publish","type":"post","link":"https:\/\/www.tgrthaber.com\/mavikadin\/erkan-kolcak-kostendil-veliaht-dizisi-icin-tarzini-yeniledi-sosyal-medyada-yorumlar-gecikmedi\/","title":{"rendered":"Erkan Kol\u00e7ak K\u00f6stendil Veliaht dizisi i\u00e7in tarz\u0131n\u0131 yeniledi! Sosyal medyada yorumlar gecikmedi"},"content":{"rendered":"<p>Erkan Kol\u00e7ak K\u00f6stendil\u2019in yeni projesi \u201cVeliaht\u201d daha ba\u015flamadan konu\u015fulmaya ba\u015fland\u0131. Dizide oynayaca\u011f\u0131\u0131 karakter i\u00e7in sa\u00e7 stilinden b\u0131y\u0131k detay\u0131na kadar bir\u00e7ok de\u011fi\u015fiklik yapan oyuncu, sosyal medyada dikkatleri \u00fczerine \u00e7ekti. Ancak bu yeni tarz, takip\u00e7ileri aras\u0131nda da farkl\u0131 g\u00f6r\u00fc\u015flere yol a\u00e7t\u0131. \u0130\u015fte detaylar&#8230;<\/p>\n<h3>VEL\u0130AHT D\u0130Z\u0130S\u0130 \u0130\u00c7\u0130N TARZINI YEN\u0130LED\u0130<\/h3>\n<p>Yeni sezonda ekranlara \u201cVeliaht\u201d dizisiyle d\u00f6nmeye haz\u0131rlanan Erkan Kol\u00e7ak K\u00f6stendil, rol\u00fc gere\u011fi d\u0131\u015f g\u00f6r\u00fcn\u00fc\u015f\u00fcnde de\u011fi\u015fikli\u011fe gitti. Ancak bu yeni imaj\u0131, hayranlar\u0131n\u0131n b\u00fcy\u00fck bir k\u0131sm\u0131 taraf\u0131ndan eskiye g\u00f6re daha az be\u011feni toplad\u0131.<\/p>\n<p><img loading=\"lazy\" decoding=\"async\" class=\"alignnone wp-image-185930\" src=\"https:\/\/www.tgrthaber.com\/mavikadin\/wp-content\/uploads\/cukur-erkankolcakkostendil-y233-1-300x166.jpg\" alt=\"\" width=\"1208\" height=\"670\" title=\"\" srcset=\"https:\/\/www.tgrthaber.com\/mavikadin\/wp-content\/uploads\/cukur-erkankolcakkostendil-y233-1-300x166.jpg 300w, https:\/\/www.tgrthaber.com\/mavikadin\/wp-content\/uploads\/cukur-erkankolcakkostendil-y233-1-768x426.jpg 768w, https:\/\/www.tgrthaber.com\/mavikadin\/wp-content\/uploads\/cukur-erkankolcakkostendil-y233-1.jpg 777w\" sizes=\"(max-width: 1208px) 100vw, 1208px\" \/><\/p>\n<hr \/>\n<p>Ge\u00e7mi\u015fte \u201c\u00c7ukur\u201d dizisinde oynad\u0131\u011f\u0131 Vartolu Saadettin karakteriyle haf\u0131zalara kaz\u0131nan ba\u015far\u0131l\u0131 oyuncu, bu kez bamba\u015fka bir karakterle izleyicinin kar\u015f\u0131s\u0131na \u00e7\u0131kacak. Show TV\u2019de yay\u0131nlanacak ve yap\u0131mc\u0131l\u0131\u011f\u0131n\u0131 Yama\u00e7 Okur\u2019un \u00fcstlendi\u011fi \u201cVeliaht\u201d dizisinde K\u00f6stendil\u2019in oynayaca\u011f\u0131 \u201cYahya\u201d karakteri i\u00e7in sa\u00e7lar\u0131n\u0131 k\u0131salt\u0131p b\u0131y\u0131k b\u0131rakt\u0131\u011f\u0131 g\u00f6r\u00fcld\u00fc.<\/p>\n<p><img loading=\"lazy\" decoding=\"async\" class=\"alignnone wp-image-185931\" src=\"https:\/\/www.tgrthaber.com\/mavikadin\/wp-content\/uploads\/10414290-700x400-1-300x171.webp\" alt=\"\" width=\"1208\" height=\"690\" title=\"\" srcset=\"https:\/\/www.tgrthaber.com\/mavikadin\/wp-content\/uploads\/10414290-700x400-1-300x171.webp 300w, https:\/\/www.tgrthaber.com\/mavikadin\/wp-content\/uploads\/10414290-700x400-1.webp 700w\" sizes=\"(max-width: 1208px) 100vw, 1208px\" \/><\/p>\n<hr \/>\n<h3>SOSYAL MEDYADA YORUMLAR GEC\u0130KMED\u0130<\/h3>\n<p>Erkan Kol\u00e7ak K\u00f6stendil\u2019in \u201cVeliaht\u201d dizisi i\u00e7in yapt\u0131\u011f\u0131 imaj de\u011fi\u015fikli\u011fi, sosyal medyada resmen olay oldu. Sa\u00e7lar\u0131n\u0131 k\u0131salt\u0131p b\u0131y\u0131k b\u0131rakan oyuncunun bu yeni hali, hayranlar\u0131 tam anlam\u0131yla ikiye b\u00f6ld\u00fc.<\/p>\n<p>\u201cRol gere\u011fiyse ne diyelim\u201d diyenler kadar, \u201cVartolu\u2019nun karizmas\u0131ndan eser kalmam\u0131\u015f\u201d diyerek adeta isyan edenler de vard\u0131. \u0130lk tan\u0131t\u0131m yay\u0131nlan\u0131r yay\u0131nlanmaz yorum ya\u011fmuru ba\u015flad\u0131. \u201cBu b\u0131y\u0131kla kimi oynuyorsun?\u201d, \u201cO eski havas\u0131 nerede?\u201d ve \u201cL\u00fctfen o haline geri d\u00f6n!\u201d gibi yorumlar sosyal medyada arka arkaya geldi. \u0130\u015fte Erkan Kol\u00e7ak K\u00f6stendil\u2019in yeni hali&#8230;<\/p>\n<p><img loading=\"lazy\" decoding=\"async\" class=\"alignnone wp-image-185932\" src=\"https:\/\/www.tgrthaber.com\/mavikadin\/wp-content\/uploads\/veliaht-4-850x567_1748787694_bFRuQX-300x200.webp\" alt=\"\" width=\"1208\" height=\"805\" title=\"\" srcset=\"https:\/\/www.tgrthaber.com\/mavikadin\/wp-content\/uploads\/veliaht-4-850x567_1748787694_bFRuQX-300x200.webp 300w, https:\/\/www.tgrthaber.com\/mavikadin\/wp-content\/uploads\/veliaht-4-850x567_1748787694_bFRuQX-1024x682.webp 1024w, https:\/\/www.tgrthaber.com\/mavikadin\/wp-content\/uploads\/veliaht-4-850x567_1748787694_bFRuQX-768x512.webp 768w, https:\/\/www.tgrthaber.com\/mavikadin\/wp-content\/uploads\/veliaht-4-850x567_1748787694_bFRuQX.webp 1280w\" sizes=\"(max-width: 1208px) 100vw, 1208px\" \/><\/p>\n<hr \/>\n<p>Vartolu d\u00f6nemine \u00f6zlem duyan takip\u00e7iler, yeni tarz\u0131 bir t\u00fcrl\u00fc kabullenemedi. Hatta baz\u0131 kullan\u0131c\u0131lar, K\u00f6stendil\u2019in son halini g\u00f6r\u00fcnce \u201cBu Yahya karakteri mi, yoksa ba\u015fka bir dizi mi \u00e7ekiyor?\u201d sorular\u0131n\u0131 bile sormaktan geri durmad\u0131. Diziye dair konu\u015fulacak \u00e7ok \u015fey varken, hen\u00fcz ba\u015flamadan \u00f6nce t\u00fcm dikkat oyuncunun tarz\u0131na \u00e7evrilmi\u015f durumda.<\/p>\n<h3><img loading=\"lazy\" decoding=\"async\" class=\"alignnone wp-image-185933\" src=\"https:\/\/www.tgrthaber.com\/mavikadin\/wp-content\/uploads\/erkan-kolcak-kostendil-yeni-dizisi-icin-imaj-18698011_4594_m-300x201.webp\" alt=\"\" width=\"1208\" height=\"808\" title=\"\" srcset=\"https:\/\/www.tgrthaber.com\/mavikadin\/wp-content\/uploads\/erkan-kolcak-kostendil-yeni-dizisi-icin-imaj-18698011_4594_m-300x201.webp 300w, https:\/\/www.tgrthaber.com\/mavikadin\/wp-content\/uploads\/erkan-kolcak-kostendil-yeni-dizisi-icin-imaj-18698011_4594_m.webp 640w\" sizes=\"(max-width: 1208px) 100vw, 1208px\" \/><\/h3>\n<hr \/>\n<h3>YEN\u0130 D\u0130Z\u0130 VEL\u0130AHT KONUSUYLA VE KADROSUYLA \u0130DD\u0130ALI<\/h3>\n<p>Show TV ekranlar\u0131nda izleyiciyle bulu\u015facak olan \u201cVeliaht\u201d, hem hikayesi hem de oyuncu kadrosuyla dikkat \u00e7ekiyor. Esenler Otogar\u0131\u2019nda ge\u00e7en ve bir ailenin i\u00e7inde ya\u015fanan g\u00fc\u00e7 m\u00fccadelesini merkezine alan dizi, ayn\u0131 zamanda b\u00fcy\u00fck bir a\u015fk hikayesini de i\u015fliyor.<\/p>\n<p>Y\u00f6netmen koltu\u011funda \u201c\u00c7ukur\u201d dizisinin y\u00f6netmeni Sinan \u00d6zt\u00fcrk\u2019\u00fcn oturdu\u011fu projede ise Ak\u0131n Ak\u0131n\u00f6z\u00fc, Serra Ar\u0131t\u00fcrk, Ercan Kesal, Hazal T\u00fcresan, Derya Karada\u015f, Tansu Bi\u00e7er, Bora Akka\u015f, Erdem \u015eenocak, Arif Pi\u015fkin, Burak Altay, Kayhan A\u00e7\u0131kg\u00f6z, Sabahattin Yakut, Selin K\u00f6seo\u011flu, Selin Dumlug\u00f6l, Volkan K\u0131ran ve Ufkum Kalao\u011flu gibi bir\u00e7ok tan\u0131nm\u0131\u015f isim yer al\u0131yor.<\/p>\n<p><img loading=\"lazy\" decoding=\"async\" class=\"alignnone wp-image-185934\" src=\"https:\/\/www.tgrthaber.com\/mavikadin\/wp-content\/uploads\/erkan-kolcak-kostendil-yeni-dizisi-icin-imaj-18698011_549_m-300x200.webp\" alt=\"\" width=\"1208\" height=\"804\" title=\"\" srcset=\"https:\/\/www.tgrthaber.com\/mavikadin\/wp-content\/uploads\/erkan-kolcak-kostendil-yeni-dizisi-icin-imaj-18698011_549_m-300x200.webp 300w, https:\/\/www.tgrthaber.com\/mavikadin\/wp-content\/uploads\/erkan-kolcak-kostendil-yeni-dizisi-icin-imaj-18698011_549_m.webp 640w\" sizes=\"(max-width: 1208px) 100vw, 1208px\" \/><\/p>\n<hr \/>\n<p>Dizinin ilk tan\u0131t\u0131m\u0131n\u0131n ge\u00e7ti\u011fimiz g\u00fcnlerde yay\u0131nlanmas\u0131yla birlikte, izleyici taraf\u0131nda beklentiler y\u00fckseldi. Her detay\u0131yla merak uyand\u0131ran yap\u0131m, yay\u0131n hayat\u0131na eyl\u00fcl ay\u0131nda ba\u015flamay\u0131 planl\u0131yor.<\/p>\n","protected":false},"excerpt":{"rendered":"<p>Yeni sezon projeleri aras\u0131nda dikkat \u00e7eken \u201cVeliaht\u201d dizisi i\u00e7in haz\u0131rl\u0131klar\u0131n\u0131 s\u00fcrd\u00fcren Erkan Kol\u00e7ak K\u00f6stendil, rol\u00fcne uygun bir g\u00f6r\u00fcn\u00fcmle hayranlar\u0131n\u0131n kar\u015f\u0131s\u0131na \u00e7\u0131kmaya haz\u0131rlan\u0131yor. \u00dcnl\u00fc oyuncunun imaj\u0131nda yapt\u0131\u011f\u0131 bu de\u011fi\u015fiklik, sosyal medyada g\u00fcndem olurken, takip\u00e7ilerinden gelen yorumlar ise gecikmedi. \u0130\u015fte Vartolu karakteriyle haf\u0131zalara kaz\u0131nan Erkan Kol\u00e7ak K\u00f6stendil&#8217;in \u00e7ok konu\u015fulan yeni tarz\u0131&#8230;<\/p>\n","protected":false},"author":35,"featured_media":185929,"comment_status":"closed","ping_status":"closed","sticky":false,"template":"","format":"standard","meta":{"rank_math_lock_modified_date":false,"footnotes":""},"categories":[76],"tags":[4799,23502,133,19536,23353],"class_list":["post-185920","post","type-post","status-publish","format-standard","has-post-thumbnail","hentry","category-magazin","tag-erkan-kolcak-kostendil","tag-erkan-kolcak-kostendil-yeni-tarzi","tag-magazin","tag-vartolu","tag-veliaht-dizisinin-oyunculari"],"_links":{"self":[{"href":"https:\/\/www.tgrthaber.com\/mavikadin\/wp-json\/wp\/v2\/posts\/185920"}],"collection":[{"href":"https:\/\/www.tgrthaber.com\/mavikadin\/wp-json\/wp\/v2\/posts"}],"about":[{"href":"https:\/\/www.tgrthaber.com\/mavikadin\/wp-json\/wp\/v2\/types\/post"}],"author":[{"embeddable":true,"href":"https:\/\/www.tgrthaber.com\/mavikadin\/wp-json\/wp\/v2\/users\/35"}],"replies":[{"embeddable":true,"href":"https:\/\/www.tgrthaber.com\/mavikadin\/wp-json\/wp\/v2\/comments?post=185920"}],"version-history":[{"count":1,"href":"https:\/\/www.tgrthaber.com\/mavikadin\/wp-json\/wp\/v2\/posts\/185920\/revisions"}],"predecessor-version":[{"id":185935,"href":"https:\/\/www.tgrthaber.com\/mavikadin\/wp-json\/wp\/v2\/posts\/185920\/revisions\/185935"}],"wp:featuredmedia":[{"embeddable":true,"href":"https:\/\/www.tgrthaber.com\/mavikadin\/wp-json\/wp\/v2\/media\/185929"}],"wp:attachment":[{"href":"https:\/\/www.tgrthaber.com\/mavikadin\/wp-json\/wp\/v2\/media?parent=185920"}],"wp:term":[{"taxonomy":"category","embeddable":true,"href":"https:\/\/www.tgrthaber.com\/mavikadin\/wp-json\/wp\/v2\/categories?post=185920"},{"taxonomy":"post_tag","embeddable":true,"href":"https:\/\/www.tgrthaber.com\/mavikadin\/wp-json\/wp\/v2\/tags?post=185920"}],"curies":[{"name":"wp","href":"https:\/\/api.w.org\/{rel}","templated":true}]}}