{"id":185921,"date":"2025-06-01T22:11:42","date_gmt":"2025-06-01T19:11:42","guid":{"rendered":"https:\/\/www.tgrthaber.com\/mavikadin\/?p=185921"},"modified":"2025-06-01T22:11:42","modified_gmt":"2025-06-01T19:11:42","slug":"cocuklar-duymasinin-havucu-furkan-kizilay-tutku-yilmaz-ile-evlendi","status":"publish","type":"post","link":"https:\/\/www.tgrthaber.com\/mavikadin\/cocuklar-duymasinin-havucu-furkan-kizilay-tutku-yilmaz-ile-evlendi\/","title":{"rendered":"\u00c7ocuklar Duymas\u0131n&#8217;\u0131n Havu\u00e7&#8217;u Furkan K\u0131z\u0131lay Tutku Y\u0131lmaz ile evlendi!"},"content":{"rendered":"<p>ATV\u2019nin fenomen yap\u0131m\u0131 \u00c7ocuklar Duymas\u0131n dizisinde Havu\u00e7 karakteri ile haf\u0131zalara kaz\u0131nan Furkan K\u0131z\u0131lay sevgilisi Tutku Y\u0131lmaz ile d\u00fcnya evine girdi. Ge\u00e7ti\u011fimiz y\u0131llarda Paris\u2019te sevgilisi Tutku Y\u0131lmaz ile \u00e7\u0131kt\u0131\u011f\u0131 seyahatte s\u00fcrpriz bir \u015fekilde evlenme teklifi etmi\u015fti. \u00d6zel hayat\u0131n\u0131 g\u00f6zlerden uzak bir \u015fekilde s\u00fcrd\u00fcren oyuncu Furkan K\u0131z\u0131lay, 1 Haziran 2025 Pazar ak\u015fam\u0131 Tutku Y\u0131lmaz ile evlendi.<\/p>\n<h3>FURKAN KIZILAY VE TUTKU YILMAZ EVLEND\u0130<\/h3>\n<p>\u00c7ocuklar Duymas\u0131n dizisinden sonra Survivor\u2019daki performanslar\u0131yla g\u00f6n\u00fcllerde taht kuran 34 ya\u015f\u0131ndaki oyuncu Furkan K\u0131z\u0131lay, 5 y\u0131ld\u0131r birlikte oldu\u011fu sevgilisi Tutku Y\u0131lmaz\u2019a evlenme teklifi etmi\u015fti. K\u0131z\u0131lay, a\u00e7\u0131k havada ger\u00e7ekle\u015ftirdi\u011fi d\u00fc\u011f\u00fcn organizasyonuna yak\u0131n arkada\u015flar\u0131 ve aile \u00e7evresini davet etti.<\/p>\n<p><img loading=\"lazy\" decoding=\"async\" class=\"alignnone wp-image-185922\" src=\"https:\/\/www.tgrthaber.com\/mavikadin\/wp-content\/uploads\/Furkan-kizilay-ve-tutku-yilmaz-evlendi-300x169.jpg\" alt=\"\" width=\"1208\" height=\"680\" title=\"\" srcset=\"https:\/\/www.tgrthaber.com\/mavikadin\/wp-content\/uploads\/Furkan-kizilay-ve-tutku-yilmaz-evlendi-300x169.jpg 300w, https:\/\/www.tgrthaber.com\/mavikadin\/wp-content\/uploads\/Furkan-kizilay-ve-tutku-yilmaz-evlendi-1024x576.jpg 1024w, https:\/\/www.tgrthaber.com\/mavikadin\/wp-content\/uploads\/Furkan-kizilay-ve-tutku-yilmaz-evlendi-768x432.jpg 768w, https:\/\/www.tgrthaber.com\/mavikadin\/wp-content\/uploads\/Furkan-kizilay-ve-tutku-yilmaz-evlendi-1536x864.jpg 1536w, https:\/\/www.tgrthaber.com\/mavikadin\/wp-content\/uploads\/Furkan-kizilay-ve-tutku-yilmaz-evlendi.jpg 1920w\" sizes=\"(max-width: 1208px) 100vw, 1208px\" \/><\/p>\n<hr \/>\n<p>Furkan K\u0131z\u0131lay\u2019\u0131n e\u015fi Tutku Y\u0131lmaz\u2019\u0131n gelinli\u011finin sadeli\u011fi herkes taraf\u0131ndan be\u011feni toplad\u0131. Straplez ve t\u00fcl detaylar\u0131n\u0131n bir arada yer ald\u0131\u011f\u0131 gelinlik Tutku Y\u0131lmaz\u2019\u0131 masallardaki prensesler gibi g\u00f6sterdi. Furkan K\u0131z\u0131lay ve Tutku Y\u0131lmaz\u2019\u0131n nikah\u0131 d\u00fc\u011f\u00fcn yerinde k\u0131y\u0131ld\u0131ktan sonra e\u011flenceye ge\u00e7ildi.<\/p>\n<div style=\"width: 640px;\" class=\"wp-video\"><!--[if lt IE 9]><script>document.createElement('video');<\/script><![endif]-->\n<video class=\"wp-video-shortcode\" id=\"video-185921-1\" width=\"640\" height=\"1138\" preload=\"metadata\" controls=\"controls\"><source type=\"video\/mp4\" src=\"https:\/\/www.tgrthaber.com\/mavikadin\/wp-content\/uploads\/furkan-kizilay-evlendi.mp4?_=1\" \/><a href=\"https:\/\/www.tgrthaber.com\/mavikadin\/wp-content\/uploads\/furkan-kizilay-evlendi.mp4\">https:\/\/www.tgrthaber.com\/mavikadin\/wp-content\/uploads\/furkan-kizilay-evlendi.mp4<\/a><\/video><\/div>\n<hr \/>\n<h3>SURV\u0130VOR EK\u0130B\u0130 FURKAN KIZILAY\u2019IN D\u00dc\u011e\u00dcN\u00dcNDE<\/h3>\n<p>TV 8 Acun Medya \u015firketi taraf\u0131ndan senelerdir devam eden Survivor yar\u0131\u015fmas\u0131na Furkan K\u0131z\u0131lay da performanslar\u0131yla damga vurmu\u015ftu. Kat\u0131ld\u0131\u011f\u0131 her sene kendini izleyicilere daha da sevdiren Furkan K\u0131z\u0131lay geni\u015f kitlelere kadar ula\u015ft\u0131. 1 Haziran 2025 ak\u015fam\u0131 ger\u00e7ekle\u015fen d\u00fc\u011f\u00fcn\u00fcnde Surv\u0131vor ailesi ve Acun Medya \u015firketi de yer ald\u0131. Furkan K\u0131z\u0131lay ve Tutku Y\u0131lmaz\u2019\u0131n d\u00fc\u011f\u00fcn t\u00f6renine Acun Il\u0131cal\u0131, Sahra I\u015f\u0131k, \u0130rem Bilgin, Aysu Keskin,\u00a0 Seda Ocak, \u00a0Damla Can, Yi\u011fit Poyraz ve Yasemin Erbil\u2019de d\u00fc\u011f\u00fcne kat\u0131lan isimler aras\u0131nda yer ald\u0131.<\/p>\n<p><img loading=\"lazy\" decoding=\"async\" class=\"alignnone wp-image-185924\" src=\"https:\/\/www.tgrthaber.com\/mavikadin\/wp-content\/uploads\/furkan-yilmazin-dugunde-survivor-ekibi-300x169.jpg\" alt=\"\" width=\"1208\" height=\"680\" title=\"\" srcset=\"https:\/\/www.tgrthaber.com\/mavikadin\/wp-content\/uploads\/furkan-yilmazin-dugunde-survivor-ekibi-300x169.jpg 300w, https:\/\/www.tgrthaber.com\/mavikadin\/wp-content\/uploads\/furkan-yilmazin-dugunde-survivor-ekibi-1024x576.jpg 1024w, https:\/\/www.tgrthaber.com\/mavikadin\/wp-content\/uploads\/furkan-yilmazin-dugunde-survivor-ekibi-768x432.jpg 768w, https:\/\/www.tgrthaber.com\/mavikadin\/wp-content\/uploads\/furkan-yilmazin-dugunde-survivor-ekibi-1536x864.jpg 1536w, https:\/\/www.tgrthaber.com\/mavikadin\/wp-content\/uploads\/furkan-yilmazin-dugunde-survivor-ekibi.jpg 1920w\" sizes=\"(max-width: 1208px) 100vw, 1208px\" \/><\/p>\n<hr \/>\n<h3>FURKAN KIZILAY VE TUTKU YILMAZ&#8217;IN D\u00dc\u011e\u00dcN\u00dcNDEN \u0130LK G\u00d6R\u00dcNT\u00dcLER<\/h3>\n<p>Oyuncu Furkan K\u0131z\u0131lay ve e\u015fi Tutku Y\u0131lmaz&#8217;\u0131n d\u00fc\u011f\u00fcn salonunda bir araya gelip nikah masas\u0131na gitti\u011fi ilk g\u00f6r\u00fcnt\u00fcler yay\u0131nland\u0131. Furkan K\u0131z\u0131lay&#8217;\u0131n heyecanl\u0131 halleri g\u00f6r\u00fcnt\u00fclerde dikkatten ka\u00e7mad\u0131. Tutku Y\u0131lmaz&#8217;\u0131n duru g\u00fczelli\u011fi d\u00fc\u011f\u00fcne gelen davetiyeler taraf\u0131ndan\u00a0 \u00e7ok be\u011fenildi. \u0130\u015fte Furkan K\u0131z\u0131lay ve Tutku Y\u0131lmaz&#8217;\u0131n d\u00fc\u011f\u00fcn\u00fcnden ilk g\u00f6r\u00fcnt\u00fcler:<\/p>\n<div style=\"width: 640px;\" class=\"wp-video\"><video class=\"wp-video-shortcode\" id=\"video-185921-2\" width=\"640\" height=\"1138\" preload=\"metadata\" controls=\"controls\"><source type=\"video\/mp4\" src=\"https:\/\/www.tgrthaber.com\/mavikadin\/wp-content\/uploads\/furkan-kizilay-ve-tutku-yilmazin-dugununden-goruntuler.mp4?_=2\" \/><a href=\"https:\/\/www.tgrthaber.com\/mavikadin\/wp-content\/uploads\/furkan-kizilay-ve-tutku-yilmazin-dugununden-goruntuler.mp4\">https:\/\/www.tgrthaber.com\/mavikadin\/wp-content\/uploads\/furkan-kizilay-ve-tutku-yilmazin-dugununden-goruntuler.mp4<\/a><\/video><\/div>\n","protected":false},"excerpt":{"rendered":"<p>\u00dcnl\u00fc oyuncu Furkan K\u0131z\u0131lay, 2024 y\u0131l\u0131n\u0131n sonlar\u0131na do\u011fru sevgilisi Tutku Y\u0131lmaz\u2019a Paris\u2019te romantik bir evlenme teklifi etmi\u015fti. Sevgilisi Tutku Y\u0131lmaz&#8217;\u0131n Evet cevab\u0131 verdi\u011fi anlar\u0131 Instagram hesab\u0131ndan payla\u015fm\u0131\u015ft\u0131. Furkan K\u0131z\u0131lay ile Tutku Y\u0131lmaz 1 Haziran 2025 ak\u015fam\u0131 d\u00fcnya evine girdi.<\/p>\n","protected":false},"author":10,"featured_media":185925,"comment_status":"closed","ping_status":"closed","sticky":false,"template":"","format":"standard","meta":{"rank_math_lock_modified_date":false,"footnotes":""},"categories":[76],"tags":[23501,23500,133,2218],"class_list":["post-185921","post","type-post","status-publish","format-standard","has-post-thumbnail","hentry","category-magazin","tag-furkan-kizilay-dugun","tag-furkan-kizilay-tutku-yilmaz-evlendi","tag-magazin","tag-magazin-haberleri"],"_links":{"self":[{"href":"https:\/\/www.tgrthaber.com\/mavikadin\/wp-json\/wp\/v2\/posts\/185921"}],"collection":[{"href":"https:\/\/www.tgrthaber.com\/mavikadin\/wp-json\/wp\/v2\/posts"}],"about":[{"href":"https:\/\/www.tgrthaber.com\/mavikadin\/wp-json\/wp\/v2\/types\/post"}],"author":[{"embeddable":true,"href":"https:\/\/www.tgrthaber.com\/mavikadin\/wp-json\/wp\/v2\/users\/10"}],"replies":[{"embeddable":true,"href":"https:\/\/www.tgrthaber.com\/mavikadin\/wp-json\/wp\/v2\/comments?post=185921"}],"version-history":[{"count":2,"href":"https:\/\/www.tgrthaber.com\/mavikadin\/wp-json\/wp\/v2\/posts\/185921\/revisions"}],"predecessor-version":[{"id":185928,"href":"https:\/\/www.tgrthaber.com\/mavikadin\/wp-json\/wp\/v2\/posts\/185921\/revisions\/185928"}],"wp:featuredmedia":[{"embeddable":true,"href":"https:\/\/www.tgrthaber.com\/mavikadin\/wp-json\/wp\/v2\/media\/185925"}],"wp:attachment":[{"href":"https:\/\/www.tgrthaber.com\/mavikadin\/wp-json\/wp\/v2\/media?parent=185921"}],"wp:term":[{"taxonomy":"category","embeddable":true,"href":"https:\/\/www.tgrthaber.com\/mavikadin\/wp-json\/wp\/v2\/categories?post=185921"},{"taxonomy":"post_tag","embeddable":true,"href":"https:\/\/www.tgrthaber.com\/mavikadin\/wp-json\/wp\/v2\/tags?post=185921"}],"curies":[{"name":"wp","href":"https:\/\/api.w.org\/{rel}","templated":true}]}}