{"id":185937,"date":"2025-06-01T23:25:40","date_gmt":"2025-06-01T20:25:40","guid":{"rendered":"https:\/\/www.tgrthaber.com\/mavikadin\/?p=185937"},"modified":"2025-06-01T23:32:21","modified_gmt":"2025-06-01T20:32:21","slug":"havuc-furkan-kimdir-kac-yasinda-furkan-kizilay-kiminle-evleniyor","status":"publish","type":"post","link":"https:\/\/www.tgrthaber.com\/mavikadin\/havuc-furkan-kimdir-kac-yasinda-furkan-kizilay-kiminle-evleniyor\/","title":{"rendered":"Havu\u00e7 Furkan kimdir ka\u00e7 ya\u015f\u0131nda? Furkan K\u0131z\u0131lay kiminle evleniyor?"},"content":{"rendered":"<p>Dizi d\u00fcnyas\u0131n\u0131n sempatik y\u00fczlerinden biri olarak haf\u0131zalara kaz\u0131nan Furkan K\u0131z\u0131lay, bu kez setten de\u011fil, hayat\u0131n\u0131n en \u00f6zel anlar\u0131ndan biriyle g\u00fcndemde. Y\u0131llar \u00f6nce \u201cHavu\u00e7\u201d lakab\u0131yla izleyicinin g\u00f6nl\u00fcnde yer eden K\u0131z\u0131lay, art\u0131k bamba\u015fka bir d\u00f6neme ad\u0131m att\u0131. Paris\u2019te ba\u015flayan bu romantik hikaye, \u0130stanbul\u2019da evlilikle sonu\u00e7land\u0131. Peki, milyonlar\u0131n \u201c\u00c7ocuklar Duymas\u0131n\u2019daki havu\u00e7 kafa\u201d olarak hat\u0131rlad\u0131\u011f\u0131 Furkan K\u0131z\u0131lay \u015fimdi kimdir, neler yap\u0131yor? Furkan K\u0131z\u0131lay&#8217;\u0131n e\u015fi kim, kiminle evlendi? \u0130\u015fte Havu\u00e7 Furkan&#8217;a dair merak edilenler&#8230;<\/p>\n<h3>FURKAN KIZILAY K\u0130MD\u0130R KA\u00c7 YA\u015eINDA?<\/h3>\n<p>30 Kas\u0131m 1990 tarihinde \u0130stanbul&#8217;un \u015eile il\u00e7esinde do\u011fan Furkan K\u0131z\u0131lay, oyunculuk kariyerine \u00e7ocuk ya\u015flarda ad\u0131m att\u0131.<\/p>\n<p><img loading=\"lazy\" decoding=\"async\" class=\"alignnone wp-image-185945\" src=\"https:\/\/www.tgrthaber.com\/mavikadin\/wp-content\/uploads\/cocuklar-duymasinin-havucu-furkan-kimdir-300x193.jpg\" alt=\"\" width=\"1208\" height=\"776\" title=\"\" srcset=\"https:\/\/www.tgrthaber.com\/mavikadin\/wp-content\/uploads\/cocuklar-duymasinin-havucu-furkan-kimdir-300x193.jpg 300w, https:\/\/www.tgrthaber.com\/mavikadin\/wp-content\/uploads\/cocuklar-duymasinin-havucu-furkan-kimdir-1024x658.jpg 1024w, https:\/\/www.tgrthaber.com\/mavikadin\/wp-content\/uploads\/cocuklar-duymasinin-havucu-furkan-kimdir-768x493.jpg 768w, https:\/\/www.tgrthaber.com\/mavikadin\/wp-content\/uploads\/cocuklar-duymasinin-havucu-furkan-kimdir.jpg 1200w\" sizes=\"(max-width: 1208px) 100vw, 1208px\" \/><\/p>\n<hr \/>\n<p>2002 y\u0131l\u0131nda yay\u0131nlanmaya ba\u015flayan \u00c7ocuklar Duymas\u0131n dizisinde oynad\u0131\u011f\u0131 Emre (Havu\u00e7) karakteriyle geni\u015f kitlelerce tan\u0131nd\u0131. E\u011fitimini Kadir Has \u00dcniversitesi Sistem M\u00fchendisli\u011fi b\u00f6l\u00fcm\u00fcnde tamamlayan K\u0131z\u0131lay, oyunculu\u011fun yan\u0131 s\u0131ra m\u00fczikle de ilgileniyor. 2009 y\u0131l\u0131nda &#8220;A\u015fks\u0131n Sen&#8221; adl\u0131 alb\u00fcm\u00fcn\u00fc \u00e7\u0131karan sanat\u00e7\u0131, \u00e7e\u015fitli reklam filmlerinde de rol ald\u0131.<\/p>\n<p><img loading=\"lazy\" decoding=\"async\" class=\"alignnone wp-image-185946\" src=\"https:\/\/www.tgrthaber.com\/mavikadin\/wp-content\/uploads\/FURKAN-KIZILAY-DIZILERI-300x169.webp\" alt=\"\" width=\"1208\" height=\"680\" title=\"\" srcset=\"https:\/\/www.tgrthaber.com\/mavikadin\/wp-content\/uploads\/FURKAN-KIZILAY-DIZILERI-300x169.webp 300w, https:\/\/www.tgrthaber.com\/mavikadin\/wp-content\/uploads\/FURKAN-KIZILAY-DIZILERI-1024x576.webp 1024w, https:\/\/www.tgrthaber.com\/mavikadin\/wp-content\/uploads\/FURKAN-KIZILAY-DIZILERI-768x432.webp 768w, https:\/\/www.tgrthaber.com\/mavikadin\/wp-content\/uploads\/FURKAN-KIZILAY-DIZILERI.webp 1200w\" sizes=\"(max-width: 1208px) 100vw, 1208px\" \/><\/p>\n<hr \/>\n<h3>OYNADI\u011eI D\u0130Z\u0130 VE F\u0130LMLER HANG\u0130LER\u0130?<\/h3>\n<p>Furkan K\u0131z\u0131lay, \u00c7ocuklar Duymas\u0131n dizisinin yan\u0131 s\u0131ra &#8220;\u00c7ocuklar Ne Olacak&#8221;, &#8220;Aslan Ailem&#8221;, &#8220;Meryem&#8221; gibi televizyon projelerinde yer ald\u0131. Sinema kariyerinde ise &#8220;Emret Komutan\u0131m: \u015eah Mat&#8221;, &#8220;Hannas: Karanl\u0131kta Saklanan&#8221;, &#8220;Kolpa\u00e7ino 3. Devre&#8221; ve &#8220;Organik A\u015fk Hikayeleri&#8221; gibi filmlerde rol ald\u0131. Ayr\u0131ca 2017 ve 2024 y\u0131llar\u0131nda Survivor yar\u0131\u015fmas\u0131na kat\u0131larak farkl\u0131 bir deneyim ya\u015fad\u0131.<\/p>\n<p><img loading=\"lazy\" decoding=\"async\" class=\"alignnone wp-image-185947\" src=\"https:\/\/www.tgrthaber.com\/mavikadin\/wp-content\/uploads\/FURKAN-KIZIAY-SARKILARI-300x169.jpg\" alt=\"\" width=\"1208\" height=\"680\" title=\"\" srcset=\"https:\/\/www.tgrthaber.com\/mavikadin\/wp-content\/uploads\/FURKAN-KIZIAY-SARKILARI-300x169.jpg 300w, https:\/\/www.tgrthaber.com\/mavikadin\/wp-content\/uploads\/FURKAN-KIZIAY-SARKILARI.jpg 320w\" sizes=\"(max-width: 1208px) 100vw, 1208px\" \/><\/p>\n<hr \/>\n<h3>FURKAN KIZILAY \u015eARKICI MI? HANG\u0130 \u015eARKILARIYLA TANINIYOR?<\/h3>\n<p>Sadece oyunculu\u011fuyla de\u011fil, m\u00fczikteki \u00fcretkenli\u011fiyle de ad\u0131ndan s\u00f6z ettiren Furkan K\u0131z\u0131lay, \u015fark\u0131lar\u0131yla da dikkatleri \u00fczerine \u00e7ekti. K\u0131z\u0131lay, 2009 y\u0131l\u0131nda \u00e7\u0131kard\u0131\u011f\u0131 \u201cA\u015fks\u0131n Sen\u201d adl\u0131 alb\u00fcmle m\u00fczik d\u00fcnyas\u0131na ad\u0131m att\u0131. \u201cKaramel Kokun\u201d ve \u201cHer \u015eey Senle\u201d gibi \u015fark\u0131lar\u0131 k\u0131sa s\u00fcrede gen\u00e7ler aras\u0131nda pop\u00fcler hale geldi.<\/p>\n<p>2014\u2019te \u201cHer Ya\u011fmur Ya\u011fd\u0131\u011f\u0131nda\u201d adl\u0131 bir EP yay\u0131mlayan oyuncu, son y\u0131llarda da bir\u00e7ok tekli par\u00e7ayla yoluna devam etti. \u00d6zellikle 2020\u2019den sonra \u00e7\u0131kard\u0131\u011f\u0131 \u201cAlsam Seni\u201d, \u201c\u0130stanbul\u201d, \u201cF\u0131rt\u0131na\u201d, \u201cK\u0131rm\u0131z\u0131\u201d ve \u201cM\u00fctemadiyen\u201d gibi par\u00e7alarla Spotify ve YouTube gibi dijital platformlarda da aktif bir \u015fekilde yer al\u0131yor.<\/p>\n<p><img loading=\"lazy\" decoding=\"async\" class=\"alignnone wp-image-185948\" src=\"https:\/\/www.tgrthaber.com\/mavikadin\/wp-content\/uploads\/Adsiz-tasarim-18-10-300x169.png\" alt=\"\" width=\"1208\" height=\"680\" title=\"\" srcset=\"https:\/\/www.tgrthaber.com\/mavikadin\/wp-content\/uploads\/Adsiz-tasarim-18-10-300x169.png 300w, https:\/\/www.tgrthaber.com\/mavikadin\/wp-content\/uploads\/Adsiz-tasarim-18-10-1024x576.png 1024w, https:\/\/www.tgrthaber.com\/mavikadin\/wp-content\/uploads\/Adsiz-tasarim-18-10-768x432.png 768w, https:\/\/www.tgrthaber.com\/mavikadin\/wp-content\/uploads\/Adsiz-tasarim-18-10-1536x864.png 1536w, https:\/\/www.tgrthaber.com\/mavikadin\/wp-content\/uploads\/Adsiz-tasarim-18-10.png 1920w\" sizes=\"(max-width: 1208px) 100vw, 1208px\" \/><\/p>\n<hr \/>\n<h3>FURKAN KIZILAY K\u0130M\u0130NLE EVLEN\u0130YOR?<\/h3>\n<p>Furkan K\u0131z\u0131lay, uzun s\u00fcredir birlikte oldu\u011fu Tutku Y\u0131lmaz&#8217;a Aral\u0131k 2024&#8217;te Paris&#8217;te romantik bir evlenme teklifinde bulundu.<\/p>\n<p>Eyfel Kulesi \u00f6n\u00fcnde ger\u00e7ekle\u015fen bu \u00f6zel an\u0131 sosyal medya hesab\u0131ndan payla\u015fan K\u0131z\u0131lay, takip\u00e7ilerinden b\u00fcy\u00fck ilgi g\u00f6rd\u00fc. \u00c7ift, 1 Haziran 2025 tarihinde \u0130stanbul&#8217;da aile ve yak\u0131n dostlar\u0131n\u0131n kat\u0131ld\u0131\u011f\u0131 sade bir t\u00f6renle evlendi. D\u00fc\u011f\u00fcn sonras\u0131 Instagram hesab\u0131ndan payla\u015f\u0131m yapan K\u0131z\u0131lay, &#8220;Hayat\u0131m\u0131n en \u00f6zel g\u00fcn\u00fcyd\u00fc. Seninle bir \u00f6mre &#8216;evet&#8217; demek b\u00fcy\u00fck bir \u015fans Tutku. \u0130yi ki vars\u0131n&#8221; notunu d\u00fc\u015ft\u00fc.<\/p>\n<p><img loading=\"lazy\" decoding=\"async\" class=\"alignnone wp-image-185949\" src=\"https:\/\/www.tgrthaber.com\/mavikadin\/wp-content\/uploads\/640x359-300x158.png\" alt=\"\" width=\"1208\" height=\"634\" title=\"\" srcset=\"https:\/\/www.tgrthaber.com\/mavikadin\/wp-content\/uploads\/640x359-300x158.png 300w, https:\/\/www.tgrthaber.com\/mavikadin\/wp-content\/uploads\/640x359.png 640w\" sizes=\"(max-width: 1208px) 100vw, 1208px\" \/><\/p>\n<hr \/>\n<h3>HAVU\u00c7 FURKAN \u015eU AN NE YAPIYOR?<\/h3>\n<p>Furkan K\u0131z\u0131lay, m\u00fczik ve oyunculuk kariyerine aktif olarak devam ediyor. Survivor gibi yar\u0131\u015fmalarla da geni\u015f bir kitleye ula\u015fan sanat\u00e7\u0131, ayn\u0131 zamanda sosyal sorumluluk projelerinde de yer al\u0131yor. Ayr\u0131ca, Furkan K\u0131z\u0131lay kendi YouTube kanal\u0131nda otomobil incelemeleri gibi i\u00e7erikler payla\u015fmaya da devam ediyor.<\/p>\n","protected":false},"excerpt":{"rendered":"<p>Ge\u00e7ti\u011fimiz y\u0131l\u0131n sonlar\u0131nda Fransa&#8217;n\u0131n ba\u015fkenti Paris&#8217;te sevgilisi Tutku Y\u0131lmaz&#8217;a evlenme teklif eden oyuncu Furkan K\u0131z\u0131lay, bu ak\u015fam \u0130stanbul&#8217;da d\u00fczenlenen sade bir t\u00f6renle d\u00fcnyaevine girdi. \u00c7ocuklar Duymas\u0131n dizisinde oynad\u0131\u011f\u0131 &#8220;Havu\u00e7&#8221; karakteriyle tan\u0131nan K\u0131z\u0131lay&#8217;\u0131n \u00f6zel hayat\u0131, hayranlar\u0131 taraf\u0131ndan merakla takip ediliyor. \u0130\u015fte g\u00f6n\u00fcllere taht kuran Havu\u00e7 Furkan&#8217;\u0131n hayat\u0131na dair merak edilen t\u00fcm detaylar&#8230;<\/p>\n","protected":false},"author":35,"featured_media":185944,"comment_status":"closed","ping_status":"closed","sticky":false,"template":"","format":"standard","meta":{"rank_math_lock_modified_date":false,"footnotes":""},"categories":[491],"tags":[3374,23508,23506,23507,23505],"class_list":["post-185937","post","type-post","status-publish","format-standard","has-post-thumbnail","hentry","category-biyografi","tag-biyografi","tag-furkan-kizilay-dizileri","tag-furkan-kizilay-kimdir-kac-yasinda","tag-furkan-kizilay-kiminle-evleniyor","tag-havuc-furkan"],"_links":{"self":[{"href":"https:\/\/www.tgrthaber.com\/mavikadin\/wp-json\/wp\/v2\/posts\/185937"}],"collection":[{"href":"https:\/\/www.tgrthaber.com\/mavikadin\/wp-json\/wp\/v2\/posts"}],"about":[{"href":"https:\/\/www.tgrthaber.com\/mavikadin\/wp-json\/wp\/v2\/types\/post"}],"author":[{"embeddable":true,"href":"https:\/\/www.tgrthaber.com\/mavikadin\/wp-json\/wp\/v2\/users\/35"}],"replies":[{"embeddable":true,"href":"https:\/\/www.tgrthaber.com\/mavikadin\/wp-json\/wp\/v2\/comments?post=185937"}],"version-history":[{"count":3,"href":"https:\/\/www.tgrthaber.com\/mavikadin\/wp-json\/wp\/v2\/posts\/185937\/revisions"}],"predecessor-version":[{"id":185958,"href":"https:\/\/www.tgrthaber.com\/mavikadin\/wp-json\/wp\/v2\/posts\/185937\/revisions\/185958"}],"wp:featuredmedia":[{"embeddable":true,"href":"https:\/\/www.tgrthaber.com\/mavikadin\/wp-json\/wp\/v2\/media\/185944"}],"wp:attachment":[{"href":"https:\/\/www.tgrthaber.com\/mavikadin\/wp-json\/wp\/v2\/media?parent=185937"}],"wp:term":[{"taxonomy":"category","embeddable":true,"href":"https:\/\/www.tgrthaber.com\/mavikadin\/wp-json\/wp\/v2\/categories?post=185937"},{"taxonomy":"post_tag","embeddable":true,"href":"https:\/\/www.tgrthaber.com\/mavikadin\/wp-json\/wp\/v2\/tags?post=185937"}],"curies":[{"name":"wp","href":"https:\/\/api.w.org\/{rel}","templated":true}]}}