{"id":185952,"date":"2025-06-01T23:31:39","date_gmt":"2025-06-01T20:31:39","guid":{"rendered":"https:\/\/www.tgrthaber.com\/mavikadin\/?p=185952"},"modified":"2025-06-02T09:59:27","modified_gmt":"2025-06-02T06:59:27","slug":"uzak-sehir-dizisi-ekibi-sezon-finali-yemeginde-bir-araya-geldi-sinem-unsal-ve-ozan-akbaba-ekibin-enlerini-acikladi","status":"publish","type":"post","link":"https:\/\/www.tgrthaber.com\/mavikadin\/uzak-sehir-dizisi-ekibi-sezon-finali-yemeginde-bir-araya-geldi-sinem-unsal-ve-ozan-akbaba-ekibin-enlerini-acikladi\/","title":{"rendered":"Uzak \u015eehir dizisi ekibi sezon finali yeme\u011finde bir araya geldi! Sinem \u00dcnsal ve Ozan Akbaba ekibin en\u2019lerini a\u00e7\u0131klad\u0131!"},"content":{"rendered":"<p>Kanal D\u2019nin reyting rekorlar\u0131 k\u0131ran yap\u0131m\u0131 Uzak \u015eehir dizisinin sezon finaline dakikalar kald\u0131. 2 Haziran 2025 Pazartesi ak\u015fam\u0131 ekranlara k\u0131sa bir mola verecek olan Uzak \u015eehir dizisi oyuncular\u0131 sezon finali yeme\u011finde bir araya geldi. Ba\u015frollerinde Sinem \u00dcnsal ve Ozan Akbaba\u2019n\u0131n yer ald\u0131\u011f\u0131 yap\u0131m Uzak \u015eehir ekibi \u00f6nce yemek yiyecekler sonras\u0131nda ise sezon finali b\u00f6l\u00fcm\u00fcn\u00fc hep beraber izleyecekler.<\/p>\n<h3>UZAK \u015eEH\u0130R D\u0130Z\u0130S\u0130 SEZON F\u0130NAL\u0130 YEME\u011e\u0130NDE<\/h3>\n<p>Ay yap\u0131m \u015firketinin \u00fcstlendi\u011fi Uzak \u015eehir, Mardin\u2019de f\u0131rt\u0131nalar estiriyorlar. Ba\u015frollerinde Ozan Akbaba ve Sinem \u00dcnsal\u2019\u0131n yer ald\u0131\u011f\u0131 Uzak \u015eehir dizisi yay\u0131nland\u0131\u011f\u0131 ilk g\u00fcnden itibaren reyting rekorlar\u0131 k\u0131rmaya devam ediyor. Hem Kanal D ekranlar\u0131nda hem de resmi Youtube sayfas\u0131nda \u00f6nemli izlenme oranlar\u0131na imza att\u0131. Y\u00f6netmenli\u011fini Ahmet Kat\u0131ks\u0131z, Emre Aybek ve Y\u0131ld\u0131z A\u015fanbo\u011fa&#8217;n\u0131n \u00fcstlendi\u011fi yap\u0131m Uzak \u015eehir 28 b\u00f6l\u00fcm sezon finali ile ekranlara k\u0131sa bir mola verecek.<\/p>\n<p><img loading=\"lazy\" decoding=\"async\" class=\"alignnone wp-image-185953\" src=\"https:\/\/www.tgrthaber.com\/mavikadin\/wp-content\/uploads\/uzak-sehir-szon-finali-yemegi-300x169.jpg\" alt=\"\" width=\"1208\" height=\"680\" title=\"\" srcset=\"https:\/\/www.tgrthaber.com\/mavikadin\/wp-content\/uploads\/uzak-sehir-szon-finali-yemegi-300x169.jpg 300w, https:\/\/www.tgrthaber.com\/mavikadin\/wp-content\/uploads\/uzak-sehir-szon-finali-yemegi-1024x576.jpg 1024w, https:\/\/www.tgrthaber.com\/mavikadin\/wp-content\/uploads\/uzak-sehir-szon-finali-yemegi-768x432.jpg 768w, https:\/\/www.tgrthaber.com\/mavikadin\/wp-content\/uploads\/uzak-sehir-szon-finali-yemegi-1536x864.jpg 1536w, https:\/\/www.tgrthaber.com\/mavikadin\/wp-content\/uploads\/uzak-sehir-szon-finali-yemegi.jpg 1920w\" sizes=\"(max-width: 1208px) 100vw, 1208px\" \/><\/p>\n<hr \/>\n<p>Uzak \u015eehir dizisi oyuncular\u0131 sezon finali b\u00f6l\u00fcm\u00fc \u00f6ncesi t\u00fcm ekip bir mekanda yemek i\u00e7in topland\u0131. Sinem \u00dcnsal, Ozan Akbaba, Kuzey Gezer, Gonca Cilasun, Atakan \u00d6zkaya, Sahra \u015ea\u015f, M\u00fcfit Kayacan, \u0130lkay Kayku Atalay, Alper \u00c7ankaya ve Dilin D\u00f6\u011fer gibi dizinin ana karakterleri sezon finali yeme\u011fi \u00f6ncesi kameralar\u0131n kar\u015f\u0131s\u0131na ge\u00e7ti. Gazetecilerin sorular\u0131n\u0131 cevaplayan Uzak \u015eehir dizi oyuncular\u0131n\u0131n cevaplar\u0131 e\u011flenceli anlar ya\u015fatt\u0131.<\/p>\n<p><img loading=\"lazy\" decoding=\"async\" class=\"alignnone wp-image-185954\" src=\"https:\/\/www.tgrthaber.com\/mavikadin\/wp-content\/uploads\/uzak-sehir-ekibi-sezon-finali-yemegi-300x169.jpg\" alt=\"\" width=\"1208\" height=\"680\" title=\"\" srcset=\"https:\/\/www.tgrthaber.com\/mavikadin\/wp-content\/uploads\/uzak-sehir-ekibi-sezon-finali-yemegi-300x169.jpg 300w, https:\/\/www.tgrthaber.com\/mavikadin\/wp-content\/uploads\/uzak-sehir-ekibi-sezon-finali-yemegi-1024x576.jpg 1024w, https:\/\/www.tgrthaber.com\/mavikadin\/wp-content\/uploads\/uzak-sehir-ekibi-sezon-finali-yemegi-768x432.jpg 768w, https:\/\/www.tgrthaber.com\/mavikadin\/wp-content\/uploads\/uzak-sehir-ekibi-sezon-finali-yemegi-1536x864.jpg 1536w, https:\/\/www.tgrthaber.com\/mavikadin\/wp-content\/uploads\/uzak-sehir-ekibi-sezon-finali-yemegi.jpg 1920w\" sizes=\"(max-width: 1208px) 100vw, 1208px\" \/><\/p>\n<hr \/>\n<h3>S\u0130NEM \u00dcNSAL VE OZAN AKBABA UZAK \u015eEH\u0130R D\u0130Z\u0130S\u0130N\u0130N EN\u2019LER\u0130N\u0130 A\u00c7IKLADI<\/h3>\n<p>Uzak \u015eehir dizisinin en \u00f6nemli iki karakterini oynayan (Alya) Sinem \u00dcnsal ve (Cihan) Ozan Akbaba, objektiflerin kar\u015f\u0131s\u0131na birlikte ge\u00e7tiler. Uzak \u015eehir dizisini sevenler ve olumlu \u2013 olumsuz ele\u015ftiri yapanlara te\u015fekk\u00fcrlerini dile getiren Sinem \u00dcnsal ve Ozan Akbaba, dizilerinden ilham alan ki\u015filerin oldu\u011funu \u00f6\u011frenince \u201c Ne g\u00fczel ilham olmak olmak \u00e7ok g\u00fczel. Herkesin yolu a\u00e7\u0131k olsun. Herkes \u00e7ok g\u00fczel i\u015fler \u00e7\u0131kars\u0131n ki insanlar izlesin\u201d diyerek a\u00e7\u0131klad\u0131.<\/p>\n<p><img loading=\"lazy\" decoding=\"async\" class=\"alignnone wp-image-185955\" src=\"https:\/\/www.tgrthaber.com\/mavikadin\/wp-content\/uploads\/uzak-sehir-dizisinin-enleri-300x169.jpg\" alt=\"\" width=\"1208\" height=\"680\" title=\"\" srcset=\"https:\/\/www.tgrthaber.com\/mavikadin\/wp-content\/uploads\/uzak-sehir-dizisinin-enleri-300x169.jpg 300w, https:\/\/www.tgrthaber.com\/mavikadin\/wp-content\/uploads\/uzak-sehir-dizisinin-enleri-1024x576.jpg 1024w, https:\/\/www.tgrthaber.com\/mavikadin\/wp-content\/uploads\/uzak-sehir-dizisinin-enleri-768x432.jpg 768w, https:\/\/www.tgrthaber.com\/mavikadin\/wp-content\/uploads\/uzak-sehir-dizisinin-enleri-1536x864.jpg 1536w, https:\/\/www.tgrthaber.com\/mavikadin\/wp-content\/uploads\/uzak-sehir-dizisinin-enleri.jpg 1920w\" sizes=\"(max-width: 1208px) 100vw, 1208px\" \/><\/p>\n<hr \/>\n<p>Gazetecilerin Uzak \u015eehir dizi hakk\u0131nda sorduklar\u0131 sorulara samimi cevaplar veren Sinem \u00dcnsal ve Ozan Akbaba verdikleri r\u00f6portajda Uzak \u015eehir dizisinin en\u2019lerini de a\u00e7\u0131klad\u0131lar.<\/p>\n<p><strong>Uzak \u015eehir dizisinin en\u2019leri:<\/strong><\/p>\n<ul>\n<li>Dizinin en yak\u0131\u015f\u0131kl\u0131s\u0131 \u2013 Atakan \u00d6zkaya<\/li>\n<li>Setin en g\u00fczeli \u00a0&#8211; Sahra \u015ea\u015f<\/li>\n<li>Setin en komi\u011fi \u2013 Uzak \u015eehir ekibinin hepsi<\/li>\n<\/ul>\n","protected":false},"excerpt":{"rendered":"<p>Kanal D ekranlar\u0131nda fenomen olan Uzak \u015eehir dizisi 2 Haziran 2025 Pazartesi ak\u015fam\u0131 sezon finali b\u00f6l\u00fcm\u00fc ile ekranlara gelecek. Uzak \u015eehir dizi oyuncular\u0131 ve set ekibi sezon finali yeme\u011finde bir araya geldi. <\/p>\n","protected":false},"author":10,"featured_media":185956,"comment_status":"closed","ping_status":"closed","sticky":false,"template":"","format":"standard","meta":{"rank_math_lock_modified_date":false,"footnotes":""},"categories":[76],"tags":[133,2218,23510,23509],"class_list":["post-185952","post","type-post","status-publish","format-standard","has-post-thumbnail","hentry","category-magazin","tag-magazin","tag-magazin-haberleri","tag-uzak-sehir-enleri","tag-uzak-sehir-sezon-finali-yemegi"],"_links":{"self":[{"href":"https:\/\/www.tgrthaber.com\/mavikadin\/wp-json\/wp\/v2\/posts\/185952"}],"collection":[{"href":"https:\/\/www.tgrthaber.com\/mavikadin\/wp-json\/wp\/v2\/posts"}],"about":[{"href":"https:\/\/www.tgrthaber.com\/mavikadin\/wp-json\/wp\/v2\/types\/post"}],"author":[{"embeddable":true,"href":"https:\/\/www.tgrthaber.com\/mavikadin\/wp-json\/wp\/v2\/users\/10"}],"replies":[{"embeddable":true,"href":"https:\/\/www.tgrthaber.com\/mavikadin\/wp-json\/wp\/v2\/comments?post=185952"}],"version-history":[{"count":1,"href":"https:\/\/www.tgrthaber.com\/mavikadin\/wp-json\/wp\/v2\/posts\/185952\/revisions"}],"predecessor-version":[{"id":185957,"href":"https:\/\/www.tgrthaber.com\/mavikadin\/wp-json\/wp\/v2\/posts\/185952\/revisions\/185957"}],"wp:featuredmedia":[{"embeddable":true,"href":"https:\/\/www.tgrthaber.com\/mavikadin\/wp-json\/wp\/v2\/media\/185956"}],"wp:attachment":[{"href":"https:\/\/www.tgrthaber.com\/mavikadin\/wp-json\/wp\/v2\/media?parent=185952"}],"wp:term":[{"taxonomy":"category","embeddable":true,"href":"https:\/\/www.tgrthaber.com\/mavikadin\/wp-json\/wp\/v2\/categories?post=185952"},{"taxonomy":"post_tag","embeddable":true,"href":"https:\/\/www.tgrthaber.com\/mavikadin\/wp-json\/wp\/v2\/tags?post=185952"}],"curies":[{"name":"wp","href":"https:\/\/api.w.org\/{rel}","templated":true}]}}