{"id":185959,"date":"2025-06-02T00:17:36","date_gmt":"2025-06-01T21:17:36","guid":{"rendered":"https:\/\/www.tgrthaber.com\/mavikadin\/?p=185959"},"modified":"2025-06-02T00:17:36","modified_gmt":"2025-06-01T21:17:36","slug":"kizilcik-serbeti-dizisinin-firazi-kimdir-batuhan-bozkurt-yuzgulec-kac-yasinda-evli-mi","status":"publish","type":"post","link":"https:\/\/www.tgrthaber.com\/mavikadin\/kizilcik-serbeti-dizisinin-firazi-kimdir-batuhan-bozkurt-yuzgulec-kac-yasinda-evli-mi\/","title":{"rendered":"K\u0131z\u0131lc\u0131k \u015eerbeti dizisinin Firaz&#8217;\u0131 kimdir? Batuhan Bozkurt Y\u00fczg\u00fcle\u00e7 ka\u00e7 ya\u015f\u0131nda evli mi?"},"content":{"rendered":"<p>SHOW TV\u2019nin ilgiyle izlenen dizisi K\u0131z\u0131lc\u0131k \u015eerbeti\u2019nde dikkatleri \u00fczerine \u00e7eken karakterlerden biri olan Firaz, hem hikayeye katt\u0131\u011f\u0131 enerjiyle hem de oyunculuk performans\u0131yla \u00f6ne \u00e7\u0131k\u0131yor. Bu karakteri oynayan Batuhan Bozkurt Y\u00fczg\u00fcle\u00e7 ise son d\u00f6nemde ekranlar\u0131n en \u00e7ok konu\u015fulan gen\u00e7 yeteneklerinden biri. Peki, ekran \u00f6n\u00fcnde sempatik ve enerjik haliyle bilinen K\u0131z\u0131lc\u0131k \u015eerbeti&#8217;nin Firaz&#8217;\u0131 kimdir? Batuhan Bozkurt Y\u00fczg\u00fcle\u00e7 ka\u00e7 ya\u015f\u0131nda, aslen nereli? Evli mi? \u0130\u015fte merak edilen detaylar&#8230;<\/p>\n<h3>KIZILCIK \u015eERBET\u0130&#8217;N\u0130N F\u0130RAZI BATUHAN BOZKURT Y\u00dcZG\u00dcLE\u00c7 K\u0130MD\u0130R?<\/h3>\n<p>Batuhan Bozkurt Y\u00fczg\u00fcle\u00e7, 1995 y\u0131l\u0131nda \u0130stanbul\u2019da do\u011fdu. Oyunculu\u011fa olan ilgisi \u00e7ocuk ya\u015flarda ba\u015flayan Y\u00fczg\u00fcle\u00e7, bu alandaki yetene\u011fini profesyonel bir e\u011fitimle peki\u015ftirdi.<\/p>\n<p><img loading=\"lazy\" decoding=\"async\" class=\"alignnone wp-image-185960\" src=\"https:\/\/www.tgrthaber.com\/mavikadin\/wp-content\/uploads\/Kizilcik-Serbeti-dizisinin-Firazi-kimdir-KAC-YASINDA-300x170.webp\" alt=\"\" width=\"1208\" height=\"686\" title=\"\" srcset=\"https:\/\/www.tgrthaber.com\/mavikadin\/wp-content\/uploads\/Kizilcik-Serbeti-dizisinin-Firazi-kimdir-KAC-YASINDA-300x170.webp 300w, https:\/\/www.tgrthaber.com\/mavikadin\/wp-content\/uploads\/Kizilcik-Serbeti-dizisinin-Firazi-kimdir-KAC-YASINDA-1024x581.webp 1024w, https:\/\/www.tgrthaber.com\/mavikadin\/wp-content\/uploads\/Kizilcik-Serbeti-dizisinin-Firazi-kimdir-KAC-YASINDA-768x436.webp 768w, https:\/\/www.tgrthaber.com\/mavikadin\/wp-content\/uploads\/Kizilcik-Serbeti-dizisinin-Firazi-kimdir-KAC-YASINDA.webp 1080w\" sizes=\"(max-width: 1208px) 100vw, 1208px\" \/><\/p>\n<hr \/>\n<p>T\u00fcrkiye\u2019nin en k\u00f6kl\u00fc sanat kurumlar\u0131ndan biri olan Mimar Sinan G\u00fczel Sanatlar \u00dcniversitesi Tiyatro B\u00f6l\u00fcm\u00fc\u2019nden mezun olarak oyunculuk yolculu\u011funa sa\u011flam bir ad\u0131m att\u0131.<\/p>\n<h3>\u00dc\u00c7 \u0130SM\u0130 VAR AMA B\u0130R\u0130N\u0130 G\u0130ZL\u0130YOR<\/h3>\n<p>Batuhan Bozkurt Y\u00fczg\u00fcle\u00e7, ad\u0131n\u0131n asl\u0131nda \u00fc\u00e7 par\u00e7adan olu\u015ftu\u011funu ancak bir tanesini kendine saklad\u0131\u011f\u0131n\u0131 belirtti.<\/p>\n<p><img loading=\"lazy\" decoding=\"async\" class=\"alignnone wp-image-185961\" src=\"https:\/\/www.tgrthaber.com\/mavikadin\/wp-content\/uploads\/683c07ba0240c6da461b1db0-300x201.webp\" alt=\"\" width=\"1208\" height=\"808\" title=\"\" srcset=\"https:\/\/www.tgrthaber.com\/mavikadin\/wp-content\/uploads\/683c07ba0240c6da461b1db0-300x201.webp 300w, https:\/\/www.tgrthaber.com\/mavikadin\/wp-content\/uploads\/683c07ba0240c6da461b1db0-768x514.webp 768w, https:\/\/www.tgrthaber.com\/mavikadin\/wp-content\/uploads\/683c07ba0240c6da461b1db0.webp 830w\" sizes=\"(max-width: 1208px) 100vw, 1208px\" \/><\/p>\n<hr \/>\n<p>Mahalle arkada\u015flar\u0131 ve ailesi taraf\u0131ndan farkl\u0131 \u015fekilde \u00e7a\u011fr\u0131ld\u0131\u011f\u0131n\u0131 s\u00f6yleyen oyuncu, ne\u015feli ki\u015fili\u011fini \u015fu s\u00f6zlerle ifade etti: \u201cG\u00fclmeyi, e\u011flenmeyi seviyorum. \u0130nsanlarla ileti\u015fimde enerjik olmay\u0131 \u00f6nemsiyorum.\u201d<\/p>\n<h3>BATUHAN BOZKURT Y\u00dcZG\u00dcLE\u00c7 KA\u00c7 YA\u015eINDA ASLEN NEREL\u0130?<\/h3>\n<p>1995 do\u011fumlu olan Batuhan Bozkurt Y\u00fczg\u00fcle\u00e7\u2019in do\u011fum tarihi tam olarak bilinmese de, do\u011fum y\u0131l\u0131 olarak 1995 net \u015fekilde biliniyor. Van\u2019da d\u00fcnyaya gelen oyuncu, hen\u00fcz bebekken ailesiyle birlikte \u0130stanbul\u2019a ta\u015f\u0131nm\u0131\u015f. Annesinin yaln\u0131zca do\u011fdu\u011fu saatle ilgili bir tahmini oldu\u011funu belirten Y\u00fczg\u00fcle\u00e7, evde d\u00fcnyaya geldi\u011fini ifade etti.<\/p>\n<p><img loading=\"lazy\" decoding=\"async\" class=\"alignnone wp-image-185962\" src=\"https:\/\/www.tgrthaber.com\/mavikadin\/wp-content\/uploads\/Kizilcik-Serbeti-dizisinin-Firazi-kimdir-NERELI-300x208.webp\" alt=\"\" width=\"1208\" height=\"837\" title=\"\" srcset=\"https:\/\/www.tgrthaber.com\/mavikadin\/wp-content\/uploads\/Kizilcik-Serbeti-dizisinin-Firazi-kimdir-NERELI-300x208.webp 300w, https:\/\/www.tgrthaber.com\/mavikadin\/wp-content\/uploads\/Kizilcik-Serbeti-dizisinin-Firazi-kimdir-NERELI-768x532.webp 768w, https:\/\/www.tgrthaber.com\/mavikadin\/wp-content\/uploads\/Kizilcik-Serbeti-dizisinin-Firazi-kimdir-NERELI.webp 801w\" sizes=\"(max-width: 1208px) 100vw, 1208px\" \/><\/p>\n<hr \/>\n<p>Ailesi hakk\u0131nda da samimi a\u00e7\u0131klamalarda bulunan oyuncu, \u201cBabam kaportac\u0131l\u0131kla u\u011fra\u015f\u0131yordu, yeni b\u0131rakt\u0131rd\u0131k. Annem ev han\u0131m\u0131. Bir de benden iki ya\u015f b\u00fcy\u00fck ablam var, \u015fu an Amerika\u2019da ya\u015f\u0131yor.\u201d diyerek ki\u015fisel hayat\u0131na dair i\u00e7ten detaylar da verdi.<\/p>\n<h3>\u00dcMRAN\u0130YE\u2019DE B\u00dcY\u00dcD\u00dc MAHALLE K\u00dcLT\u00dcR\u00dcN\u00dc BEN\u0130MSED\u0130<\/h3>\n<p>\u0130stanbul\u2019a geldiklerinden beri \u00dcmraniye\u2019de ya\u015fayan Batuhan Bozkurt Y\u00fczg\u00fcle\u00e7, mahalle hayat\u0131n\u0131n kendisinde b\u0131rakt\u0131\u011f\u0131 izleri ise \u015fu \u015fekilde anlatt\u0131:<\/p>\n<p>\u201c1 ya\u015f\u0131mdan beri \u00dcmraniye\u2019deyim. Mahallede b\u00fcy\u00fcd\u00fcm, \u00e7evrem orada. O sokak k\u00fclt\u00fcr\u00fc bana \u00e7ok \u015fey katt\u0131. Bu serserilik de\u011fil, tam tersi\u2026 Mahallede herkes birbirini bilirdi, sayg\u0131 vard\u0131, aidiyet vard\u0131.\u201d<\/p>\n<p><img loading=\"lazy\" decoding=\"async\" class=\"alignnone wp-image-185963\" src=\"https:\/\/www.tgrthaber.com\/mavikadin\/wp-content\/uploads\/5365-kizilcik-serbetinin-firazi-batuhan-bozkurt-yuzgulec-kimdir-kac-yasinda-nereli-300x169.webp\" alt=\"\" width=\"1208\" height=\"680\" title=\"\" srcset=\"https:\/\/www.tgrthaber.com\/mavikadin\/wp-content\/uploads\/5365-kizilcik-serbetinin-firazi-batuhan-bozkurt-yuzgulec-kimdir-kac-yasinda-nereli-300x169.webp 300w, https:\/\/www.tgrthaber.com\/mavikadin\/wp-content\/uploads\/5365-kizilcik-serbetinin-firazi-batuhan-bozkurt-yuzgulec-kimdir-kac-yasinda-nereli-1024x576.webp 1024w, https:\/\/www.tgrthaber.com\/mavikadin\/wp-content\/uploads\/5365-kizilcik-serbetinin-firazi-batuhan-bozkurt-yuzgulec-kimdir-kac-yasinda-nereli-768x432.webp 768w, https:\/\/www.tgrthaber.com\/mavikadin\/wp-content\/uploads\/5365-kizilcik-serbetinin-firazi-batuhan-bozkurt-yuzgulec-kimdir-kac-yasinda-nereli.webp 1280w\" sizes=\"(max-width: 1208px) 100vw, 1208px\" \/><\/p>\n<hr \/>\n<h3>BATUHAN BOZKURT Y\u00dcZG\u00dcLE\u00c7 HANG\u0130 D\u0130Z\u0130LERDE OYNADI?<\/h3>\n<p>Kariyerine tiyatro sahnelerinde ba\u015flayan oyuncu, k\u0131sa s\u00fcrede televizyon projelerinde de kendine yer buldu. \u0130lk kez geni\u015f kitlelerce tan\u0131nmas\u0131n\u0131 sa\u011flayan rol, K\u0131z\u0131l Goncalar dizisindeki Affan karakteri oldu. Buradaki performans\u0131 sayesinde sekt\u00f6r\u00fcn dikkatini \u00e7ekmeyi ba\u015fard\u0131.<\/p>\n<p>Ard\u0131ndan 2018 y\u0131l\u0131nda Bizim Hikaye dizisinde kamera kar\u015f\u0131s\u0131na ge\u00e7ti. 2019&#8217;da ise \u00c7ukur dizisinde rol alarak pop\u00fclerli\u011fini art\u0131rd\u0131.<\/p>\n<h3><img loading=\"lazy\" decoding=\"async\" class=\"alignnone wp-image-185964\" src=\"https:\/\/www.tgrthaber.com\/mavikadin\/wp-content\/uploads\/Kizilcik-Serbetinin-Firazi-kimdir-300x169.webp\" alt=\"\" width=\"1208\" height=\"680\" title=\"\" srcset=\"https:\/\/www.tgrthaber.com\/mavikadin\/wp-content\/uploads\/Kizilcik-Serbetinin-Firazi-kimdir-300x169.webp 300w, https:\/\/www.tgrthaber.com\/mavikadin\/wp-content\/uploads\/Kizilcik-Serbetinin-Firazi-kimdir-1024x576.webp 1024w, https:\/\/www.tgrthaber.com\/mavikadin\/wp-content\/uploads\/Kizilcik-Serbetinin-Firazi-kimdir-768x432.webp 768w, https:\/\/www.tgrthaber.com\/mavikadin\/wp-content\/uploads\/Kizilcik-Serbetinin-Firazi-kimdir.webp 1280w\" sizes=\"(max-width: 1208px) 100vw, 1208px\" \/><\/h3>\n<hr \/>\n<h3>BATUHAN BOZKURT Y\u00dcZG\u00dcLE\u00c7 EVL\u0130 M\u0130 SEVG\u0130L\u0130S\u0130 VAR MI?<\/h3>\n<p>Ba\u015far\u0131l\u0131 oyuncu, mesle\u011fine odaklanm\u0131\u015f bir kariyer \u00e7izgisi izliyor. Bas\u0131nda s\u0131k s\u0131k \u00f6zel hayat\u0131yla yer almayan Y\u00fczg\u00fcle\u00e7, ki\u015fisel ya\u015fam\u0131n\u0131 geri planda tutmay\u0131 tercih ediyor. Evli olmad\u0131\u011f\u0131 bilinen oyuncu, verdi\u011fi r\u00f6portajlarda en b\u00fcy\u00fck tutkusunun oyunculuk oldu\u011funu vurguluyor.<\/p>\n<p><img loading=\"lazy\" decoding=\"async\" class=\"alignnone wp-image-185965\" src=\"https:\/\/www.tgrthaber.com\/mavikadin\/wp-content\/uploads\/kapak_131419-300x178.webp\" alt=\"\" width=\"1208\" height=\"715\" title=\"\" srcset=\"https:\/\/www.tgrthaber.com\/mavikadin\/wp-content\/uploads\/kapak_131419-300x178.webp 300w, https:\/\/www.tgrthaber.com\/mavikadin\/wp-content\/uploads\/kapak_131419.webp 760w\" sizes=\"(max-width: 1208px) 100vw, 1208px\" \/><\/p>\n<hr \/>\n<h3>KIZILCIK \u015eERBET\u0130&#8217;NDE F\u0130RAZ ROL\u00dcNDE<\/h3>\n<p>K\u0131z\u0131lc\u0131k \u015eerbeti\u2019ne yeni dahil olan Firaz karakteri, dizinin ana hikayesine heyecan getirmi\u015f durumda. Asude\u2019nin o\u011flu olarak izleyici kar\u015f\u0131s\u0131na \u00e7\u0131kan Firaz, Nursema\u2019n\u0131n partneri rol\u00fcyle k\u0131sa s\u00fcrede dikkatleri \u00fczerine toplad\u0131. Gen\u00e7 ya\u015f\u0131na ra\u011fmen kararl\u0131 duru\u015fu ve duygusal y\u00f6n\u00fcyle dizideki olaylar\u0131n seyrini etkileyen bir fig\u00fcr haline geldi. Batuhan Bozkurt Y\u00fczg\u00fcle\u00e7\u2019in bu rolle sergiledi\u011fi performans, sosyal medyada da s\u0131k\u00e7a konu\u015fuluyor.<\/p>\n<p>Batuhan Bozkurt Y\u00fczg\u00fcle\u00e7, sadece televizyon projeleriyle de\u011fil, ayn\u0131 zamanda sinema d\u00fcnyas\u0131nda da ad\u0131ndan s\u00f6z ettirmi\u015f bir isim. Daha \u00f6nce Erkan Kol\u00e7ak K\u00f6stendil\u2019in y\u00f6netmenli\u011fini yapt\u0131\u011f\u0131 Suma filminde rol ald\u0131. Bu projede sergiledi\u011fi oyunculukla \u00f6d\u00fcllere de lay\u0131k g\u00f6r\u00fcld\u00fc.<\/p>\n<p><img loading=\"lazy\" decoding=\"async\" class=\"alignnone wp-image-185966\" src=\"https:\/\/www.tgrthaber.com\/mavikadin\/wp-content\/uploads\/images-4-5.jpeg\" alt=\"\" width=\"1208\" height=\"676\" title=\"\"><\/p>\n<hr \/>\n<p>Batuhan Bozkurt Y\u00fczg\u00fcle\u00e7 hem sahne hem ekran tecr\u00fcbesiyle ad\u0131n\u0131 duyurmaya devam eden gen\u00e7 bir yetenek. K\u0131z\u0131lc\u0131k \u015eerbeti dizisinde oynad\u0131\u011f\u0131 Firaz karakteriyle kariyerinde yeni bir sayfa a\u00e7an oyuncu, \u015fimdiden izleyicinin takibini kazand\u0131 bile.<\/p>\n","protected":false},"excerpt":{"rendered":"<p>SHOW TV\u2019nin sevilen dizisi K\u0131z\u0131lc\u0131k \u015eerbeti, kadrosuna katt\u0131\u011f\u0131 yeni karakterlerle ad\u0131ndan s\u0131k\u00e7a s\u00f6z ettiriyor. Son b\u00f6l\u00fcmlerde izleyici kar\u015f\u0131s\u0131na \u00e7\u0131kan Firaz karakteri, \u00f6zellikle Nursema ile ya\u015fad\u0131\u011f\u0131 sahnelerle dikkat \u00e7ekiyor. Peki, Firaz&#8217;a hayat veren Batuhan Bozkurt Y\u00fczg\u00fcle\u00e7 kimdir? Oyuncunun ya\u015f\u0131, e\u011fitimi ve \u00f6zel hayat\u0131yla ilgili merak edilenleri derledik&#8230;<\/p>\n","protected":false},"author":35,"featured_media":185967,"comment_status":"closed","ping_status":"closed","sticky":false,"template":"","format":"standard","meta":{"rank_math_lock_modified_date":false,"footnotes":""},"categories":[491],"tags":[23512,10264,3374,23513,23511],"class_list":["post-185959","post","type-post","status-publish","format-standard","has-post-thumbnail","hentry","category-biyografi","tag-batuhan-bozkurt-kac-yasinda","tag-batuhan-bozkurt-yuzgulec","tag-biyografi","tag-kizil-goncalar-affan","tag-kizilicik-serbeti-firaz"],"_links":{"self":[{"href":"https:\/\/www.tgrthaber.com\/mavikadin\/wp-json\/wp\/v2\/posts\/185959"}],"collection":[{"href":"https:\/\/www.tgrthaber.com\/mavikadin\/wp-json\/wp\/v2\/posts"}],"about":[{"href":"https:\/\/www.tgrthaber.com\/mavikadin\/wp-json\/wp\/v2\/types\/post"}],"author":[{"embeddable":true,"href":"https:\/\/www.tgrthaber.com\/mavikadin\/wp-json\/wp\/v2\/users\/35"}],"replies":[{"embeddable":true,"href":"https:\/\/www.tgrthaber.com\/mavikadin\/wp-json\/wp\/v2\/comments?post=185959"}],"version-history":[{"count":1,"href":"https:\/\/www.tgrthaber.com\/mavikadin\/wp-json\/wp\/v2\/posts\/185959\/revisions"}],"predecessor-version":[{"id":185968,"href":"https:\/\/www.tgrthaber.com\/mavikadin\/wp-json\/wp\/v2\/posts\/185959\/revisions\/185968"}],"wp:featuredmedia":[{"embeddable":true,"href":"https:\/\/www.tgrthaber.com\/mavikadin\/wp-json\/wp\/v2\/media\/185967"}],"wp:attachment":[{"href":"https:\/\/www.tgrthaber.com\/mavikadin\/wp-json\/wp\/v2\/media?parent=185959"}],"wp:term":[{"taxonomy":"category","embeddable":true,"href":"https:\/\/www.tgrthaber.com\/mavikadin\/wp-json\/wp\/v2\/categories?post=185959"},{"taxonomy":"post_tag","embeddable":true,"href":"https:\/\/www.tgrthaber.com\/mavikadin\/wp-json\/wp\/v2\/tags?post=185959"}],"curies":[{"name":"wp","href":"https:\/\/api.w.org\/{rel}","templated":true}]}}