{"id":185969,"date":"2025-06-02T01:15:44","date_gmt":"2025-06-01T22:15:44","guid":{"rendered":"https:\/\/www.tgrthaber.com\/mavikadin\/?p=185969"},"modified":"2025-06-02T01:21:23","modified_gmt":"2025-06-01T22:21:23","slug":"uzak-sehir-dizisinin-zerrini-ve-kayasi-sezon-finali-yemeginde-konustu-dilin-doger-isminin-anlamini-ilk-kez-paylasti","status":"publish","type":"post","link":"https:\/\/www.tgrthaber.com\/mavikadin\/uzak-sehir-dizisinin-zerrini-ve-kayasi-sezon-finali-yemeginde-konustu-dilin-doger-isminin-anlamini-ilk-kez-paylasti\/","title":{"rendered":"Uzak \u015eehir dizisinin Zerrin\u2019i ve Kaya\u2019s\u0131 sezon finali yeme\u011finde konu\u015ftu! Dilin D\u00f6\u011fer isminin anlam\u0131n\u0131 ilk kez payla\u015ft\u0131"},"content":{"rendered":"<p>Uzak \u015eehir dizisinin sevilen oyuncular\u0131, sezon finalinden \u00f6nce anlaml\u0131 bir veda gecesinde bir araya geldi. Duygular\u0131n \u00f6ne \u00e7\u0131kt\u0131\u011f\u0131 ak\u015famda ba\u015frol oyuncular\u0131 Atakan \u00d6zkaya ve Dilin D\u00f6\u011fer, samimi a\u00e7\u0131klamalar\u0131yla dikkat \u00e7ekti. Final heyecan\u0131n\u0131n ya\u015fand\u0131\u011f\u0131 bu \u00f6zel bulu\u015fmada hem diziye hem de birlikte ge\u00e7irdikleri 8 ayl\u0131k yo\u011fun \u00e7al\u0131\u015fmaya dair \u00e7arp\u0131c\u0131 ifadeler kullan\u0131ld\u0131. \u0130\u015fte Uzak \u015eehir sezon finali yeme\u011finde Atakan \u00d6zkaya ve Dilin D\u00f6\u011fer&#8217;den dikkat \u00e7eken a\u00e7\u0131klamalar&#8230;<\/p>\n<h3>MARD\u0130N VE UZAK \u015eEH\u0130R\u2019\u0130 TEK C\u00dcMLEYLE ANLATTILAR<\/h3>\n<p>Gecede en dikkat \u00e7eken anlardan biri de Atakan \u00d6zkaya ve Dilin D\u00f6\u011fer\u2019in Mardin ve Uzak \u015eehir dizisiyle ilgili duygu dolu ifadeleri oldu. Kendilerine y\u00f6neltilen &#8220;Bu projeyi ve Mardin\u2019i tek c\u00fcmleyle nas\u0131l anlat\u0131rs\u0131n\u0131z?&#8221; sorusuna ilk olarak cevap veren Dilin D\u00f6\u011fer, \u201cSamimiyet, \u00e7ok fazla emek ve uzakl\u0131k hissi\u201d diyerek projenin ruhunu \u00f6zetledi.<\/p>\n<p><img loading=\"lazy\" decoding=\"async\" class=\"alignnone wp-image-185970\" src=\"https:\/\/www.tgrthaber.com\/mavikadin\/wp-content\/uploads\/uzak-sehir-zerrin-300x173.webp\" alt=\"\" width=\"1208\" height=\"697\" title=\"\" srcset=\"https:\/\/www.tgrthaber.com\/mavikadin\/wp-content\/uploads\/uzak-sehir-zerrin-300x173.webp 300w, https:\/\/www.tgrthaber.com\/mavikadin\/wp-content\/uploads\/uzak-sehir-zerrin-1024x591.webp 1024w, https:\/\/www.tgrthaber.com\/mavikadin\/wp-content\/uploads\/uzak-sehir-zerrin-768x443.webp 768w, https:\/\/www.tgrthaber.com\/mavikadin\/wp-content\/uploads\/uzak-sehir-zerrin.webp 1200w\" sizes=\"(max-width: 1208px) 100vw, 1208px\" \/><\/p>\n<hr \/>\n<p>Atakan \u00d6zkaya ise Mardin&#8217;de ge\u00e7irilen aylar\u0131 \u201cZorlu ama sonunda g\u00fczelli\u011fe ula\u015fan bir yolculuktu\u201d \u015feklinde tarif etti. Oyuncular, \u00f6zellikle Midyat\u2019ta ge\u00e7en yo\u011fun \u00e7al\u0131\u015fma s\u00fcrecinin hem fiziksel hem de duygusal anlamda yorucu oldu\u011funu ancak ekip ruhu ve hikayeye olan ba\u011fl\u0131l\u0131k sayesinde her \u015feyin \u00fcstesinden geldiklerini vurgulad\u0131.<\/p>\n<p><img loading=\"lazy\" decoding=\"async\" class=\"alignnone wp-image-185971\" src=\"https:\/\/www.tgrthaber.com\/mavikadin\/wp-content\/uploads\/uzak-sehir-kaya-gqqw_cover-300x169.webp\" alt=\"\" width=\"1208\" height=\"680\" title=\"\" srcset=\"https:\/\/www.tgrthaber.com\/mavikadin\/wp-content\/uploads\/uzak-sehir-kaya-gqqw_cover-300x169.webp 300w, https:\/\/www.tgrthaber.com\/mavikadin\/wp-content\/uploads\/uzak-sehir-kaya-gqqw_cover-1024x576.webp 1024w, https:\/\/www.tgrthaber.com\/mavikadin\/wp-content\/uploads\/uzak-sehir-kaya-gqqw_cover-768x432.webp 768w, https:\/\/www.tgrthaber.com\/mavikadin\/wp-content\/uploads\/uzak-sehir-kaya-gqqw_cover.webp 1280w\" sizes=\"(max-width: 1208px) 100vw, 1208px\" \/><\/p>\n<hr \/>\n<h3>UZAK \u015eEH\u0130R BA\u015eARISINI BAKIN NASIL ANLATTILAR<\/h3>\n<p>Ba\u015far\u0131lar\u0131n\u0131n s\u0131rr\u0131 soruldu\u011funda Dilin D\u00f6\u011fer, projede yer alan herkesin i\u015fine duydu\u011fu sayg\u0131ya dikkat \u00e7ekti. \u201cBu i\u015fte sadece yetenek de\u011fil, b\u00fcy\u00fck bir emek ve birlikte \u00e7al\u0131\u015fma ruhu vard\u0131. Herkes elini ta\u015f\u0131n alt\u0131na koydu\u201d dedi. D\u00f6\u011fer, diziye olan ilgiden duydu\u011fu mutlulu\u011fu da gizlemedi.<\/p>\n<p><img loading=\"lazy\" decoding=\"async\" class=\"alignnone wp-image-185972\" src=\"https:\/\/www.tgrthaber.com\/mavikadin\/wp-content\/uploads\/Uzak-Sehir-dizisinin-Zerrini-ve-Kayasi-300x169.jpg\" alt=\"\" width=\"1208\" height=\"680\" title=\"\" srcset=\"https:\/\/www.tgrthaber.com\/mavikadin\/wp-content\/uploads\/Uzak-Sehir-dizisinin-Zerrini-ve-Kayasi-300x169.jpg 300w, https:\/\/www.tgrthaber.com\/mavikadin\/wp-content\/uploads\/Uzak-Sehir-dizisinin-Zerrini-ve-Kayasi-1024x576.jpg 1024w, https:\/\/www.tgrthaber.com\/mavikadin\/wp-content\/uploads\/Uzak-Sehir-dizisinin-Zerrini-ve-Kayasi-768x432.jpg 768w, https:\/\/www.tgrthaber.com\/mavikadin\/wp-content\/uploads\/Uzak-Sehir-dizisinin-Zerrini-ve-Kayasi.jpg 1200w\" sizes=\"(max-width: 1208px) 100vw, 1208px\" \/><\/p>\n<hr \/>\n<p>Atakan \u00d6zkaya ise s\u00f6zlerine projeye ba\u015flamadan \u00f6nce ya\u015fad\u0131klar\u0131 haz\u0131rl\u0131k s\u00fcreciyle ba\u015flad\u0131: \u201cBu i\u015fin arkas\u0131nda ciddi bir haz\u0131rl\u0131k vard\u0131. Her sahne i\u00e7in ayr\u0131 ayr\u0131 emek verildi. Ortaya \u00e7\u0131kan sonu\u00e7 ise bence hepimizin \u00e7abas\u0131na de\u011fdi. \u00c7ok \u015f\u00fck\u00fcr ki en iyisini yapmaya \u00e7al\u0131\u015ft\u0131k ve kar\u015f\u0131l\u0131\u011f\u0131n\u0131 ald\u0131k\u201d ifadelerini kulland\u0131.<\/p>\n<p><img loading=\"lazy\" decoding=\"async\" class=\"alignnone wp-image-185973\" src=\"https:\/\/www.tgrthaber.com\/mavikadin\/wp-content\/uploads\/Uzak-Sehir-Kaya-Zerrin-300x169.webp\" alt=\"\" width=\"1208\" height=\"680\" title=\"\" srcset=\"https:\/\/www.tgrthaber.com\/mavikadin\/wp-content\/uploads\/Uzak-Sehir-Kaya-Zerrin-300x169.webp 300w, https:\/\/www.tgrthaber.com\/mavikadin\/wp-content\/uploads\/Uzak-Sehir-Kaya-Zerrin-1024x576.webp 1024w, https:\/\/www.tgrthaber.com\/mavikadin\/wp-content\/uploads\/Uzak-Sehir-Kaya-Zerrin-768x432.webp 768w, https:\/\/www.tgrthaber.com\/mavikadin\/wp-content\/uploads\/Uzak-Sehir-Kaya-Zerrin-1536x864.webp 1536w, https:\/\/www.tgrthaber.com\/mavikadin\/wp-content\/uploads\/Uzak-Sehir-Kaya-Zerrin.webp 1920w\" sizes=\"(max-width: 1208px) 100vw, 1208px\" \/><\/p>\n<hr \/>\n<h3>D\u0130L\u0130N D\u00d6\u011eER \u0130SM\u0130N\u0130N ANLAMINI \u0130LK KEZ PAYLA\u015eTI<\/h3>\n<p>Geceye damgas\u0131n\u0131 vuran bir ba\u015fka detay ise oyuncu Dilin D\u00f6\u011fer\u2019in isminin anlam\u0131na dair yapt\u0131\u011f\u0131 a\u00e7\u0131klamayd\u0131. Magazin muhabirlerinin sorusu \u00fczerine konu\u015fan gen\u00e7 oyuncu, herkesin s\u0131k\u00e7a sordu\u011fu bu soruya net bir \u015fekide cevap verdi.<\/p>\n<p>\u201cDilin\u201d isminin anlam\u0131n\u0131n \u201chis, duygu ve kalp\u201d oldu\u011funu belirten D\u00f6\u011fer, ad\u0131n\u0131 yazar olan amcas\u0131n\u0131n koydu\u011funu s\u00f6yledi. Bu anlam\u0131n hem karakterine hem de oyunculuk yakla\u015f\u0131m\u0131na b\u00fcy\u00fck etkisi oldu\u011funu da dile getirdi. \u201cSan\u0131r\u0131m oyunculuk yaparken de bu \u00fc\u00e7 kelimeyi hep i\u00e7imde ta\u015f\u0131yorum\u201d diyerek isminin kendisinde uyand\u0131rd\u0131\u011f\u0131 hisleri payla\u015ft\u0131.<\/p>\n<div style=\"width: 640px;\" class=\"wp-video\"><!--[if lt IE 9]><script>document.createElement('video');<\/script><![endif]-->\n<video class=\"wp-video-shortcode\" id=\"video-185969-1\" width=\"640\" height=\"1138\" preload=\"metadata\" controls=\"controls\"><source type=\"video\/mp4\" src=\"https:\/\/www.tgrthaber.com\/mavikadin\/wp-content\/uploads\/Instagram-2.sayfaofficial-stories-3645605262183062639-online-video-cutter.com_.mp4?_=1\" \/><a href=\"https:\/\/www.tgrthaber.com\/mavikadin\/wp-content\/uploads\/Instagram-2.sayfaofficial-stories-3645605262183062639-online-video-cutter.com_.mp4\">https:\/\/www.tgrthaber.com\/mavikadin\/wp-content\/uploads\/Instagram-2.sayfaofficial-stories-3645605262183062639-online-video-cutter.com_.mp4<\/a><\/video><\/div>\n<hr \/>\n<h3>UZAK \u015eEH\u0130R&#8217;\u0130N SEZON F\u0130NAL\u0130 HEYECANLA BEKLEN\u0130YOR<\/h3>\n<p>Sezon boyunca hem g\u00fc\u00e7l\u00fc oyuncu kadrosu hem de s\u00fcr\u00fckleyici senaryosuyla \u00f6ne \u00e7\u0131kan Uzak \u015eehir dizisi, yar\u0131n ak\u015fam yay\u0131nlanacak olan sezon finaliyle ekranlara k\u0131sa bir ara veriyor. Ge\u00e7ti\u011fimiz b\u00f6l\u00fcmde ya\u015fanan geli\u015fmelerin ard\u0131ndan g\u00f6zler Alya karakterine \u00e7evrildi. Fragmanlarda Alya&#8217;n\u0131n Kanada&#8217;ya d\u00f6n\u00fc\u015f haz\u0131rl\u0131klar\u0131, izleyiciyi bir hayli merakta b\u0131rakt\u0131.<\/p>\n<p><img loading=\"lazy\" decoding=\"async\" class=\"alignnone wp-image-185975\" src=\"https:\/\/www.tgrthaber.com\/mavikadin\/wp-content\/uploads\/uzak-sehir-19-300x200.webp\" alt=\"\" width=\"1208\" height=\"805\" title=\"\" srcset=\"https:\/\/www.tgrthaber.com\/mavikadin\/wp-content\/uploads\/uzak-sehir-19-300x200.webp 300w, https:\/\/www.tgrthaber.com\/mavikadin\/wp-content\/uploads\/uzak-sehir-19-1024x683.webp 1024w, https:\/\/www.tgrthaber.com\/mavikadin\/wp-content\/uploads\/uzak-sehir-19-768x512.webp 768w, https:\/\/www.tgrthaber.com\/mavikadin\/wp-content\/uploads\/uzak-sehir-19-1536x1024.webp 1536w, https:\/\/www.tgrthaber.com\/mavikadin\/wp-content\/uploads\/uzak-sehir-19-2048x1365.webp 2048w\" sizes=\"(max-width: 1208px) 100vw, 1208px\" \/><\/p>\n<hr \/>\n<p>Fragman yay\u0131nland\u0131\u011f\u0131 andan itibaren sosyal medyada b\u00fcy\u00fck ilgi g\u00f6rd\u00fc. Duygusal sahneleriyle dikkat \u00e7eken final b\u00f6l\u00fcm\u00fcnde neler olaca\u011f\u0131 \u015fimdiden merak konusu.<\/p>\n","protected":false},"excerpt":{"rendered":"<p>Sezon boyunca yo\u011fun bir tempoyla \u00e7al\u0131\u015fan Uzak \u015eehir ekibi, final \u00f6ncesinde d\u00fczenlenen ak\u015fam yeme\u011finde bir araya geldi. Oyuncular\u0131n keyifli anlar ya\u015fad\u0131\u011f\u0131 gecede Atakan \u00d6zkaya ve Dilin D\u00f6\u011fer, hem \u00e7al\u0131\u015fma s\u00fcrecine dair d\u00fc\u015f\u00fcncelerini payla\u015ft\u0131 hem de bas\u0131n\u0131n sorular\u0131n\u0131 i\u00e7tenlikle cevaplad\u0131. \u0130\u015fte detaylar&#8230;<\/p>\n","protected":false},"author":35,"featured_media":185976,"comment_status":"closed","ping_status":"closed","sticky":false,"template":"","format":"standard","meta":{"rank_math_lock_modified_date":false,"footnotes":""},"categories":[76],"tags":[3611,133,8029,23514,13613],"class_list":["post-185969","post","type-post","status-publish","format-standard","has-post-thumbnail","hentry","category-magazin","tag-dilin-doger","tag-magazin","tag-uzak-sehir-kaya","tag-uzak-sehir-sezon-yemegi","tag-uzak-sehir-zerrin"],"_links":{"self":[{"href":"https:\/\/www.tgrthaber.com\/mavikadin\/wp-json\/wp\/v2\/posts\/185969"}],"collection":[{"href":"https:\/\/www.tgrthaber.com\/mavikadin\/wp-json\/wp\/v2\/posts"}],"about":[{"href":"https:\/\/www.tgrthaber.com\/mavikadin\/wp-json\/wp\/v2\/types\/post"}],"author":[{"embeddable":true,"href":"https:\/\/www.tgrthaber.com\/mavikadin\/wp-json\/wp\/v2\/users\/35"}],"replies":[{"embeddable":true,"href":"https:\/\/www.tgrthaber.com\/mavikadin\/wp-json\/wp\/v2\/comments?post=185969"}],"version-history":[{"count":2,"href":"https:\/\/www.tgrthaber.com\/mavikadin\/wp-json\/wp\/v2\/posts\/185969\/revisions"}],"predecessor-version":[{"id":185978,"href":"https:\/\/www.tgrthaber.com\/mavikadin\/wp-json\/wp\/v2\/posts\/185969\/revisions\/185978"}],"wp:featuredmedia":[{"embeddable":true,"href":"https:\/\/www.tgrthaber.com\/mavikadin\/wp-json\/wp\/v2\/media\/185976"}],"wp:attachment":[{"href":"https:\/\/www.tgrthaber.com\/mavikadin\/wp-json\/wp\/v2\/media?parent=185969"}],"wp:term":[{"taxonomy":"category","embeddable":true,"href":"https:\/\/www.tgrthaber.com\/mavikadin\/wp-json\/wp\/v2\/categories?post=185969"},{"taxonomy":"post_tag","embeddable":true,"href":"https:\/\/www.tgrthaber.com\/mavikadin\/wp-json\/wp\/v2\/tags?post=185969"}],"curies":[{"name":"wp","href":"https:\/\/api.w.org\/{rel}","templated":true}]}}