{"id":186000,"date":"2025-06-02T09:38:20","date_gmt":"2025-06-02T06:38:20","guid":{"rendered":"https:\/\/www.tgrthaber.com\/mavikadin\/?p=186000"},"modified":"2025-09-19T16:43:16","modified_gmt":"2025-09-19T13:43:16","slug":"uzak-sehir-bu-aksam-var-mi-uzak-sehir-sezon-finali-ne-zaman","status":"publish","type":"post","link":"https:\/\/www.tgrthaber.com\/mavikadin\/uzak-sehir-bu-aksam-var-mi-uzak-sehir-sezon-finali-ne-zaman\/","title":{"rendered":"Uzak \u015eehir bu ak\u015fam var m\u0131? Uzak \u015eehir sezon finali ne zaman?"},"content":{"rendered":"<p>Uzak \u015eehir dizisinin sezon finali bu ak\u015fam m\u0131 yay\u0131nlanacak \u015fimdiden merak konusu oldu. Son b\u00f6l\u00fcmde Kaya\u2019n\u0131n ve Demir\u2019in babas\u0131n\u0131n ge\u00e7irdi\u011fi kaza sonras\u0131 hayatta kal\u0131p kalmad\u0131klar\u0131 ak\u0131llarda soru i\u015fareti b\u0131rakm\u0131\u015ft\u0131.<\/p>\n<h3>UZAK \u015eEH\u0130R BU AK\u015eAM VAR MI?<\/h3>\n<p>Uzak \u015eehir dizisi bu ak\u015fam sezon finaliyle izleyicisiyle bir araya gelecek. Final b\u00f6l\u00fcm\u00fc adeta film tad\u0131nda bir b\u00f6l\u00fcmle yay\u0131nlanacak.<\/p>\n<p><img loading=\"lazy\" decoding=\"async\" class=\"alignnone size-full wp-image-186001\" src=\"https:\/\/www.tgrthaber.com\/mavikadin\/wp-content\/uploads\/Uzak-Sehir-1-16.png\" alt=\"\" width=\"1208\" height=\"680\" title=\"\" srcset=\"https:\/\/www.tgrthaber.com\/mavikadin\/wp-content\/uploads\/Uzak-Sehir-1-16.png 1208w, https:\/\/www.tgrthaber.com\/mavikadin\/wp-content\/uploads\/Uzak-Sehir-1-16-300x169.png 300w, https:\/\/www.tgrthaber.com\/mavikadin\/wp-content\/uploads\/Uzak-Sehir-1-16-1024x576.png 1024w, https:\/\/www.tgrthaber.com\/mavikadin\/wp-content\/uploads\/Uzak-Sehir-1-16-768x432.png 768w\" sizes=\"(max-width: 1208px) 100vw, 1208px\" \/><\/p>\n<hr \/>\n<h3>UZAK \u015eEH\u0130R SEZON F\u0130NAL\u0130 NE ZAMAN?<\/h3>\n<p>Her b\u00f6l\u00fcm izleyicisini heyecana s\u00fcr\u00fckleyen Uzak \u015eehir dizisi 2 Haziran 2025 Pazartesi ak\u015fam\u0131 (bu ak\u015fam) ekranlara geliyor. Boran\u2019\u0131n katilinin pe\u015fine d\u00fc\u015fmek i\u00e7in Suriye\u2019ye giden Albora ailesi orada katilin Nadim oldu\u011funu \u00f6\u011freniyor. Bu haber \u00fczerine Kaya vakit kaybetmeden Nadim\u2019i evinden almaya gidiyor. Ancak yolda ya\u015fad\u0131klar\u0131 arbede sonucu ikisi birlikte arabayla u\u00e7urumdan a\u015fa\u011f\u0131 d\u00fc\u015f\u00fcyor. Ortal\u0131k yang\u0131n yerine d\u00f6nerken Kaya ve Nadim\u2019in ak\u0131betinin ne olaca\u011f\u0131 bilinmiyor.<\/p>\n<p><img loading=\"lazy\" decoding=\"async\" class=\"alignnone size-full wp-image-186004\" src=\"https:\/\/www.tgrthaber.com\/mavikadin\/wp-content\/uploads\/Uzak-Sehir-2-10.png\" alt=\"\" width=\"1208\" height=\"680\" title=\"\" srcset=\"https:\/\/www.tgrthaber.com\/mavikadin\/wp-content\/uploads\/Uzak-Sehir-2-10.png 1208w, https:\/\/www.tgrthaber.com\/mavikadin\/wp-content\/uploads\/Uzak-Sehir-2-10-300x169.png 300w, https:\/\/www.tgrthaber.com\/mavikadin\/wp-content\/uploads\/Uzak-Sehir-2-10-1024x576.png 1024w, https:\/\/www.tgrthaber.com\/mavikadin\/wp-content\/uploads\/Uzak-Sehir-2-10-768x432.png 768w\" sizes=\"(max-width: 1208px) 100vw, 1208px\" \/><\/p>\n<hr \/>\n<p>Di\u011fer yandan \u00d6zkan\u2019\u0131n \u00f6l\u00fcmden sonra Nare ile \u015eahin evlenme haz\u0131rl\u0131\u011f\u0131 yapmaya ba\u015fl\u0131yor. Yay\u0131nlanan fragmanlarda Mine\u2019nin Cihan Deniz\u2019in Ecmel\u2019in torunu oldu\u011funu \u00f6\u011frenmesi ve Sadakat Han\u0131m\u2019a ger\u00e7e\u011fi anlatt\u0131\u011f\u0131 g\u00f6r\u00fcl\u00fcyor. Sadakat Han\u0131m ise susacaks\u0131n diye Mine\u2019yi uyar\u0131yor.<\/p>\n<p><img loading=\"lazy\" decoding=\"async\" class=\"alignnone size-full wp-image-186005\" src=\"https:\/\/www.tgrthaber.com\/mavikadin\/wp-content\/uploads\/Uzak-Sehir-3-10.png\" alt=\"\" width=\"1208\" height=\"680\" title=\"\" srcset=\"https:\/\/www.tgrthaber.com\/mavikadin\/wp-content\/uploads\/Uzak-Sehir-3-10.png 1208w, https:\/\/www.tgrthaber.com\/mavikadin\/wp-content\/uploads\/Uzak-Sehir-3-10-300x169.png 300w, https:\/\/www.tgrthaber.com\/mavikadin\/wp-content\/uploads\/Uzak-Sehir-3-10-1024x576.png 1024w, https:\/\/www.tgrthaber.com\/mavikadin\/wp-content\/uploads\/Uzak-Sehir-3-10-768x432.png 768w\" sizes=\"(max-width: 1208px) 100vw, 1208px\" \/><\/p>\n<hr \/>\n<p>Alya ise Mine\u2019nin ger\u00e7ekleri \u00f6\u011frenmesinden sonra Cihan Deniz\u2019i alarak Kanada\u2019ya d\u00f6nme karar\u0131 al\u0131yor. Cihan ise Alya\u2019n\u0131n pe\u015finden havaalan\u0131na gidiyor. \u0130kilinin buradaki yak\u0131nla\u015fmas\u0131 izleyicide merak uyand\u0131r\u0131yor. Cihan Alya\u2019y\u0131 gitmemesi i\u00e7in refleksle belinden tutup kendisine do\u011fru \u00e7ekiyor. Sen yan\u0131mda olursan ben her \u015feyi kar\u015f\u0131ma al\u0131r\u0131m gitme diyor.<\/p>\n<p><img loading=\"lazy\" decoding=\"async\" class=\"alignnone size-full wp-image-186006\" src=\"https:\/\/www.tgrthaber.com\/mavikadin\/wp-content\/uploads\/Uzak-Sehir-6-5.png\" alt=\"\" width=\"1208\" height=\"680\" title=\"\" srcset=\"https:\/\/www.tgrthaber.com\/mavikadin\/wp-content\/uploads\/Uzak-Sehir-6-5.png 1208w, https:\/\/www.tgrthaber.com\/mavikadin\/wp-content\/uploads\/Uzak-Sehir-6-5-300x169.png 300w, https:\/\/www.tgrthaber.com\/mavikadin\/wp-content\/uploads\/Uzak-Sehir-6-5-1024x576.png 1024w, https:\/\/www.tgrthaber.com\/mavikadin\/wp-content\/uploads\/Uzak-Sehir-6-5-768x432.png 768w\" sizes=\"(max-width: 1208px) 100vw, 1208px\" \/><\/p>\n<hr \/>\n<h3>UZAK \u015eEH\u0130R G\u00dc\u00c7L\u00dc OYUNCU KADROSU<\/h3>\n<p>AyNa Yap\u0131m imzal\u0131 G\u00fclizar Irmak\u2019\u0131n senaryosunu yazd\u0131\u011f\u0131, Ahmet Kat\u0131ks\u0131z\u2019\u0131n y\u00f6netmenli\u011fini \u00fcstlendi\u011fi \u2018Uzak \u015eehir\u2019in Oyuncu kadrosunda Ozan Akbaba, Sinem \u00dcnsal, Gonca Cilasun, M\u00fcfit Kayacan, Alper \u00c7ankaya, Ferit Kaya, Atakan \u00d6zkaya, Sahra \u015ea\u015f, Dilin D\u00f6\u011fer, Mine K\u0131l\u0131\u00e7, Nazmi K\u0131r\u0131k, \u0130lkay Kayku, Sinan Demirer, Zeynep Kankonde, Yunus Eski, Mehmet Polat, Bar\u0131\u015f Yal\u00e7\u0131n, Burak \u015eafak, Yaren G\u00fcldiken, Kuzey Gezer bulunuyor.<\/p>\n","protected":false},"excerpt":{"rendered":"<p>Uzak \u015eehir bu ak\u015fam var m\u0131? merak ediliyor. Her b\u00f6l\u00fcm\u00fc nefes kesen dizide Kaya\u2019n\u0131n ge\u00e7irdi\u011fi kaza sonucu \u00f6l\u00fcp \u00f6lmedi\u011fi bu ak\u015fam belli oluyor.<\/p>\n","protected":false},"author":5,"featured_media":186007,"comment_status":"closed","ping_status":"closed","sticky":false,"template":"","format":"standard","meta":{"rank_math_lock_modified_date":false,"footnotes":""},"categories":[602],"tags":[2628,3602,2295,2294,2293],"class_list":["post-186000","post","type-post","status-publish","format-standard","has-post-thumbnail","hentry","category-diziler","tag-dizi-haberleri","tag-diziler","tag-ozan-akbaba","tag-sinem-unsal","tag-uzak-sehir"],"_links":{"self":[{"href":"https:\/\/www.tgrthaber.com\/mavikadin\/wp-json\/wp\/v2\/posts\/186000"}],"collection":[{"href":"https:\/\/www.tgrthaber.com\/mavikadin\/wp-json\/wp\/v2\/posts"}],"about":[{"href":"https:\/\/www.tgrthaber.com\/mavikadin\/wp-json\/wp\/v2\/types\/post"}],"author":[{"embeddable":true,"href":"https:\/\/www.tgrthaber.com\/mavikadin\/wp-json\/wp\/v2\/users\/5"}],"replies":[{"embeddable":true,"href":"https:\/\/www.tgrthaber.com\/mavikadin\/wp-json\/wp\/v2\/comments?post=186000"}],"version-history":[{"count":2,"href":"https:\/\/www.tgrthaber.com\/mavikadin\/wp-json\/wp\/v2\/posts\/186000\/revisions"}],"predecessor-version":[{"id":186009,"href":"https:\/\/www.tgrthaber.com\/mavikadin\/wp-json\/wp\/v2\/posts\/186000\/revisions\/186009"}],"wp:featuredmedia":[{"embeddable":true,"href":"https:\/\/www.tgrthaber.com\/mavikadin\/wp-json\/wp\/v2\/media\/186007"}],"wp:attachment":[{"href":"https:\/\/www.tgrthaber.com\/mavikadin\/wp-json\/wp\/v2\/media?parent=186000"}],"wp:term":[{"taxonomy":"category","embeddable":true,"href":"https:\/\/www.tgrthaber.com\/mavikadin\/wp-json\/wp\/v2\/categories?post=186000"},{"taxonomy":"post_tag","embeddable":true,"href":"https:\/\/www.tgrthaber.com\/mavikadin\/wp-json\/wp\/v2\/tags?post=186000"}],"curies":[{"name":"wp","href":"https:\/\/api.w.org\/{rel}","templated":true}]}}