{"id":186013,"date":"2025-06-02T09:53:17","date_gmt":"2025-06-02T06:53:17","guid":{"rendered":"https:\/\/www.tgrthaber.com\/mavikadin\/?p=186013"},"modified":"2025-06-02T09:53:17","modified_gmt":"2025-06-02T06:53:17","slug":"derya-ulugun-babasi-tekstilci-cikti-kiyafetlerin-arasinda-buyudum","status":"publish","type":"post","link":"https:\/\/www.tgrthaber.com\/mavikadin\/derya-ulugun-babasi-tekstilci-cikti-kiyafetlerin-arasinda-buyudum\/","title":{"rendered":"Derya Ulu\u011f\u2019un babas\u0131 tekstilci \u00e7\u0131kt\u0131! \u201cK\u0131yafetlerin aras\u0131nda b\u00fcy\u00fcd\u00fcm\u201d"},"content":{"rendered":"<p>Ge\u00e7ti\u011fimiz ak\u015fam K\u0131br\u0131s\u2019ta konser veren Derya Ulu\u011f, sesi ve sahne performans\u0131yla herkesi etkiledi. Sahnedeki \u015f\u0131kl\u0131\u011f\u0131 ve iddial\u0131 kost\u00fcmleriyle dikkatleri \u00fczerine \u00e7eken \u00fcnl\u00fc sanat\u00e7\u0131n\u0131n babas\u0131n\u0131n tekstilci oldu\u011fu \u00f6\u011frenildi. Derya Ulu\u011f\u2019un g\u00f6steri\u015fli k\u0131yafetlerinin s\u0131rr\u0131 ortaya \u00e7\u0131kt\u0131. Konser \u00f6ncesinde gazetecilerle bir araya gelen \u00fcnl\u00fc sanat\u00e7\u0131, sahne k\u0131yafetlerine olan ilginin neden bu kadar yo\u011fun oldu\u011funu da a\u00e7\u0131klad\u0131.<\/p>\n<h3>DERYA ULU\u011e\u2019UN G\u00d6STER\u0130\u015eL\u0130 KIYAFETLER\u0130N\u0130N SIRRI ORTAYA \u00c7IKTI!<\/h3>\n<p>Pop m\u00fczi\u011fin ba\u015far\u0131l\u0131 sesleri aras\u0131nda yer alan Derya Ulu\u011f, sesi, sahne performans\u0131 ve sahne kost\u00fcmleriyle konu\u015fulmaya devam ediyor. Ge\u00e7ti\u011fimiz ak\u015famlarda \u015eanl\u0131urfa K\u00fclt\u00fcr Yolu Festivali g\u00fcn\u00fcnde sevenleriyle bir araya gelen \u00fcnl\u00fc sanat\u00e7\u0131, \u015fark\u0131 s\u00f6yledi\u011fi s\u0131rada konser alan\u0131ndaki bir ki\u015finin kendisine su \u015fi\u015fesi f\u0131rlatmas\u0131yla zor anlar ya\u015fam\u0131\u015ft\u0131. \u015eark\u0131s\u0131n\u0131 kesmeden konserine devam eden Ulu\u011f, sevenlerini \u015fark\u0131lar\u0131yla co\u015fturmu\u015ftu.<\/p>\n<p><img loading=\"lazy\" decoding=\"async\" class=\"alignnone wp-image-186015\" src=\"https:\/\/www.tgrthaber.com\/mavikadin\/wp-content\/uploads\/Derya-Ulug-2-1-1024x576.jpg\" alt=\"Derya Ulu\u011f\u2019un babas\u0131 tekstilci \u00e7\u0131kt\u0131! \u201cK\u0131yafetlerin aras\u0131nda b\u00fcy\u00fcd\u00fcm\u201d\" width=\"1208\" height=\"680\" title=\"\" srcset=\"https:\/\/www.tgrthaber.com\/mavikadin\/wp-content\/uploads\/Derya-Ulug-2-1-1024x576.jpg 1024w, https:\/\/www.tgrthaber.com\/mavikadin\/wp-content\/uploads\/Derya-Ulug-2-1-300x169.jpg 300w, https:\/\/www.tgrthaber.com\/mavikadin\/wp-content\/uploads\/Derya-Ulug-2-1-768x432.jpg 768w, https:\/\/www.tgrthaber.com\/mavikadin\/wp-content\/uploads\/Derya-Ulug-2-1-1536x864.jpg 1536w, https:\/\/www.tgrthaber.com\/mavikadin\/wp-content\/uploads\/Derya-Ulug-2-1.jpg 1600w\" sizes=\"(max-width: 1208px) 100vw, 1208px\" \/><\/p>\n<hr \/>\n<p>Kariyerinin yan\u0131 s\u0131ra \u00f6zel hayat\u0131 ve sosyal medya payla\u015f\u0131mlar\u0131yla da s\u0131k s\u0131k g\u00fcndeme gelen Derya Ulu\u011f, ge\u00e7ti\u011fimiz ak\u015fam K\u0131br\u0131s\u2019ta konser verdi. Konser \u00f6ncesi gazetecilerle bir araya gelen \u00fcnl\u00fc sanat\u00e7\u0131, s\u00fcrekli g\u00fcndeme gelen sahne kost\u00fcmleriyle ilgili konu\u015ftu.<\/p>\n<p>Ulu\u011f\u2019un g\u00f6steri\u015fli k\u0131yafetlerinin s\u0131rr\u0131 ortaya \u00e7\u0131kt\u0131. \u00dcnl\u00fc sanat\u00e7\u0131n\u0131n babas\u0131n\u0131n tekstilci oldu\u011fu \u00f6\u011frenildi. Ulu\u011f, sahne kost\u00fcmleri hakk\u0131nda; \u201cGiyinmeyi seviyorum ve buna \u00f6zen g\u00f6steriyorum. Babam tekstilci oldu\u011fu i\u00e7in k\u0131yafetlerin aras\u0131nda b\u00fcy\u00fcd\u00fcm.\u201d \u015feklinde konu\u015ftu.<\/p>\n<p><img loading=\"lazy\" decoding=\"async\" class=\"alignnone wp-image-186016\" src=\"https:\/\/www.tgrthaber.com\/mavikadin\/wp-content\/uploads\/Derya-Ulug-1-1-1024x576.jpg\" alt=\"Derya Ulu\u011f\u2019un babas\u0131 tekstilci \u00e7\u0131kt\u0131! \u201cK\u0131yafetlerin aras\u0131nda b\u00fcy\u00fcd\u00fcm\u201d\" width=\"1208\" height=\"680\" title=\"\" srcset=\"https:\/\/www.tgrthaber.com\/mavikadin\/wp-content\/uploads\/Derya-Ulug-1-1-1024x576.jpg 1024w, https:\/\/www.tgrthaber.com\/mavikadin\/wp-content\/uploads\/Derya-Ulug-1-1-300x169.jpg 300w, https:\/\/www.tgrthaber.com\/mavikadin\/wp-content\/uploads\/Derya-Ulug-1-1-768x432.jpg 768w, https:\/\/www.tgrthaber.com\/mavikadin\/wp-content\/uploads\/Derya-Ulug-1-1-1536x864.jpg 1536w, https:\/\/www.tgrthaber.com\/mavikadin\/wp-content\/uploads\/Derya-Ulug-1-1.jpg 1600w\" sizes=\"(max-width: 1208px) 100vw, 1208px\" \/><\/p>\n<hr \/>\n<h3>DERYA ULU\u011e TAKINTILI HAYRANI HAKKINDA KONU\u015eTU!<\/h3>\n<p>Ba\u015far\u0131l\u0131 m\u00fczik kariyerinin yan\u0131 s\u0131ra \u00f6zel hayat\u0131yla da s\u0131k s\u0131k g\u00fcndeme gelen Derya Ulu\u011f, uzun bir s\u00fcredir saplant\u0131l\u0131 hayran\u0131yla magazin d\u00fcnyas\u0131n\u0131n g\u00fcndemine oturmaya devam ediyor. Tak\u0131nt\u0131l\u0131 hayran\u0131 taraf\u0131ndan takip edilen, tehdit ve tacizlere maruz kalan \u00fcnl\u00fc sanat\u00e7\u0131, zorlu s\u00fcre\u00e7 hakk\u0131nda konu\u015ftu.<\/p>\n<p><img loading=\"lazy\" decoding=\"async\" class=\"alignnone wp-image-186017\" src=\"https:\/\/www.tgrthaber.com\/mavikadin\/wp-content\/uploads\/Derya-Ulug-5-1024x576.jpg\" alt=\"Derya Ulu\u011f\u2019un babas\u0131 tekstilci \u00e7\u0131kt\u0131! \u201cK\u0131yafetlerin aras\u0131nda b\u00fcy\u00fcd\u00fcm\u201d\" width=\"1208\" height=\"680\" title=\"\" srcset=\"https:\/\/www.tgrthaber.com\/mavikadin\/wp-content\/uploads\/Derya-Ulug-5-1024x576.jpg 1024w, https:\/\/www.tgrthaber.com\/mavikadin\/wp-content\/uploads\/Derya-Ulug-5-300x169.jpg 300w, https:\/\/www.tgrthaber.com\/mavikadin\/wp-content\/uploads\/Derya-Ulug-5-768x432.jpg 768w, https:\/\/www.tgrthaber.com\/mavikadin\/wp-content\/uploads\/Derya-Ulug-5-1536x864.jpg 1536w, https:\/\/www.tgrthaber.com\/mavikadin\/wp-content\/uploads\/Derya-Ulug-5.jpg 1600w\" sizes=\"(max-width: 1208px) 100vw, 1208px\" \/><\/p>\n<hr \/>\n<p>Derya Ulu\u011f, a\u00e7\u0131klamas\u0131nda; \u201cHukuki s\u00fcre\u00e7 devam ediyor. \u015eu an tutuklu ama umar\u0131m bu durumdan hemen d\u00f6n\u00fclmez. \u00c7\u00fcnk\u00fc bu basit olmayan, tehlikeli boyutta bir tak\u0131nt\u0131. Konu\u015furken bile nabz\u0131m y\u00fckseliyor. Umar\u0131m bir daha kimse b\u00f6yle bir \u015fey ya\u015famaz. Yine de gerekli tedbirleri al\u0131yoruz.\u201d ifadelerine yer verdi.<\/p>\n<p><img loading=\"lazy\" decoding=\"async\" class=\"alignnone wp-image-186023\" src=\"https:\/\/www.tgrthaber.com\/mavikadin\/wp-content\/uploads\/Derya-Ulug-3-1-1024x576.jpg\" alt=\"Derya Ulu\u011f\u2019un babas\u0131 tekstilci \u00e7\u0131kt\u0131! \u201cK\u0131yafetlerin aras\u0131nda b\u00fcy\u00fcd\u00fcm\u201d\" width=\"1208\" height=\"680\" title=\"\" srcset=\"https:\/\/www.tgrthaber.com\/mavikadin\/wp-content\/uploads\/Derya-Ulug-3-1-1024x576.jpg 1024w, https:\/\/www.tgrthaber.com\/mavikadin\/wp-content\/uploads\/Derya-Ulug-3-1-300x169.jpg 300w, https:\/\/www.tgrthaber.com\/mavikadin\/wp-content\/uploads\/Derya-Ulug-3-1-768x432.jpg 768w, https:\/\/www.tgrthaber.com\/mavikadin\/wp-content\/uploads\/Derya-Ulug-3-1-1536x864.jpg 1536w, https:\/\/www.tgrthaber.com\/mavikadin\/wp-content\/uploads\/Derya-Ulug-3-1.jpg 1600w\" sizes=\"(max-width: 1208px) 100vw, 1208px\" \/><\/p>\n<hr \/>\n<h3>SAHNEDE \u015eARKI S\u00d6YLERKEN \u015e\u0130\u015eE FIRLATILMI\u015eTI!<\/h3>\n<p>Ge\u00e7ti\u011fimiz ak\u015famlarda \u015eanl\u0131urfa K\u00fclt\u00fcr Yolu Festivali g\u00fcn\u00fcnde sevenleriyle bir araya gelen Derya Ulu\u011f, \u015fark\u0131 s\u00f6yledi\u011fi s\u0131rada konser alan\u0131ndaki bir ki\u015finin kendisine su \u015fi\u015fesi f\u0131rlatmas\u0131yla zor anlar ya\u015fam\u0131\u015ft\u0131.<\/p>\n<p><img loading=\"lazy\" decoding=\"async\" class=\"alignnone wp-image-186019\" src=\"https:\/\/www.tgrthaber.com\/mavikadin\/wp-content\/uploads\/Derya-Ulug-6-1024x576.jpg\" alt=\"Derya Ulu\u011f\u2019un babas\u0131 tekstilci \u00e7\u0131kt\u0131! \u201cK\u0131yafetlerin aras\u0131nda b\u00fcy\u00fcd\u00fcm\u201d\" width=\"1208\" height=\"680\" title=\"\" srcset=\"https:\/\/www.tgrthaber.com\/mavikadin\/wp-content\/uploads\/Derya-Ulug-6-1024x576.jpg 1024w, https:\/\/www.tgrthaber.com\/mavikadin\/wp-content\/uploads\/Derya-Ulug-6-300x169.jpg 300w, https:\/\/www.tgrthaber.com\/mavikadin\/wp-content\/uploads\/Derya-Ulug-6-768x432.jpg 768w, https:\/\/www.tgrthaber.com\/mavikadin\/wp-content\/uploads\/Derya-Ulug-6-1536x864.jpg 1536w, https:\/\/www.tgrthaber.com\/mavikadin\/wp-content\/uploads\/Derya-Ulug-6.jpg 1600w\" sizes=\"(max-width: 1208px) 100vw, 1208px\" \/><\/p>\n<hr \/>\n<p>Derya Ulu\u011f, kendisine su \u015fi\u015fesi f\u0131rlat\u0131lmas\u0131yla alakal\u0131 ise \u201cBunlar\u0131n planl\u0131 yap\u0131ld\u0131\u011f\u0131n\u0131 d\u00fc\u015f\u00fcnm\u00fcyorum. Ho\u015f bir \u015fey de\u011fil ama gen\u00e7lerin enteresan bir sosyal medya anlay\u0131\u015f\u0131 ile birlikte bu davran\u0131\u015f\u0131 g\u00fczel zannediyorlar. Bunu genele yaymak yanl\u0131\u015f. Orada 100.000 civar\u0131nda dinleyicimiz vard\u0131. Tabii ki devam etmemiz gerekiyordu. G\u00fczel bir gece bu \u015fekilde g\u00f6lgelendi\u011fi i\u00e7in \u00fcz\u00fcld\u00fcm.\u201d \u015feklinde konu\u015ftu.<\/p>\n","protected":false},"excerpt":{"rendered":"<p>Ba\u015far\u0131l\u0131 m\u00fczik kariyeri ve sahne kost\u00fcmleriyle ad\u0131ndan s\u0131k s\u0131k s\u00f6z ettiren Derya Ulu\u011f\u2019un babas\u0131n\u0131n tekstilci oldu\u011fu \u00f6\u011frenildi. \u00dcnl\u00fc sanat\u00e7\u0131n\u0131n g\u00f6steri\u015fli k\u0131yafetlerinin s\u0131rr\u0131 ortaya \u00e7\u0131kt\u0131. \u0130\u015fte detaylar\u2026<\/p>\n","protected":false},"author":26,"featured_media":186014,"comment_status":"closed","ping_status":"closed","sticky":false,"template":"","format":"standard","meta":{"rank_math_lock_modified_date":false,"footnotes":""},"categories":[76],"tags":[10937,23519,23520,133,2218],"class_list":["post-186013","post","type-post","status-publish","format-standard","has-post-thumbnail","hentry","category-magazin","tag-derya-ulug","tag-derya-ulug-sahne-kostumleri","tag-derya-ulug-takintili-hayrani","tag-magazin","tag-magazin-haberleri"],"_links":{"self":[{"href":"https:\/\/www.tgrthaber.com\/mavikadin\/wp-json\/wp\/v2\/posts\/186013"}],"collection":[{"href":"https:\/\/www.tgrthaber.com\/mavikadin\/wp-json\/wp\/v2\/posts"}],"about":[{"href":"https:\/\/www.tgrthaber.com\/mavikadin\/wp-json\/wp\/v2\/types\/post"}],"author":[{"embeddable":true,"href":"https:\/\/www.tgrthaber.com\/mavikadin\/wp-json\/wp\/v2\/users\/26"}],"replies":[{"embeddable":true,"href":"https:\/\/www.tgrthaber.com\/mavikadin\/wp-json\/wp\/v2\/comments?post=186013"}],"version-history":[{"count":2,"href":"https:\/\/www.tgrthaber.com\/mavikadin\/wp-json\/wp\/v2\/posts\/186013\/revisions"}],"predecessor-version":[{"id":186025,"href":"https:\/\/www.tgrthaber.com\/mavikadin\/wp-json\/wp\/v2\/posts\/186013\/revisions\/186025"}],"wp:featuredmedia":[{"embeddable":true,"href":"https:\/\/www.tgrthaber.com\/mavikadin\/wp-json\/wp\/v2\/media\/186014"}],"wp:attachment":[{"href":"https:\/\/www.tgrthaber.com\/mavikadin\/wp-json\/wp\/v2\/media?parent=186013"}],"wp:term":[{"taxonomy":"category","embeddable":true,"href":"https:\/\/www.tgrthaber.com\/mavikadin\/wp-json\/wp\/v2\/categories?post=186013"},{"taxonomy":"post_tag","embeddable":true,"href":"https:\/\/www.tgrthaber.com\/mavikadin\/wp-json\/wp\/v2\/tags?post=186013"}],"curies":[{"name":"wp","href":"https:\/\/api.w.org\/{rel}","templated":true}]}}