{"id":186081,"date":"2025-06-02T11:29:10","date_gmt":"2025-06-02T08:29:10","guid":{"rendered":"https:\/\/www.tgrthaber.com\/mavikadin\/?p=186081"},"modified":"2025-06-02T11:29:11","modified_gmt":"2025-06-02T08:29:11","slug":"ertan-sabanin-partneri-dilan-cicek-deniz-oldu-guzel-oyuncu-itiraf-dizisinde-rol-alacak","status":"publish","type":"post","link":"https:\/\/www.tgrthaber.com\/mavikadin\/ertan-sabanin-partneri-dilan-cicek-deniz-oldu-guzel-oyuncu-itiraf-dizisinde-rol-alacak\/","title":{"rendered":"Ertan Saban\u2019\u0131n partneri Dilan \u00c7i\u00e7ek Deniz oldu! G\u00fczel oyuncu \u0130tiraf dizisinde rol alacak"},"content":{"rendered":"<p>Televizyon d\u00fcnyas\u0131n\u0131n dikkat \u00e7eken isimlerinden Ertan Saban ve Dilan \u00c7i\u00e7ek Deniz, ilk kez ayn\u0131 projede ba\u015frol\u00fc payla\u015fmaya haz\u0131rlan\u0131yor. Tabii dijital platformunda yay\u0131nlanacak \u201c\u0130tiraf\u201d adl\u0131 yeni dizide, izleyiciyi gerilim dolu, psikolojik derinli\u011fi y\u00fcksek bir hik\u00e2ye bekliyor. \u0130\u015fte detaylar\u2026<\/p>\n<h3>ERTAN SABAN\u2019IN PARTNER\u0130 D\u0130LAN \u00c7\u0130\u00c7EK DEN\u0130Z OLDU!<\/h3>\n<p>Ba\u015far\u0131l\u0131 oyunculardan Ertan Saban, yeni dijital dizisi \u201c\u0130tiraf\u201d ile izleyicinin kar\u015f\u0131s\u0131na \u00e7\u0131kmaya haz\u0131rlan\u0131yor. Polisiye ve macera t\u00fcr\u00fcndeki dizi hem konusu hem de oyuncu kadrosuyla \u015fimdiden b\u00fcy\u00fck merak uyand\u0131rd\u0131. Projenin ba\u015frol kad\u0131n oyuncusu ise Dilan \u00c7i\u00e7ek Deniz oldu. \u0130kilinin ilk kez birlikte kamera kar\u015f\u0131s\u0131na ge\u00e7ece\u011fi bu yap\u0131m, T\u00fcrk dizi d\u00fcnyas\u0131nda taze bir soluk olmaya aday.<\/p>\n<p><img loading=\"lazy\" decoding=\"async\" class=\"alignnone wp-image-186097\" src=\"https:\/\/www.tgrthaber.com\/mavikadin\/wp-content\/uploads\/haber-gorselleri-fotoshop-2025-06-02T112258.850-1024x576.jpg\" alt=\"Ertan Saban\u2019\u0131n partneri Dilan \u00c7i\u00e7ek Deniz oldu! G\u00fczel oyuncu \u0130tiraf dizisinde rol alacak\" width=\"1208\" height=\"680\" title=\"\" srcset=\"https:\/\/www.tgrthaber.com\/mavikadin\/wp-content\/uploads\/haber-gorselleri-fotoshop-2025-06-02T112258.850-1024x576.jpg 1024w, https:\/\/www.tgrthaber.com\/mavikadin\/wp-content\/uploads\/haber-gorselleri-fotoshop-2025-06-02T112258.850-300x169.jpg 300w, https:\/\/www.tgrthaber.com\/mavikadin\/wp-content\/uploads\/haber-gorselleri-fotoshop-2025-06-02T112258.850-768x432.jpg 768w, https:\/\/www.tgrthaber.com\/mavikadin\/wp-content\/uploads\/haber-gorselleri-fotoshop-2025-06-02T112258.850-1536x864.jpg 1536w, https:\/\/www.tgrthaber.com\/mavikadin\/wp-content\/uploads\/haber-gorselleri-fotoshop-2025-06-02T112258.850.jpg 1600w\" sizes=\"(max-width: 1208px) 100vw, 1208px\" \/><\/p>\n<hr \/>\n<p>Yap\u0131mc\u0131l\u0131\u011f\u0131n\u0131 Krom Medya\u2019n\u0131n \u00fcstlendi\u011fi \u201c\u0130tiraf\u201d, tabii dijital platformu \u00fczerinden yay\u0131nlanacak. Y\u00f6netmen koltu\u011funda ise Ekrem Arslan oturuyor. Toplam 10 b\u00f6l\u00fcmden olu\u015fmas\u0131 planlanan dizinin \u00e7ekimlerinin 30 Haziran 2025 tarihinde Ankara\u2019da ba\u015flamas\u0131 bekleniyor.<\/p>\n<p><img loading=\"lazy\" decoding=\"async\" class=\"alignnone wp-image-186094\" src=\"https:\/\/www.tgrthaber.com\/mavikadin\/wp-content\/uploads\/haber-gorselleri-fotoshop-2025-06-02T112426.665-1024x576.jpg\" alt=\"Ertan Saban\u2019\u0131n partneri Dilan \u00c7i\u00e7ek Deniz oldu! G\u00fczel oyuncu \u0130tiraf dizisinde rol alacak\" width=\"1208\" height=\"680\" title=\"\" srcset=\"https:\/\/www.tgrthaber.com\/mavikadin\/wp-content\/uploads\/haber-gorselleri-fotoshop-2025-06-02T112426.665-1024x576.jpg 1024w, https:\/\/www.tgrthaber.com\/mavikadin\/wp-content\/uploads\/haber-gorselleri-fotoshop-2025-06-02T112426.665-300x169.jpg 300w, https:\/\/www.tgrthaber.com\/mavikadin\/wp-content\/uploads\/haber-gorselleri-fotoshop-2025-06-02T112426.665-768x432.jpg 768w, https:\/\/www.tgrthaber.com\/mavikadin\/wp-content\/uploads\/haber-gorselleri-fotoshop-2025-06-02T112426.665-1536x864.jpg 1536w, https:\/\/www.tgrthaber.com\/mavikadin\/wp-content\/uploads\/haber-gorselleri-fotoshop-2025-06-02T112426.665.jpg 1600w\" sizes=\"(max-width: 1208px) 100vw, 1208px\" \/><\/p>\n<hr \/>\n<p>Kariyerinde pek \u00e7ok farkl\u0131 rolle izleyici kar\u015f\u0131s\u0131na \u00e7\u0131kan ve son olarak Gelsin Hayat Bildi\u011fi Gibi dizisinde g\u00f6sterdi\u011fi performansla takdir toplayan Ertan Saban, \u015fimdiler de TRT1 ekranlar\u0131n\u0131n sevilen dizisi \u201cMehmed: Fetihler Sultan\u0131\u201d dizisinde \u2018Vlad\u2019 karakteri ile seyirci kar\u015f\u0131s\u0131na \u00e7\u0131k\u0131yor.<\/p>\n<h3><img loading=\"lazy\" decoding=\"async\" class=\"alignnone wp-image-186092\" src=\"https:\/\/www.tgrthaber.com\/mavikadin\/wp-content\/uploads\/haber-gorselleri-fotoshop-2025-06-02T112527.815-1024x576.jpg\" alt=\"Ertan Saban\u2019\u0131n partneri Dilan \u00c7i\u00e7ek Deniz oldu! G\u00fczel oyuncu \u0130tiraf dizisinde rol alacak\" width=\"1208\" height=\"680\" title=\"\" srcset=\"https:\/\/www.tgrthaber.com\/mavikadin\/wp-content\/uploads\/haber-gorselleri-fotoshop-2025-06-02T112527.815-1024x576.jpg 1024w, https:\/\/www.tgrthaber.com\/mavikadin\/wp-content\/uploads\/haber-gorselleri-fotoshop-2025-06-02T112527.815-300x169.jpg 300w, https:\/\/www.tgrthaber.com\/mavikadin\/wp-content\/uploads\/haber-gorselleri-fotoshop-2025-06-02T112527.815-768x432.jpg 768w, https:\/\/www.tgrthaber.com\/mavikadin\/wp-content\/uploads\/haber-gorselleri-fotoshop-2025-06-02T112527.815-1536x864.jpg 1536w, https:\/\/www.tgrthaber.com\/mavikadin\/wp-content\/uploads\/haber-gorselleri-fotoshop-2025-06-02T112527.815.jpg 1600w\" sizes=\"(max-width: 1208px) 100vw, 1208px\" \/><\/h3>\n<hr \/>\n<h3>G\u00dcZEL OYUNCU \u0130T\u0130RAF D\u0130Z\u0130S\u0130NDE ROL ALACAK!<\/h3>\n<p>Dilan \u00c7i\u00e7ek Deniz ise dizide ba\u015frol kad\u0131n karakter olarak yer alacak. Daha \u00f6nce \u00c7ukur, Kusursuz Kirac\u0131 ve Yar\u0131na Tek Bilet gibi yap\u0131mlarda etkileyici performanslara imza atan gen\u00e7 oyuncu, bu projeyle birlikte daha karanl\u0131k ve dramatik bir rol\u00fcn alt\u0131na imza atacak.<\/p>\n<p><img loading=\"lazy\" decoding=\"async\" class=\"alignnone wp-image-186096\" src=\"https:\/\/www.tgrthaber.com\/mavikadin\/wp-content\/uploads\/haber-gorselleri-fotoshop-2025-06-02T112343.209-1024x576.jpg\" alt=\"Ertan Saban\u2019\u0131n partneri Dilan \u00c7i\u00e7ek Deniz oldu! G\u00fczel oyuncu \u0130tiraf dizisinde rol alacak\" width=\"1208\" height=\"680\" title=\"\" srcset=\"https:\/\/www.tgrthaber.com\/mavikadin\/wp-content\/uploads\/haber-gorselleri-fotoshop-2025-06-02T112343.209-1024x576.jpg 1024w, https:\/\/www.tgrthaber.com\/mavikadin\/wp-content\/uploads\/haber-gorselleri-fotoshop-2025-06-02T112343.209-300x169.jpg 300w, https:\/\/www.tgrthaber.com\/mavikadin\/wp-content\/uploads\/haber-gorselleri-fotoshop-2025-06-02T112343.209-768x432.jpg 768w, https:\/\/www.tgrthaber.com\/mavikadin\/wp-content\/uploads\/haber-gorselleri-fotoshop-2025-06-02T112343.209-1536x864.jpg 1536w, https:\/\/www.tgrthaber.com\/mavikadin\/wp-content\/uploads\/haber-gorselleri-fotoshop-2025-06-02T112343.209.jpg 1600w\" sizes=\"(max-width: 1208px) 100vw, 1208px\" \/><\/p>\n<hr \/>\n<p>TRT\u2019nin dijital platformu tabii, son d\u00f6nemde yerli yap\u0131mlara yapt\u0131\u011f\u0131 yat\u0131r\u0131mlarla dikkat \u00e7ekiyor. \u201c\u0130tiraf\u201d da bu at\u0131l\u0131m\u0131n \u00f6nemli bir par\u00e7as\u0131 olacak. \u00d6zg\u00fcn senaryosu, g\u00fc\u00e7l\u00fc oyuncu kadrosu ile \u201c\u0130tiraf\u201d, dijital izleyicinin beklentilerini kar\u015f\u0131layabilecek nitelikte bir yap\u0131m gibi g\u00f6r\u00fcn\u00fcyor.<\/p>\n<p><img loading=\"lazy\" decoding=\"async\" class=\"alignnone wp-image-186095\" src=\"https:\/\/www.tgrthaber.com\/mavikadin\/wp-content\/uploads\/haber-gorselleri-fotoshop-2025-06-02T112409.654-1024x576.jpg\" alt=\"Ertan Saban\u2019\u0131n partneri Dilan \u00c7i\u00e7ek Deniz oldu! G\u00fczel oyuncu \u0130tiraf dizisinde rol alacak\" width=\"1208\" height=\"680\" title=\"\" srcset=\"https:\/\/www.tgrthaber.com\/mavikadin\/wp-content\/uploads\/haber-gorselleri-fotoshop-2025-06-02T112409.654-1024x576.jpg 1024w, https:\/\/www.tgrthaber.com\/mavikadin\/wp-content\/uploads\/haber-gorselleri-fotoshop-2025-06-02T112409.654-300x169.jpg 300w, https:\/\/www.tgrthaber.com\/mavikadin\/wp-content\/uploads\/haber-gorselleri-fotoshop-2025-06-02T112409.654-768x432.jpg 768w, https:\/\/www.tgrthaber.com\/mavikadin\/wp-content\/uploads\/haber-gorselleri-fotoshop-2025-06-02T112409.654-1536x864.jpg 1536w, https:\/\/www.tgrthaber.com\/mavikadin\/wp-content\/uploads\/haber-gorselleri-fotoshop-2025-06-02T112409.654.jpg 1600w\" sizes=\"(max-width: 1208px) 100vw, 1208px\" \/><\/p>\n<hr \/>\n<p>Bu projeyle Ertan Saban ve Dilan \u00c7i\u00e7ek Deniz ilk kez birlikte kamera kar\u015f\u0131s\u0131na ge\u00e7ecek. \u0130kilinin enerjisi ve oyunculuk uyumu, dizinin ba\u015far\u0131s\u0131nda \u00f6nemli bir rol oynayacak gibi g\u00f6r\u00fcn\u00fcyor.<\/p>\n<p><img loading=\"lazy\" decoding=\"async\" class=\"alignnone wp-image-186093\" src=\"https:\/\/www.tgrthaber.com\/mavikadin\/wp-content\/uploads\/haber-gorselleri-fotoshop-2025-06-02T112521.175-1024x576.jpg\" alt=\"Ertan Saban\u2019\u0131n partneri Dilan \u00c7i\u00e7ek Deniz oldu! G\u00fczel oyuncu \u0130tiraf dizisinde rol alacak\" width=\"1208\" height=\"680\" title=\"\" srcset=\"https:\/\/www.tgrthaber.com\/mavikadin\/wp-content\/uploads\/haber-gorselleri-fotoshop-2025-06-02T112521.175-1024x576.jpg 1024w, https:\/\/www.tgrthaber.com\/mavikadin\/wp-content\/uploads\/haber-gorselleri-fotoshop-2025-06-02T112521.175-300x169.jpg 300w, https:\/\/www.tgrthaber.com\/mavikadin\/wp-content\/uploads\/haber-gorselleri-fotoshop-2025-06-02T112521.175-768x432.jpg 768w, https:\/\/www.tgrthaber.com\/mavikadin\/wp-content\/uploads\/haber-gorselleri-fotoshop-2025-06-02T112521.175-1536x864.jpg 1536w, https:\/\/www.tgrthaber.com\/mavikadin\/wp-content\/uploads\/haber-gorselleri-fotoshop-2025-06-02T112521.175.jpg 1600w\" sizes=\"(max-width: 1208px) 100vw, 1208px\" \/><\/p>\n<hr \/>\n<p>Dizinin yay\u0131n tarihi hen\u00fcz a\u00e7\u0131klanmad\u0131 ancak yap\u0131m\u0131n 2025 sonbahar\u0131nda izleyiciyle bulu\u015fmas\u0131 bekleniyor. Televizyon ve dijital dizi d\u00fcnyas\u0131ndaki geli\u015fmeleri takip edenler i\u00e7in \u201c\u0130tiraf\u201d, takibe al\u0131nmas\u0131 gereken projelerin ba\u015f\u0131nda geliyor.<\/p>\n","protected":false},"excerpt":{"rendered":"<p>Ba\u015far\u0131l\u0131 oyuncu Ertan Saban ile g\u00fczel oyuncu Dilan \u00c7i\u00e7ek Deniz, tabii platformunda yay\u0131nlanacak yeni dizi \u201c\u0130tiraf\u201d i\u00e7in ayn\u0131 projede bulu\u015ftu. Ertan Saban\u2019\u0131n partneri Dilan \u00c7i\u00e7ek Deniz oldu. \u0130\u015fte detaylar\u2026<\/p>\n","protected":false},"author":34,"featured_media":186098,"comment_status":"closed","ping_status":"closed","sticky":false,"template":"","format":"standard","meta":{"rank_math_lock_modified_date":false,"footnotes":""},"categories":[602],"tags":[4369,2628,13654,21437],"class_list":["post-186081","post","type-post","status-publish","format-standard","has-post-thumbnail","hentry","category-diziler","tag-dilan-cicek-deniz","tag-dizi-haberleri","tag-ertan-saban","tag-itiraf-dizisi"],"_links":{"self":[{"href":"https:\/\/www.tgrthaber.com\/mavikadin\/wp-json\/wp\/v2\/posts\/186081"}],"collection":[{"href":"https:\/\/www.tgrthaber.com\/mavikadin\/wp-json\/wp\/v2\/posts"}],"about":[{"href":"https:\/\/www.tgrthaber.com\/mavikadin\/wp-json\/wp\/v2\/types\/post"}],"author":[{"embeddable":true,"href":"https:\/\/www.tgrthaber.com\/mavikadin\/wp-json\/wp\/v2\/users\/34"}],"replies":[{"embeddable":true,"href":"https:\/\/www.tgrthaber.com\/mavikadin\/wp-json\/wp\/v2\/comments?post=186081"}],"version-history":[{"count":2,"href":"https:\/\/www.tgrthaber.com\/mavikadin\/wp-json\/wp\/v2\/posts\/186081\/revisions"}],"predecessor-version":[{"id":186100,"href":"https:\/\/www.tgrthaber.com\/mavikadin\/wp-json\/wp\/v2\/posts\/186081\/revisions\/186100"}],"wp:featuredmedia":[{"embeddable":true,"href":"https:\/\/www.tgrthaber.com\/mavikadin\/wp-json\/wp\/v2\/media\/186098"}],"wp:attachment":[{"href":"https:\/\/www.tgrthaber.com\/mavikadin\/wp-json\/wp\/v2\/media?parent=186081"}],"wp:term":[{"taxonomy":"category","embeddable":true,"href":"https:\/\/www.tgrthaber.com\/mavikadin\/wp-json\/wp\/v2\/categories?post=186081"},{"taxonomy":"post_tag","embeddable":true,"href":"https:\/\/www.tgrthaber.com\/mavikadin\/wp-json\/wp\/v2\/tags?post=186081"}],"curies":[{"name":"wp","href":"https:\/\/api.w.org\/{rel}","templated":true}]}}