{"id":186102,"date":"2025-06-02T11:56:33","date_gmt":"2025-06-02T08:56:33","guid":{"rendered":"https:\/\/www.tgrthaber.com\/mavikadin\/?p=186102"},"modified":"2025-06-02T11:56:33","modified_gmt":"2025-06-02T08:56:33","slug":"makarna-degil-sov-sadece-10-dakikada-restoran-lezzeti","status":"publish","type":"post","link":"https:\/\/www.tgrthaber.com\/mavikadin\/makarna-degil-sov-sadece-10-dakikada-restoran-lezzeti\/","title":{"rendered":"Makarna de\u011fil \u015fov! Sadece 10 dakikada restoran lezzeti"},"content":{"rendered":"<p>Makarna ku\u015fkusuz k\u00fc\u00e7\u00fckten b\u00fcy\u00fc\u011fe herkesin en \u00e7ok sevdi\u011fi yemek. Peki makarnan\u0131z\u0131 restoran lezzetiyle \u00e7ok k\u0131sa s\u00fcrede pi\u015firmek ister misiniz? \u0130\u015fte adeta \u015fov yapt\u0131ran makarna tarifi<\/p>\n<h3>MAKARNA DE\u011e\u0130L \u015eOV!<\/h3>\n<p>Kremal\u0131 Makarna Tarifi \u0130\u00e7in Malzemeler<\/p>\n<p>1 paket makarna<br \/>\n1 tatl\u0131 ka\u015f\u0131\u011f\u0131 tuz (makarna ha\u015flan\u0131rken)<br \/>\n1 paket krema (200 ml)<br \/>\nYar\u0131m \u00e7ay ka\u015f\u0131\u011f\u0131 kuru fesle\u011fen<br \/>\n4 yemek ka\u015f\u0131\u011f\u0131 rendelenmi\u015f ka\u015far peyniri<br \/>\nYar\u0131m \u00e7ay ka\u015f\u0131\u011f\u0131 karabiber<br \/>\nYar\u0131m \u00e7ay ka\u015f\u0131\u011f\u0131 tuz<\/p>\n<p><img loading=\"lazy\" decoding=\"async\" class=\"alignnone size-full wp-image-186111\" src=\"https:\/\/www.tgrthaber.com\/mavikadin\/wp-content\/uploads\/Makarna-1.png\" alt=\"\" width=\"1208\" height=\"680\" title=\"\" srcset=\"https:\/\/www.tgrthaber.com\/mavikadin\/wp-content\/uploads\/Makarna-1.png 1208w, https:\/\/www.tgrthaber.com\/mavikadin\/wp-content\/uploads\/Makarna-1-300x169.png 300w, https:\/\/www.tgrthaber.com\/mavikadin\/wp-content\/uploads\/Makarna-1-1024x576.png 1024w, https:\/\/www.tgrthaber.com\/mavikadin\/wp-content\/uploads\/Makarna-1-768x432.png 768w\" sizes=\"(max-width: 1208px) 100vw, 1208px\" \/><\/p>\n<hr \/>\n<h3>KREMALI MAKARNA TAR\u0130F\u0130 NASIL YAPILIR?<\/h3>\n<p>Kremal\u0131 makarna i\u00e7in \u00f6ncelikle tencerenin yar\u0131s\u0131na kadar su koyun ve kaynamaya b\u0131rak\u0131n. Kaynad\u0131\u011f\u0131nda i\u00e7ine tuzu at\u0131n ve biraz kar\u0131\u015ft\u0131r\u0131n. 1 paket makarnay\u0131 da kaynayan suya at\u0131n. Makarna paketinde yazan pi\u015firme s\u00fcresinden 2-3 dakika az ha\u015flay\u0131n. Ard\u0131ndan makarnay\u0131 s\u00fcz\u00fcn.<\/p>\n<p>Bir yandan uygun bir tencereye kremay\u0131 ekleyip k\u0131s\u0131k ate\u015fte \u0131s\u0131tmaya ba\u015flay\u0131n. \u0130\u00e7ine tuzu, karabiberi ve kuru fesle\u011feni ilave edin.<br \/>\nHafif\u00e7e kaynamaya ba\u015flad\u0131\u011f\u0131nda k\u0131vam\u0131 yo\u011funla\u015ft\u0131\u011f\u0131nda, i\u00e7erisine ha\u015flay\u0131p s\u00fczd\u00fc\u011f\u00fcn\u00fcz makarnay\u0131 koyun.<br \/>\nTahta ka\u015f\u0131kla kar\u0131\u015ft\u0131r\u0131p makarna kremay\u0131 iyice \u00e7ekti\u011finde oca\u011f\u0131n alt\u0131n\u0131 kapat\u0131n. Taba\u011fa al\u0131n ve \u00fczerine rendelenmi\u015f peyniri serpin.<\/p>\n<p><img loading=\"lazy\" decoding=\"async\" class=\"alignnone size-full wp-image-186112\" src=\"https:\/\/www.tgrthaber.com\/mavikadin\/wp-content\/uploads\/Makarna-2.png\" alt=\"\" width=\"1208\" height=\"680\" title=\"\" srcset=\"https:\/\/www.tgrthaber.com\/mavikadin\/wp-content\/uploads\/Makarna-2.png 1208w, https:\/\/www.tgrthaber.com\/mavikadin\/wp-content\/uploads\/Makarna-2-300x169.png 300w, https:\/\/www.tgrthaber.com\/mavikadin\/wp-content\/uploads\/Makarna-2-1024x576.png 1024w, https:\/\/www.tgrthaber.com\/mavikadin\/wp-content\/uploads\/Makarna-2-768x432.png 768w\" sizes=\"(max-width: 1208px) 100vw, 1208px\" \/><\/p>\n<hr \/>\n<h3>KREMALI MAKARNA TAR\u0130F\u0130N\u0130N P\u0130\u015e\u0130RME \u00d6NER\u0130S\u0130<\/h3>\n<p>G\u00fczel bir makarna istiyorsan\u0131z Al dente seviyesinde ha\u015flaman\u0131z \u00f6neriliyor.<\/p>\n<h3>KREMALI MAKARNADA KREMA YER\u0130NE S\u00dcT KULLANILIR MI?<\/h3>\n<p>Kremal\u0131 makarna haz\u0131rlarken krema yerine s\u00fct kullan\u0131labilir. S\u00fct\u00fcn k\u0131vam\u0131 krema kadar yo\u011fun olmayaca\u011f\u0131 i\u00e7in sos daha ak\u0131\u015fkan olur. Bu detay\u0131 unutmadan haz\u0131rlaman\u0131zda fayda var.<\/p>\n<p><img loading=\"lazy\" decoding=\"async\" class=\"alignnone size-full wp-image-186113\" src=\"https:\/\/www.tgrthaber.com\/mavikadin\/wp-content\/uploads\/Makarna-3.png\" alt=\"\" width=\"1208\" height=\"680\" title=\"\" srcset=\"https:\/\/www.tgrthaber.com\/mavikadin\/wp-content\/uploads\/Makarna-3.png 1208w, https:\/\/www.tgrthaber.com\/mavikadin\/wp-content\/uploads\/Makarna-3-300x169.png 300w, https:\/\/www.tgrthaber.com\/mavikadin\/wp-content\/uploads\/Makarna-3-1024x576.png 1024w, https:\/\/www.tgrthaber.com\/mavikadin\/wp-content\/uploads\/Makarna-3-768x432.png 768w\" sizes=\"(max-width: 1208px) 100vw, 1208px\" \/><\/p>\n<hr \/>\n<h3>KREMALI MAKARNA SOSUNUN KIVAMI NASIL KOYULA\u015eTIRILIR?<\/h3>\n<p>Sosu yo\u011funla\u015ft\u0131rmak i\u00e7in birka\u00e7 y\u00f6ntem bulunuyor. Bir miktar un veya ni\u015fasta ekleyerek k\u0131vam\u0131 yo\u011funla\u015ft\u0131rabilirsiniz. Ayr\u0131ca rendelenmi\u015f parmesan peyniri gibi yo\u011fun peynirler de kullanabilirsiniz.<\/p>\n<h3>KREMALI MAKARNA SOSU TOPAKLANMADAN NASIL YAPILIR?<\/h3>\n<p>Kreman\u0131n topaklanmamas\u0131 i\u00e7in k\u0131s\u0131k ate\u015fte azar azar krema eklenmelidir. S\u00fcrekli \u00e7\u0131rparak spatula ile kar\u0131\u015ft\u0131r\u0131lmal\u0131d\u0131r.<\/p>\n<p><img loading=\"lazy\" decoding=\"async\" class=\"alignnone size-full wp-image-186114\" src=\"https:\/\/www.tgrthaber.com\/mavikadin\/wp-content\/uploads\/Makarna-5.png\" alt=\"\" width=\"1208\" height=\"680\" title=\"\" srcset=\"https:\/\/www.tgrthaber.com\/mavikadin\/wp-content\/uploads\/Makarna-5.png 1208w, https:\/\/www.tgrthaber.com\/mavikadin\/wp-content\/uploads\/Makarna-5-300x169.png 300w, https:\/\/www.tgrthaber.com\/mavikadin\/wp-content\/uploads\/Makarna-5-1024x576.png 1024w, https:\/\/www.tgrthaber.com\/mavikadin\/wp-content\/uploads\/Makarna-5-768x432.png 768w\" sizes=\"(max-width: 1208px) 100vw, 1208px\" \/><\/p>\n<hr \/>\n<h3>KREMALI MAKARNAYA HANG\u0130 OTLAR EKLENMEL\u0130D\u0130R?<\/h3>\n<p>Kremal\u0131 makarnaya en \u00e7ok yak\u0131\u015fan otlar: taze kekik, frenk so\u011fan\u0131, fesle\u011fen, maydanoz ve dereotu olarak bilinir.<\/p>\n<p>Baharat olarak ise muskat rendesi, karabiber, pul biber ve sar\u0131msak tozu kullan\u0131labilir.<\/p>\n","protected":false},"excerpt":{"rendered":"<p>Restoranlarda yedi\u011finiz makarnay\u0131 evinizde de yapabilirsiniz. Lezzetiyle parmak \u0131s\u0131rtan adeta \u015fov yapaca\u011f\u0131n\u0131z bu makarna i\u00e7in malzeme listesi de hi\u00e7 kar\u0131\u015f\u0131k de\u011fil.<\/p>\n","protected":false},"author":5,"featured_media":186115,"comment_status":"closed","ping_status":"closed","sticky":false,"template":"","format":"standard","meta":{"rank_math_lock_modified_date":false,"footnotes":""},"categories":[191],"tags":[23538,23536,2239,23537,3411],"class_list":["post-186102","post","type-post","status-publish","format-standard","has-post-thumbnail","hentry","category-yemek-tarifleri","tag-krema","tag-kremali-makarna","tag-makarna","tag-restoran-makarnasi","tag-yemek-tarifleri"],"_links":{"self":[{"href":"https:\/\/www.tgrthaber.com\/mavikadin\/wp-json\/wp\/v2\/posts\/186102"}],"collection":[{"href":"https:\/\/www.tgrthaber.com\/mavikadin\/wp-json\/wp\/v2\/posts"}],"about":[{"href":"https:\/\/www.tgrthaber.com\/mavikadin\/wp-json\/wp\/v2\/types\/post"}],"author":[{"embeddable":true,"href":"https:\/\/www.tgrthaber.com\/mavikadin\/wp-json\/wp\/v2\/users\/5"}],"replies":[{"embeddable":true,"href":"https:\/\/www.tgrthaber.com\/mavikadin\/wp-json\/wp\/v2\/comments?post=186102"}],"version-history":[{"count":2,"href":"https:\/\/www.tgrthaber.com\/mavikadin\/wp-json\/wp\/v2\/posts\/186102\/revisions"}],"predecessor-version":[{"id":186117,"href":"https:\/\/www.tgrthaber.com\/mavikadin\/wp-json\/wp\/v2\/posts\/186102\/revisions\/186117"}],"wp:featuredmedia":[{"embeddable":true,"href":"https:\/\/www.tgrthaber.com\/mavikadin\/wp-json\/wp\/v2\/media\/186115"}],"wp:attachment":[{"href":"https:\/\/www.tgrthaber.com\/mavikadin\/wp-json\/wp\/v2\/media?parent=186102"}],"wp:term":[{"taxonomy":"category","embeddable":true,"href":"https:\/\/www.tgrthaber.com\/mavikadin\/wp-json\/wp\/v2\/categories?post=186102"},{"taxonomy":"post_tag","embeddable":true,"href":"https:\/\/www.tgrthaber.com\/mavikadin\/wp-json\/wp\/v2\/tags?post=186102"}],"curies":[{"name":"wp","href":"https:\/\/api.w.org\/{rel}","templated":true}]}}