{"id":186182,"date":"2025-06-02T13:51:02","date_gmt":"2025-06-02T10:51:02","guid":{"rendered":"https:\/\/www.tgrthaber.com\/mavikadin\/?p=186182"},"modified":"2025-06-02T13:51:02","modified_gmt":"2025-06-02T10:51:02","slug":"cildi-surekli-kizaranlar-dikkat-hassas-degil-susuz-olabilir","status":"publish","type":"post","link":"https:\/\/www.tgrthaber.com\/mavikadin\/cildi-surekli-kizaranlar-dikkat-hassas-degil-susuz-olabilir\/","title":{"rendered":"Cildi s\u00fcrekli k\u0131zaranlar dikkat! Hassas de\u011fil susuz olabilir"},"content":{"rendered":"<p>K\u0131zar\u0131k yanaklar, ani s\u0131cak basmalar\u0131 ya da gerginlik hissi. Pek \u00e7ok ki\u015fi bu t\u00fcr cilt tepkilerini \u201chassas cilt\u201d olarak tan\u0131mlasa da i\u015fin asl\u0131 her zaman \u00f6yle olmayabilir. \u00c7\u00fcnk\u00fc cilt, sadece d\u0131\u015f etkenlere de\u011fil, ayn\u0131 zamanda i\u00e7 dengesine de tepki verir. Cildinizin g\u00f6sterdi\u011fi bu k\u0131zar\u0131kl\u0131klar, asl\u0131nda bir susuzluk sinyali olabilir. \u0130\u015fte detaylar\u2026<\/p>\n<h3>C\u0130LD\u0130 S\u00dcREKL\u0130 KIZARANLAR D\u0130KKAT!<\/h3>\n<p>Ciltte aniden ortaya \u00e7\u0131kan k\u0131zar\u0131kl\u0131klar \u00e7o\u011fu zaman hassasiyetle ili\u015fkilendirilse de bu durum san\u0131landan farkl\u0131 bir nedene ba\u011fl\u0131 olabilir. Cilt susuzlu\u011fu kimi zaman hassasiyetle kar\u0131\u015ft\u0131r\u0131labiliyor.<\/p>\n<p><img loading=\"lazy\" decoding=\"async\" class=\"alignnone wp-image-186195\" src=\"https:\/\/www.tgrthaber.com\/mavikadin\/wp-content\/uploads\/haber-gorselleri-fotoshop-2025-06-02T134103.486-1024x576.jpg\" alt=\"Cildi s\u00fcrekli k\u0131zaranlar dikkat! Hassas de\u011fil susuz olabilir\" width=\"1208\" height=\"680\" title=\"\" srcset=\"https:\/\/www.tgrthaber.com\/mavikadin\/wp-content\/uploads\/haber-gorselleri-fotoshop-2025-06-02T134103.486-1024x576.jpg 1024w, https:\/\/www.tgrthaber.com\/mavikadin\/wp-content\/uploads\/haber-gorselleri-fotoshop-2025-06-02T134103.486-300x169.jpg 300w, https:\/\/www.tgrthaber.com\/mavikadin\/wp-content\/uploads\/haber-gorselleri-fotoshop-2025-06-02T134103.486-768x432.jpg 768w, https:\/\/www.tgrthaber.com\/mavikadin\/wp-content\/uploads\/haber-gorselleri-fotoshop-2025-06-02T134103.486-1536x864.jpg 1536w, https:\/\/www.tgrthaber.com\/mavikadin\/wp-content\/uploads\/haber-gorselleri-fotoshop-2025-06-02T134103.486.jpg 1600w\" sizes=\"(max-width: 1208px) 100vw, 1208px\" \/><\/p>\n<hr \/>\n<p>K\u0131zar\u0131kl\u0131k, yanma hissi, gerginlik ya da pul pul d\u00f6k\u00fclme gibi \u015fikayetlerle dermatoloji kliniklerine ba\u015fvuran bir\u00e7ok ki\u015finin asl\u0131nda \u201chassas ciltli\u201d de\u011fil, nemini kaybetmi\u015f bir cilde sahip oldu\u011fu ortaya \u00e7\u0131k\u0131yor.<\/p>\n<p><img loading=\"lazy\" decoding=\"async\" class=\"alignnone wp-image-186191\" src=\"https:\/\/www.tgrthaber.com\/mavikadin\/wp-content\/uploads\/haber-gorselleri-fotoshop-2025-06-02T134523.485-1024x576.jpg\" alt=\"Cildi s\u00fcrekli k\u0131zaranlar dikkat! Hassas de\u011fil susuz olabilir\" width=\"1208\" height=\"680\" title=\"\" srcset=\"https:\/\/www.tgrthaber.com\/mavikadin\/wp-content\/uploads\/haber-gorselleri-fotoshop-2025-06-02T134523.485-1024x576.jpg 1024w, https:\/\/www.tgrthaber.com\/mavikadin\/wp-content\/uploads\/haber-gorselleri-fotoshop-2025-06-02T134523.485-300x169.jpg 300w, https:\/\/www.tgrthaber.com\/mavikadin\/wp-content\/uploads\/haber-gorselleri-fotoshop-2025-06-02T134523.485-768x432.jpg 768w, https:\/\/www.tgrthaber.com\/mavikadin\/wp-content\/uploads\/haber-gorselleri-fotoshop-2025-06-02T134523.485-1536x864.jpg 1536w, https:\/\/www.tgrthaber.com\/mavikadin\/wp-content\/uploads\/haber-gorselleri-fotoshop-2025-06-02T134523.485.jpg 1600w\" sizes=\"(max-width: 1208px) 100vw, 1208px\" \/><\/p>\n<hr \/>\n<p>G\u00fcnl\u00fck ya\u015famda kar\u015f\u0131la\u015ft\u0131\u011f\u0131m\u0131z hava de\u011fi\u015fimleri, klima kullan\u0131m\u0131, yetersiz su t\u00fcketimi ve yanl\u0131\u015f cilt bak\u0131m \u00fcr\u00fcnleri gibi fakt\u00f6rler, cildin nem dengesini bozabilir. Bu da zamanla cildin do\u011fal koruma bariyerini zay\u0131flat\u0131r.<\/p>\n<p><img loading=\"lazy\" decoding=\"async\" class=\"alignnone wp-image-186196\" src=\"https:\/\/www.tgrthaber.com\/mavikadin\/wp-content\/uploads\/haber-gorselleri-fotoshop-2025-06-02T134053.147-1024x576.jpg\" alt=\"Cildi s\u00fcrekli k\u0131zaranlar dikkat! Hassas de\u011fil susuz olabilir\" width=\"1208\" height=\"680\" title=\"\" srcset=\"https:\/\/www.tgrthaber.com\/mavikadin\/wp-content\/uploads\/haber-gorselleri-fotoshop-2025-06-02T134053.147-1024x576.jpg 1024w, https:\/\/www.tgrthaber.com\/mavikadin\/wp-content\/uploads\/haber-gorselleri-fotoshop-2025-06-02T134053.147-300x169.jpg 300w, https:\/\/www.tgrthaber.com\/mavikadin\/wp-content\/uploads\/haber-gorselleri-fotoshop-2025-06-02T134053.147-768x432.jpg 768w, https:\/\/www.tgrthaber.com\/mavikadin\/wp-content\/uploads\/haber-gorselleri-fotoshop-2025-06-02T134053.147-1536x864.jpg 1536w, https:\/\/www.tgrthaber.com\/mavikadin\/wp-content\/uploads\/haber-gorselleri-fotoshop-2025-06-02T134053.147.jpg 1600w\" sizes=\"(max-width: 1208px) 100vw, 1208px\" \/><\/p>\n<hr \/>\n<p>Bu noktada \u00f6nemli bir fark\u0131 belirtmek gerekiyor. Ciltteki nem eksikli\u011fi ile ya\u011f eksikli\u011fi ayn\u0131 \u015fey de\u011fildir. Ya\u011fl\u0131 bir cilt bile nemsiz kalabilir. Bu nedenle \u201ccildim zaten parl\u0131yor, nemlendiriciye ihtiyac\u0131m yok\u201d d\u00fc\u015f\u00fcncesi, cilt sa\u011fl\u0131\u011f\u0131 a\u00e7\u0131s\u0131ndan olduk\u00e7a yan\u0131lt\u0131c\u0131 olabilir.<\/p>\n<h3><img loading=\"lazy\" decoding=\"async\" class=\"alignnone wp-image-186194\" src=\"https:\/\/www.tgrthaber.com\/mavikadin\/wp-content\/uploads\/haber-gorselleri-fotoshop-2025-06-02T134120.536-1024x576.jpg\" alt=\"Cildi s\u00fcrekli k\u0131zaranlar dikkat! Hassas de\u011fil susuz olabilir\" width=\"1208\" height=\"680\" title=\"\" srcset=\"https:\/\/www.tgrthaber.com\/mavikadin\/wp-content\/uploads\/haber-gorselleri-fotoshop-2025-06-02T134120.536-1024x576.jpg 1024w, https:\/\/www.tgrthaber.com\/mavikadin\/wp-content\/uploads\/haber-gorselleri-fotoshop-2025-06-02T134120.536-300x169.jpg 300w, https:\/\/www.tgrthaber.com\/mavikadin\/wp-content\/uploads\/haber-gorselleri-fotoshop-2025-06-02T134120.536-768x432.jpg 768w, https:\/\/www.tgrthaber.com\/mavikadin\/wp-content\/uploads\/haber-gorselleri-fotoshop-2025-06-02T134120.536-1536x864.jpg 1536w, https:\/\/www.tgrthaber.com\/mavikadin\/wp-content\/uploads\/haber-gorselleri-fotoshop-2025-06-02T134120.536.jpg 1600w\" sizes=\"(max-width: 1208px) 100vw, 1208px\" \/><\/h3>\n<hr \/>\n<h3>HASSAS DE\u011e\u0130L SUSUZ OLAB\u0130L\u0130R<\/h3>\n<p>Cilt susuz kald\u0131\u011f\u0131nda kendini savunmas\u0131z hisseder. Bu da \u00e7evresel fakt\u00f6rlere kar\u015f\u0131 daha tepkisel hale gelmesine yol a\u00e7ar. Asl\u0131nda bir uyar\u0131 sistemi gibi \u00e7al\u0131\u015fan cilt, k\u0131zararak ya da gerginle\u015ferek nem ihtiyac\u0131n\u0131 dile getirir. Bu nedenle, ciltte s\u00fcrekli g\u00f6r\u00fclen k\u0131zar\u0131kl\u0131klar ve hassasiyet \u015fikayetleri, do\u011fru \u00fcr\u00fcnlerle yap\u0131lan nemlendirme rutini sayesinde b\u00fcy\u00fck oranda azalabilir.<\/p>\n<h3><img loading=\"lazy\" decoding=\"async\" class=\"alignnone wp-image-186188\" src=\"https:\/\/www.tgrthaber.com\/mavikadin\/wp-content\/uploads\/haber-gorselleri-fotoshop-2025-06-02T134544.994-1024x576.jpg\" alt=\"Cildi s\u00fcrekli k\u0131zaranlar dikkat! Hassas de\u011fil susuz olabilir\" width=\"1208\" height=\"680\" title=\"\" srcset=\"https:\/\/www.tgrthaber.com\/mavikadin\/wp-content\/uploads\/haber-gorselleri-fotoshop-2025-06-02T134544.994-1024x576.jpg 1024w, https:\/\/www.tgrthaber.com\/mavikadin\/wp-content\/uploads\/haber-gorselleri-fotoshop-2025-06-02T134544.994-300x169.jpg 300w, https:\/\/www.tgrthaber.com\/mavikadin\/wp-content\/uploads\/haber-gorselleri-fotoshop-2025-06-02T134544.994-768x432.jpg 768w, https:\/\/www.tgrthaber.com\/mavikadin\/wp-content\/uploads\/haber-gorselleri-fotoshop-2025-06-02T134544.994-1536x864.jpg 1536w, https:\/\/www.tgrthaber.com\/mavikadin\/wp-content\/uploads\/haber-gorselleri-fotoshop-2025-06-02T134544.994.jpg 1600w\" sizes=\"(max-width: 1208px) 100vw, 1208px\" \/><\/h3>\n<hr \/>\n<h3>C\u0130LD\u0130N SUSUZ KALMASINI \u00d6NLEY\u0130N<\/h3>\n<p>Cildin susuz kalmas\u0131n\u0131 \u00f6nlemek i\u00e7in g\u00fcnl\u00fck ya\u015famda birka\u00e7 basit al\u0131\u015fkanl\u0131k yeterli olabilir:<\/p>\n<p>G\u00fcnde en az 1.5-2 litre su i\u00e7meye \u00f6zen g\u00f6sterin.<\/p>\n<p>Alkol, parf\u00fcm veya sert kimyasallar i\u00e7eren \u00fcr\u00fcnlerden uzak durun.<\/p>\n<p>Su bazl\u0131, hafif dokulu nemlendiriciler tercih edin.<\/p>\n<p>Cildi g\u00fcnde en fazla iki kez nazik\u00e7e temizleyin.<\/p>\n<p>Nem maskeleri ve hyaluronik asit gibi i\u00e7erikleri haftal\u0131k rutine dahil edin.<\/p>\n<p>&nbsp;<\/p>\n<p><img loading=\"lazy\" decoding=\"async\" class=\"alignnone wp-image-186192\" src=\"https:\/\/www.tgrthaber.com\/mavikadin\/wp-content\/uploads\/haber-gorselleri-fotoshop-2025-06-02T134131.578-1024x576.jpg\" alt=\"Cildi s\u00fcrekli k\u0131zaranlar dikkat! Hassas de\u011fil susuz olabilir\" width=\"1208\" height=\"680\" title=\"\" srcset=\"https:\/\/www.tgrthaber.com\/mavikadin\/wp-content\/uploads\/haber-gorselleri-fotoshop-2025-06-02T134131.578-1024x576.jpg 1024w, https:\/\/www.tgrthaber.com\/mavikadin\/wp-content\/uploads\/haber-gorselleri-fotoshop-2025-06-02T134131.578-300x169.jpg 300w, https:\/\/www.tgrthaber.com\/mavikadin\/wp-content\/uploads\/haber-gorselleri-fotoshop-2025-06-02T134131.578-768x432.jpg 768w, https:\/\/www.tgrthaber.com\/mavikadin\/wp-content\/uploads\/haber-gorselleri-fotoshop-2025-06-02T134131.578-1536x864.jpg 1536w, https:\/\/www.tgrthaber.com\/mavikadin\/wp-content\/uploads\/haber-gorselleri-fotoshop-2025-06-02T134131.578.jpg 1600w\" sizes=\"(max-width: 1208px) 100vw, 1208px\" \/><\/p>\n<hr \/>\n<p>E\u011fer cildiniz s\u0131k s\u0131k k\u0131zar\u0131yor, ka\u015f\u0131n\u0131yor ya da gergin hissediyorsa, hemen \u201chassas ciltliyim\u201d diyerek ge\u00e7i\u015ftirmeyin. Belki de cildiniz sadece biraz daha fazla su istiyordur. Do\u011fru nem dengesiyle tan\u0131\u015fan bir cilt, k\u0131sa s\u00fcrede daha sakin ve sa\u011fl\u0131kl\u0131 bir g\u00f6r\u00fcn\u00fcm kazanabilir.<\/p>\n","protected":false},"excerpt":{"rendered":"<p>Cildiniz durduk yere k\u0131zar\u0131yor, yan\u0131yor ya da geriliyorsa tek su\u00e7lu hassasiyet olmayabilir. Bu belirtiler, cildin susuz kald\u0131\u011f\u0131n\u0131 g\u00f6steriyor olabilir. \u0130\u015fte detaylar\u2026<\/p>\n","protected":false},"author":34,"featured_media":186187,"comment_status":"closed","ping_status":"closed","sticky":false,"template":"","format":"standard","meta":{"rank_math_lock_modified_date":false,"footnotes":""},"categories":[95],"tags":[23550,11403,23551],"class_list":["post-186182","post","type-post","status-publish","format-standard","has-post-thumbnail","hentry","category-guzellik","tag-cilt-kizarikligi","tag-guzellik-haberleri","tag-hassas-cilt"],"_links":{"self":[{"href":"https:\/\/www.tgrthaber.com\/mavikadin\/wp-json\/wp\/v2\/posts\/186182"}],"collection":[{"href":"https:\/\/www.tgrthaber.com\/mavikadin\/wp-json\/wp\/v2\/posts"}],"about":[{"href":"https:\/\/www.tgrthaber.com\/mavikadin\/wp-json\/wp\/v2\/types\/post"}],"author":[{"embeddable":true,"href":"https:\/\/www.tgrthaber.com\/mavikadin\/wp-json\/wp\/v2\/users\/34"}],"replies":[{"embeddable":true,"href":"https:\/\/www.tgrthaber.com\/mavikadin\/wp-json\/wp\/v2\/comments?post=186182"}],"version-history":[{"count":1,"href":"https:\/\/www.tgrthaber.com\/mavikadin\/wp-json\/wp\/v2\/posts\/186182\/revisions"}],"predecessor-version":[{"id":186197,"href":"https:\/\/www.tgrthaber.com\/mavikadin\/wp-json\/wp\/v2\/posts\/186182\/revisions\/186197"}],"wp:featuredmedia":[{"embeddable":true,"href":"https:\/\/www.tgrthaber.com\/mavikadin\/wp-json\/wp\/v2\/media\/186187"}],"wp:attachment":[{"href":"https:\/\/www.tgrthaber.com\/mavikadin\/wp-json\/wp\/v2\/media?parent=186182"}],"wp:term":[{"taxonomy":"category","embeddable":true,"href":"https:\/\/www.tgrthaber.com\/mavikadin\/wp-json\/wp\/v2\/categories?post=186182"},{"taxonomy":"post_tag","embeddable":true,"href":"https:\/\/www.tgrthaber.com\/mavikadin\/wp-json\/wp\/v2\/tags?post=186182"}],"curies":[{"name":"wp","href":"https:\/\/api.w.org\/{rel}","templated":true}]}}