{"id":186183,"date":"2025-06-02T13:47:04","date_gmt":"2025-06-02T10:47:04","guid":{"rendered":"https:\/\/www.tgrthaber.com\/mavikadin\/?p=186183"},"modified":"2025-09-19T16:42:55","modified_gmt":"2025-09-19T13:42:55","slug":"yozgatli-kadinlar-yufka-acarak-kulturel-mirasi-yasatiyor-aile-butcelerine-katki-sagliyorlar","status":"publish","type":"post","link":"https:\/\/www.tgrthaber.com\/mavikadin\/yozgatli-kadinlar-yufka-acarak-kulturel-mirasi-yasatiyor-aile-butcelerine-katki-sagliyorlar\/","title":{"rendered":"Yozgatl\u0131 kad\u0131nlar yufka a\u00e7arak k\u00fclt\u00fcrel miras\u0131 ya\u015fat\u0131yor! Aile b\u00fct\u00e7elerine katk\u0131 sa\u011fl\u0131yorlar"},"content":{"rendered":"<p>Yozgat&#8217;ta imece usul\u00fc yufka a\u00e7an kad\u0131nlar hem k\u00fclt\u00fcrel miras\u0131 ya\u015fat\u0131yor hem de aile b\u00fct\u00e7esine katk\u0131 sa\u011fl\u0131yor.<\/p>\n<h3>YOZGATLI KADINLAR YUFKA A\u00c7ARAK K\u00dcLT\u00dcREL M\u0130RASI YA\u015eATIYOR<\/h3>\n<p>Kentte mutfaklar\u0131n vazge\u00e7ilmezi yufka ekmekler imece usul\u00fcyle yap\u0131lan geleneksel y\u00f6ntemlerle haz\u0131rlan\u0131yor. Kad\u0131\u015fehri il\u00e7esine ba\u011fl\u0131 G\u00fcm\u00fc\u015fdi\u011fin K\u00f6y\u00fcnde ekmek yapan kad\u0131nlar un, su, tuz gibi temel malzemelerden yapt\u0131klar\u0131 hamurlar\u0131 yo\u011furuyor. Bezeler halinde haz\u0131rlanan hamur a\u00e7\u0131larak sac \u00fczerinde pi\u015firiliyor. Daha sonra evlerin serin yerlerinde muhafaza edilen yufka ekmekler, uzun s\u00fcre sonra dahi t\u00fcketilebiliyor. Bu gelenek sayesinde kad\u0131nlar hem k\u00fclt\u00fcrel miras\u0131 ya\u015fat\u0131yor hem de aile b\u00fct\u00e7esine katk\u0131 sa\u011fl\u0131yor. \u0130mece usul\u00fc yufka ekmek yap\u0131m\u0131 bir yemek haz\u0131rlama s\u00fcreci olman\u0131n \u00f6tesinde, kad\u0131nlar\u0131n bir araya gelip dayan\u0131\u015fma i\u00e7inde \u00e7al\u0131\u015ft\u0131klar\u0131 sohbet edip sosyalle\u015ftikleri ve kom\u015fuluk ba\u011flar\u0131n\u0131 kuvvetlendiren bir aktivite olarak g\u00f6ze \u00e7arp\u0131yor.<\/p>\n<p><img loading=\"lazy\" decoding=\"async\" class=\"alignnone size-full wp-image-186185\" src=\"https:\/\/www.tgrthaber.com\/mavikadin\/wp-content\/uploads\/Yozgat-1.png\" alt=\"\" width=\"1208\" height=\"680\" title=\"\" srcset=\"https:\/\/www.tgrthaber.com\/mavikadin\/wp-content\/uploads\/Yozgat-1.png 1208w, https:\/\/www.tgrthaber.com\/mavikadin\/wp-content\/uploads\/Yozgat-1-300x169.png 300w, https:\/\/www.tgrthaber.com\/mavikadin\/wp-content\/uploads\/Yozgat-1-1024x576.png 1024w, https:\/\/www.tgrthaber.com\/mavikadin\/wp-content\/uploads\/Yozgat-1-768x432.png 768w\" sizes=\"(max-width: 1208px) 100vw, 1208px\" \/><\/p>\n<hr \/>\n<h3>&#8220;E\u015e\u0130M\u0130ZLE, DOSTUMUZLA YARDIMLA\u015eARAK EKMEK YAPARIZ&#8221;<\/h3>\n<p>K\u00f6y sakinlerinden Saniye Aslan, &#8220;Kom\u015fular\u0131m\u0131zla yard\u0131mla\u015farak ekmek yap\u0131yoruz. Buraya yard\u0131m etmeye geldim. E\u015fimizle dostumuzla her zaman b\u00f6yle yard\u0131mla\u015f\u0131r\u0131z biz. Kendi i\u015fimizi kendimiz g\u00f6r\u00fcr\u00fcz. Her zaman f\u0131r\u0131ndan ekmek gelmedi\u011fi i\u00e7in k\u00f6ye ula\u015f\u0131m zor oldu\u011fu i\u00e7in yufka ekmek yapar\u0131z. Kendi ekme\u011fimizi kendimiz yapar\u0131z. \u015eimdi yaz ekme\u011fi yapar\u0131z. G\u00fcz aylar\u0131nda da k\u0131\u015f ekme\u011fi ederiz&#8221; dedi.<\/p>\n<p><img loading=\"lazy\" decoding=\"async\" class=\"alignnone size-full wp-image-186186\" src=\"https:\/\/www.tgrthaber.com\/mavikadin\/wp-content\/uploads\/Yozgat-4.png\" alt=\"\" width=\"1208\" height=\"680\" title=\"\" srcset=\"https:\/\/www.tgrthaber.com\/mavikadin\/wp-content\/uploads\/Yozgat-4.png 1208w, https:\/\/www.tgrthaber.com\/mavikadin\/wp-content\/uploads\/Yozgat-4-300x169.png 300w, https:\/\/www.tgrthaber.com\/mavikadin\/wp-content\/uploads\/Yozgat-4-1024x576.png 1024w, https:\/\/www.tgrthaber.com\/mavikadin\/wp-content\/uploads\/Yozgat-4-768x432.png 768w\" sizes=\"(max-width: 1208px) 100vw, 1208px\" \/><\/p>\n<hr \/>\n<p>L\u00fctfiye Akarsu ise &#8220;Kom\u015fular\u0131m\u0131zla yard\u0131mla\u015farak ekmek yap\u0131yoruz. K\u0131\u015fl\u0131k yedik, yazl\u0131k yiyece\u011fimizi yap\u0131yoruz. Katmer, g\u00f6zleme, yufka yap\u0131yoruz, yiyece\u011fiz. Yard\u0131mla\u015fma usul\u00fc yap\u0131p yiyoruz. Bu \u015fekilde kendimizi idare ediyoruz&#8221; \u015feklinde konu\u015ftu.<\/p>\n","protected":false},"excerpt":{"rendered":"<p>Yozgatl\u0131 kad\u0131nlar\u0131n imece usul\u00fc a\u00e7t\u0131\u011f\u0131 yufkalar k\u00fclt\u00fcrel miras\u0131 ya\u015fat\u0131yor. Kad\u0131nlar hem birbirlerine yard\u0131m ediyor hem de aile b\u00fct\u00e7elerine destek oluyorlar.<\/p>\n","protected":false},"author":5,"featured_media":186184,"comment_status":"closed","ping_status":"closed","sticky":false,"template":"","format":"standard","meta":{"rank_math_lock_modified_date":false,"footnotes":""},"categories":[2149],"tags":[3455,1815,1722],"class_list":["post-186183","post","type-post","status-publish","format-standard","has-post-thumbnail","hentry","category-guclu-kadin","tag-guclu-kadin","tag-yozgat","tag-yufka"],"_links":{"self":[{"href":"https:\/\/www.tgrthaber.com\/mavikadin\/wp-json\/wp\/v2\/posts\/186183"}],"collection":[{"href":"https:\/\/www.tgrthaber.com\/mavikadin\/wp-json\/wp\/v2\/posts"}],"about":[{"href":"https:\/\/www.tgrthaber.com\/mavikadin\/wp-json\/wp\/v2\/types\/post"}],"author":[{"embeddable":true,"href":"https:\/\/www.tgrthaber.com\/mavikadin\/wp-json\/wp\/v2\/users\/5"}],"replies":[{"embeddable":true,"href":"https:\/\/www.tgrthaber.com\/mavikadin\/wp-json\/wp\/v2\/comments?post=186183"}],"version-history":[{"count":2,"href":"https:\/\/www.tgrthaber.com\/mavikadin\/wp-json\/wp\/v2\/posts\/186183\/revisions"}],"predecessor-version":[{"id":186190,"href":"https:\/\/www.tgrthaber.com\/mavikadin\/wp-json\/wp\/v2\/posts\/186183\/revisions\/186190"}],"wp:featuredmedia":[{"embeddable":true,"href":"https:\/\/www.tgrthaber.com\/mavikadin\/wp-json\/wp\/v2\/media\/186184"}],"wp:attachment":[{"href":"https:\/\/www.tgrthaber.com\/mavikadin\/wp-json\/wp\/v2\/media?parent=186183"}],"wp:term":[{"taxonomy":"category","embeddable":true,"href":"https:\/\/www.tgrthaber.com\/mavikadin\/wp-json\/wp\/v2\/categories?post=186183"},{"taxonomy":"post_tag","embeddable":true,"href":"https:\/\/www.tgrthaber.com\/mavikadin\/wp-json\/wp\/v2\/tags?post=186183"}],"curies":[{"name":"wp","href":"https:\/\/api.w.org\/{rel}","templated":true}]}}