{"id":186200,"date":"2025-06-02T14:24:43","date_gmt":"2025-06-02T11:24:43","guid":{"rendered":"https:\/\/www.tgrthaber.com\/mavikadin\/?p=186200"},"modified":"2025-06-02T14:24:43","modified_gmt":"2025-06-02T11:24:43","slug":"dilin-doger-kimdir-nerelidir-uzak-sehir-zerrin-kac-yasinda-evli-mi","status":"publish","type":"post","link":"https:\/\/www.tgrthaber.com\/mavikadin\/dilin-doger-kimdir-nerelidir-uzak-sehir-zerrin-kac-yasinda-evli-mi\/","title":{"rendered":"Dilin D\u00f6\u011fer kimdir nerelidir? Uzak \u015eehir Zerrin ka\u00e7 ya\u015f\u0131nda evli mi?"},"content":{"rendered":"<p>Uzak \u015eehir\u2019in Zerrin\u2019i Dilin D\u00f6\u011fer, Kaya ile ya\u015fad\u0131\u011f\u0131 b\u00fcy\u00fck a\u015fkla her hafta diziye damga vuruyor. Reytinglerde zirveden inmeyen dizinin oyuncular\u0131 da merak konusu oldu. Uzak \u015eehir\u2019in Zerrin\u2019i de dizinin en be\u011fenilen isimlerinden. Dilin D\u00f6\u011fer\u2019in kim oldu\u011fu, ya\u015f\u0131, evli olup olmad\u0131\u011f\u0131 dizinin takip\u00e7ileri taraf\u0131ndan ara\u015ft\u0131r\u0131l\u0131yor. Peki Dilin D\u00f6\u011fer kimdir?<\/p>\n<p>Dilin D\u00f6\u011fer T\u00fcrk film ve dizi oyuncusudur. \u2018Ex A\u015fk\u0131m\u2019 dizisiyle oyunculuk kariyerine ba\u015flad\u0131. 30 ya\u015f\u0131nda olan D\u00f6\u011fer, Uzak \u015eehir dizisi ile milyonlarca ki\u015fi taraf\u0131ndan tan\u0131nd\u0131.<\/p>\n<h3>D\u0130L\u0130N D\u00d6\u011eER K\u0130MD\u0130R?<\/h3>\n<p>Dilin D\u00f6\u011fer T\u00fcrk dizi ve sinema oyuncusudur.<\/p>\n<p>22 \u015eubat 1995 senesinde Diyarbak\u0131r\u2019da d\u00fcnyaya geldi. Orta\u00f6\u011fretimini Mersin\u2019de tamamlad\u0131. Hacettepe \u00dcniversitesi \u0130ngiliz Dilbilimi B\u00f6l\u00fcm\u00fc\u2019nden mezun oldu.<\/p>\n<p><img loading=\"lazy\" decoding=\"async\" class=\"aligncenter wp-image-186210\" src=\"https:\/\/www.tgrthaber.com\/mavikadin\/wp-content\/uploads\/dilin-doger-kimdir-nerelidir-uzak-sehir-zerrin-kac-yasinda-evli-mi-4.jpg\" alt=\"\" width=\"1208\" height=\"680\" title=\"\" srcset=\"https:\/\/www.tgrthaber.com\/mavikadin\/wp-content\/uploads\/dilin-doger-kimdir-nerelidir-uzak-sehir-zerrin-kac-yasinda-evli-mi-4.jpg 1920w, https:\/\/www.tgrthaber.com\/mavikadin\/wp-content\/uploads\/dilin-doger-kimdir-nerelidir-uzak-sehir-zerrin-kac-yasinda-evli-mi-4-300x169.jpg 300w, https:\/\/www.tgrthaber.com\/mavikadin\/wp-content\/uploads\/dilin-doger-kimdir-nerelidir-uzak-sehir-zerrin-kac-yasinda-evli-mi-4-1024x576.jpg 1024w, https:\/\/www.tgrthaber.com\/mavikadin\/wp-content\/uploads\/dilin-doger-kimdir-nerelidir-uzak-sehir-zerrin-kac-yasinda-evli-mi-4-768x432.jpg 768w, https:\/\/www.tgrthaber.com\/mavikadin\/wp-content\/uploads\/dilin-doger-kimdir-nerelidir-uzak-sehir-zerrin-kac-yasinda-evli-mi-4-1536x864.jpg 1536w\" sizes=\"(max-width: 1208px) 100vw, 1208px\" \/><\/p>\n<hr \/>\n<p>\u00dcniversitede okurken oyuncu olmaya karar verdi. M\u00fczik, resim, bale, dans, opera ve \u015fan gibi \u00e7e\u015fitli e\u011fitimlere kat\u0131ld\u0131.<\/p>\n<p>2021 senesi Gain dijital platformunda \u2018Ex A\u015fk\u0131m\u2019 dizisinde \u2018Afife\u2019 karakteriyle oyunculuk kariyerine ba\u015flad\u0131.<\/p>\n<p>2022 y\u0131l\u0131nda, Kanal D ekranlar\u0131nda yay\u0131nlanan \u2018O K\u0131z\u2019 dizisinde Erkan Petekkaya ve Sezin Akba\u015fo\u011fullar\u0131 ile ba\u015frol\u00fc payla\u015ft\u0131.<\/p>\n<p>2023 senesinde Kud\u00fcs Fatihi Selahaddin Eyyubi dizisinde \u2018S\u00fcreyya Hatun\u2019 rol\u00fcn\u00fc \u00fcstlendi.<\/p>\n<p>Dilin D\u00f6\u011fer\u2019in parlamas\u0131, binlerce ki\u015fi taraf\u0131ndan tan\u0131nmas\u0131 ise Uzak \u015eehir dizisi ile oldu. Dizide Zerrin karakterinin Kayayla olan a\u015fk\u0131 her hafta izleyiciyi ekran ba\u015f\u0131na ba\u011flamay\u0131 ba\u015fard\u0131.<\/p>\n<p><img loading=\"lazy\" decoding=\"async\" class=\"aligncenter wp-image-186214\" src=\"https:\/\/www.tgrthaber.com\/mavikadin\/wp-content\/uploads\/dilin-doger-kimdir-nerelidir-uzak-sehir-zerrin-kac-yasinda-evli-mi-2.jpg\" alt=\"\" width=\"1208\" height=\"680\" title=\"\" srcset=\"https:\/\/www.tgrthaber.com\/mavikadin\/wp-content\/uploads\/dilin-doger-kimdir-nerelidir-uzak-sehir-zerrin-kac-yasinda-evli-mi-2.jpg 1920w, https:\/\/www.tgrthaber.com\/mavikadin\/wp-content\/uploads\/dilin-doger-kimdir-nerelidir-uzak-sehir-zerrin-kac-yasinda-evli-mi-2-300x169.jpg 300w, https:\/\/www.tgrthaber.com\/mavikadin\/wp-content\/uploads\/dilin-doger-kimdir-nerelidir-uzak-sehir-zerrin-kac-yasinda-evli-mi-2-1024x576.jpg 1024w, https:\/\/www.tgrthaber.com\/mavikadin\/wp-content\/uploads\/dilin-doger-kimdir-nerelidir-uzak-sehir-zerrin-kac-yasinda-evli-mi-2-768x432.jpg 768w, https:\/\/www.tgrthaber.com\/mavikadin\/wp-content\/uploads\/dilin-doger-kimdir-nerelidir-uzak-sehir-zerrin-kac-yasinda-evli-mi-2-1536x864.jpg 1536w\" sizes=\"(max-width: 1208px) 100vw, 1208px\" \/><\/p>\n<hr \/>\n<h3>D\u0130L\u0130N D\u00d6\u011eER NEREL\u0130D\u0130R?<\/h3>\n<p>Dilin D\u00f6\u011fer Diyarbak\u0131r do\u011fumludur, Diyarbak\u0131rl\u0131\u2019d\u0131r.<\/p>\n<h3>D\u0130L\u0130N D\u00d6\u011eER KA\u00c7 YA\u015eINDA?<\/h3>\n<p>Dilin D\u00f6\u011fer 1995 do\u011fumludur. 2025 senesi itibariyle 30 ya\u015f\u0131ndad\u0131r. Dilin D\u00f6\u011fer\u2019in ya\u015f\u0131n\u0131 g\u00f6stermedi\u011fi, ya\u015f\u0131ndan daha gen\u00e7 durdu\u011fu g\u00f6r\u00fcl\u00fcyor.<\/p>\n<p><img loading=\"lazy\" decoding=\"async\" class=\"aligncenter wp-image-186216\" src=\"https:\/\/www.tgrthaber.com\/mavikadin\/wp-content\/uploads\/dilin-doger-kimdir-nerelidir-uzak-sehir-zerrin-kac-yasinda-evli-mi-3.jpg\" alt=\"\" width=\"1208\" height=\"680\" title=\"\" srcset=\"https:\/\/www.tgrthaber.com\/mavikadin\/wp-content\/uploads\/dilin-doger-kimdir-nerelidir-uzak-sehir-zerrin-kac-yasinda-evli-mi-3.jpg 1920w, https:\/\/www.tgrthaber.com\/mavikadin\/wp-content\/uploads\/dilin-doger-kimdir-nerelidir-uzak-sehir-zerrin-kac-yasinda-evli-mi-3-300x169.jpg 300w, https:\/\/www.tgrthaber.com\/mavikadin\/wp-content\/uploads\/dilin-doger-kimdir-nerelidir-uzak-sehir-zerrin-kac-yasinda-evli-mi-3-1024x576.jpg 1024w, https:\/\/www.tgrthaber.com\/mavikadin\/wp-content\/uploads\/dilin-doger-kimdir-nerelidir-uzak-sehir-zerrin-kac-yasinda-evli-mi-3-768x432.jpg 768w, https:\/\/www.tgrthaber.com\/mavikadin\/wp-content\/uploads\/dilin-doger-kimdir-nerelidir-uzak-sehir-zerrin-kac-yasinda-evli-mi-3-1536x864.jpg 1536w\" sizes=\"(max-width: 1208px) 100vw, 1208px\" \/><\/p>\n<hr \/>\n<h3>D\u0130L\u0130N D\u00d6\u011eER BOYU VE K\u0130LOSU NED\u0130R?<\/h3>\n<p>Dilin D\u00f6\u011fer 1.63 boyunda 55 kilodur.<\/p>\n<h3>D\u0130L\u0130N D\u00d6\u011eER EVL\u0130 M\u0130?<\/h3>\n<p>Dilin D\u00f6\u011fer evli de\u011fildir. Dizideki partneri Kaya (Atakan \u00d6zkaya) ile beraber olduklar\u0131 iddia edilmektedir.<\/p>\n<h3>D\u0130L\u0130N \u0130SM\u0130N\u0130N ANLAMI NED\u0130R?<\/h3>\n<p>Muhabirler Dilin D\u00f6\u011fer\u2019e isminin anlam\u0131n\u0131 sordu, D\u00f6\u011fer soruyu \u015f\u00f6yle cevaplad\u0131: &#8220;\u0130smimin anlam\u0131 his, duygu, kalp demek. Amcam yazar o koydu; kendisi romantik bir ki\u015filik.&#8221;<\/p>\n<p><img loading=\"lazy\" decoding=\"async\" class=\"aligncenter wp-image-186218\" src=\"https:\/\/www.tgrthaber.com\/mavikadin\/wp-content\/uploads\/dilin-doger-kimdir-nerelidir-uzak-sehir-zerrin-kac-yasinda-evli-mi-5.jpg\" alt=\"\" width=\"1208\" height=\"680\" title=\"\" srcset=\"https:\/\/www.tgrthaber.com\/mavikadin\/wp-content\/uploads\/dilin-doger-kimdir-nerelidir-uzak-sehir-zerrin-kac-yasinda-evli-mi-5.jpg 1920w, https:\/\/www.tgrthaber.com\/mavikadin\/wp-content\/uploads\/dilin-doger-kimdir-nerelidir-uzak-sehir-zerrin-kac-yasinda-evli-mi-5-300x169.jpg 300w, https:\/\/www.tgrthaber.com\/mavikadin\/wp-content\/uploads\/dilin-doger-kimdir-nerelidir-uzak-sehir-zerrin-kac-yasinda-evli-mi-5-1024x576.jpg 1024w, https:\/\/www.tgrthaber.com\/mavikadin\/wp-content\/uploads\/dilin-doger-kimdir-nerelidir-uzak-sehir-zerrin-kac-yasinda-evli-mi-5-768x432.jpg 768w, https:\/\/www.tgrthaber.com\/mavikadin\/wp-content\/uploads\/dilin-doger-kimdir-nerelidir-uzak-sehir-zerrin-kac-yasinda-evli-mi-5-1536x864.jpg 1536w\" sizes=\"(max-width: 1208px) 100vw, 1208px\" \/><\/p>\n<hr \/>\n<h3>UZAK \u015eEH\u0130R ZERR\u0130N ALBORA K\u0130MD\u0130R?<\/h3>\n<p>Zerrin, Ecmel ve Fidan \u00e7iftinin k\u0131z\u0131, \u015eahin&#8217;in ise k\u0131z karde\u015fi, Demir\u2019in e\u015fidir. \u015eahin gibi Zerrin de iki aile aras\u0131ndaki anla\u015fmazl\u0131\u011f\u0131n merkezinde kalm\u0131\u015ft\u0131r. Bu arada kalm\u0131\u015fl\u0131k onun h\u0131r\u00e7\u0131nla\u015fmas\u0131na ve uygunsuz kararlar almas\u0131na yol a\u00e7ar. Kaya ile imkans\u0131z g\u00f6r\u00fclen bir g\u00f6n\u00fcl birlikteli\u011fi vard\u0131r.<\/p>\n<h3>D\u0130L\u0130N D\u00d6\u011eER\u2019\u0130N D\u0130Z\u0130LER\u0130<\/h3>\n<p>Uzak \u015eehir (2024)<\/p>\n<p>Kud\u00fcs Fatihi Selahaddin Eyyubi (2023\u20132024) \u2013 S\u00fcreyya Hatun<\/p>\n<p>O K\u0131z (2022\u20132023) \u2013 Zeynep \u00c7etin<\/p>\n<p>Ex A\u015fk\u0131m (2021) \u2013 Afife<\/p>\n<p><img loading=\"lazy\" decoding=\"async\" class=\"aligncenter wp-image-186220\" src=\"https:\/\/www.tgrthaber.com\/mavikadin\/wp-content\/uploads\/dilin-doger-kimdir-nerelidir-uzak-sehir-zerrin-kac-yasinda-evli-mi-10.jpg\" alt=\"\" width=\"1208\" height=\"680\" title=\"\" srcset=\"https:\/\/www.tgrthaber.com\/mavikadin\/wp-content\/uploads\/dilin-doger-kimdir-nerelidir-uzak-sehir-zerrin-kac-yasinda-evli-mi-10.jpg 1920w, https:\/\/www.tgrthaber.com\/mavikadin\/wp-content\/uploads\/dilin-doger-kimdir-nerelidir-uzak-sehir-zerrin-kac-yasinda-evli-mi-10-300x169.jpg 300w, https:\/\/www.tgrthaber.com\/mavikadin\/wp-content\/uploads\/dilin-doger-kimdir-nerelidir-uzak-sehir-zerrin-kac-yasinda-evli-mi-10-1024x576.jpg 1024w, https:\/\/www.tgrthaber.com\/mavikadin\/wp-content\/uploads\/dilin-doger-kimdir-nerelidir-uzak-sehir-zerrin-kac-yasinda-evli-mi-10-768x432.jpg 768w, https:\/\/www.tgrthaber.com\/mavikadin\/wp-content\/uploads\/dilin-doger-kimdir-nerelidir-uzak-sehir-zerrin-kac-yasinda-evli-mi-10-1536x864.jpg 1536w\" sizes=\"(max-width: 1208px) 100vw, 1208px\" \/><\/p>\n<hr \/>\n<h3>D\u0130L\u0130N D\u00d6\u011eER\u2019\u0130N F\u0130LMLER\u0130<\/h3>\n<p>Goodnight Soldier (2022) \u2013 Zin\u00e9<\/p>\n","protected":false},"excerpt":{"rendered":"<p>Uzak \u015eehir dizisinde \u2018Zerrin\u2019 karakterini canland\u0131ran Dilin D\u00f6\u011fer son g\u00fcnlerin dikkat \u00e7eken be\u011fenilen gen\u00e7 ve yetenekli oyuncular\u0131ndan. Hem fizi\u011fi hem de oyunculuk kabiliyeti ile isminden s\u00f6z ettiren D\u00f6\u011fer\u2019in kim oldu\u011fu \u00e7ok merak ediliyor. Uzak \u015eehir Zerrin karakteri ile kar\u015f\u0131m\u0131za \u00e7\u0131kan Dilin D\u00f6\u011fer kimdir? Dilin D\u00f6\u011fer ka\u00e7 ya\u015f\u0131nda? Evli mi? Ayr\u0131nt\u0131lar haberimizde.<\/p>\n","protected":false},"author":30,"featured_media":186208,"comment_status":"closed","ping_status":"closed","sticky":false,"template":"","format":"standard","meta":{"rank_math_lock_modified_date":false,"footnotes":""},"categories":[491],"tags":[16521,3611,2293,13613],"class_list":["post-186200","post","type-post","status-publish","format-standard","has-post-thumbnail","hentry","category-biyografi","tag-biyografi-haberleri","tag-dilin-doger","tag-uzak-sehir","tag-uzak-sehir-zerrin"],"_links":{"self":[{"href":"https:\/\/www.tgrthaber.com\/mavikadin\/wp-json\/wp\/v2\/posts\/186200"}],"collection":[{"href":"https:\/\/www.tgrthaber.com\/mavikadin\/wp-json\/wp\/v2\/posts"}],"about":[{"href":"https:\/\/www.tgrthaber.com\/mavikadin\/wp-json\/wp\/v2\/types\/post"}],"author":[{"embeddable":true,"href":"https:\/\/www.tgrthaber.com\/mavikadin\/wp-json\/wp\/v2\/users\/30"}],"replies":[{"embeddable":true,"href":"https:\/\/www.tgrthaber.com\/mavikadin\/wp-json\/wp\/v2\/comments?post=186200"}],"version-history":[{"count":1,"href":"https:\/\/www.tgrthaber.com\/mavikadin\/wp-json\/wp\/v2\/posts\/186200\/revisions"}],"predecessor-version":[{"id":186221,"href":"https:\/\/www.tgrthaber.com\/mavikadin\/wp-json\/wp\/v2\/posts\/186200\/revisions\/186221"}],"wp:featuredmedia":[{"embeddable":true,"href":"https:\/\/www.tgrthaber.com\/mavikadin\/wp-json\/wp\/v2\/media\/186208"}],"wp:attachment":[{"href":"https:\/\/www.tgrthaber.com\/mavikadin\/wp-json\/wp\/v2\/media?parent=186200"}],"wp:term":[{"taxonomy":"category","embeddable":true,"href":"https:\/\/www.tgrthaber.com\/mavikadin\/wp-json\/wp\/v2\/categories?post=186200"},{"taxonomy":"post_tag","embeddable":true,"href":"https:\/\/www.tgrthaber.com\/mavikadin\/wp-json\/wp\/v2\/tags?post=186200"}],"curies":[{"name":"wp","href":"https:\/\/api.w.org\/{rel}","templated":true}]}}