{"id":186205,"date":"2025-06-02T14:18:40","date_gmt":"2025-06-02T11:18:40","guid":{"rendered":"https:\/\/www.tgrthaber.com\/mavikadin\/?p=186205"},"modified":"2025-06-02T14:18:41","modified_gmt":"2025-06-02T11:18:41","slug":"elif-boyner-kimdir-boynerin-genc-varisi-elif-boyner-sira-disi-yasamiyla-dikkat-cekiyor","status":"publish","type":"post","link":"https:\/\/www.tgrthaber.com\/mavikadin\/elif-boyner-kimdir-boynerin-genc-varisi-elif-boyner-sira-disi-yasamiyla-dikkat-cekiyor\/","title":{"rendered":"Elif Boyner kimdir? Boyner&#8217;in gen\u00e7 varisi Elif Boyner s\u0131ra d\u0131\u015f\u0131 ya\u015fam\u0131yla dikkat \u00e7ekiyor"},"content":{"rendered":"<p>Elif Boyner kimdir? merak konusu oldu. \u0130\u015f d\u00fcnyas\u0131n\u0131n gen\u00e7 varisi olarak tan\u0131nan Elif Boyner kentten k\u00f6ye uzanan ya\u015fam de\u011fi\u015fimiyle g\u00fcndemden d\u00fc\u015fm\u00fcyor.<\/p>\n<h3>EL\u0130F BOYNER NEREDE YA\u015eIYOR?<\/h3>\n<p>Eski\u015fehir Sazak K\u00f6y\u00fc&#8217;nde s\u00fcrd\u00fcr\u00fclebilir ya\u015fam projeleriyle dikkatleri \u00fczerine \u00e7eken Elif Boyner, T\u00fcrkiye&#8217;nin k\u00f6kl\u00fc i\u015f ailelerinden Boyner&#8217;in gen\u00e7 varisi. Son d\u00f6nemde s\u0131ra d\u0131\u015f\u0131 ya\u015fam\u0131yla dikkatleri \u00fczerine \u00e7eken Elif Boyner, ailesinin g\u00fc\u00e7l\u00fc i\u015f ge\u00e7mi\u015fine ra\u011fmen kendi yolunu \u00e7izmeyi tercih etti. Bir k\u00f6ye yerle\u015fti\u011fi haberleri ge\u00e7ti\u011fimiz g\u00fcnlerde magazin g\u00fcndemine bomba gibi d\u00fc\u015ft\u00fc.<\/p>\n<p><img loading=\"lazy\" decoding=\"async\" class=\"alignnone size-full wp-image-186209\" src=\"https:\/\/www.tgrthaber.com\/mavikadin\/wp-content\/uploads\/Elif-Boyner-3.png\" alt=\"\" width=\"1208\" height=\"680\" title=\"\" srcset=\"https:\/\/www.tgrthaber.com\/mavikadin\/wp-content\/uploads\/Elif-Boyner-3.png 1208w, https:\/\/www.tgrthaber.com\/mavikadin\/wp-content\/uploads\/Elif-Boyner-3-300x169.png 300w, https:\/\/www.tgrthaber.com\/mavikadin\/wp-content\/uploads\/Elif-Boyner-3-1024x576.png 1024w, https:\/\/www.tgrthaber.com\/mavikadin\/wp-content\/uploads\/Elif-Boyner-3-768x432.png 768w\" sizes=\"(max-width: 1208px) 100vw, 1208px\" \/><\/p>\n<hr \/>\n<p>Elif Boyner iddialar\u0131n aksine U\u015fak\u2019a de\u011fil Eski\u015fehir&#8217;in Mihal\u0131\u00e7\u00e7\u0131k il\u00e7esine ba\u011fl\u0131 Sazak K\u00f6y\u00fc\u2019nde ya\u015fam\u0131n\u0131 devam ettiriyor. Elif Boyner\u2019in bu karar\u0131 almas\u0131n\u0131n alt\u0131ndaki nedenler \u015fimdiden ara\u015ft\u0131r\u0131lmaya ba\u015fland\u0131.<\/p>\n<p>Gen\u00e7 i\u015f insan\u0131 konuyla ilgili olarak, &#8220;Sazak K\u00f6y\u00fc, Mihal\u0131\u00e7\u00e7\u0131k\u2019a ba\u011fl\u0131. Dedelerimizden kalan topraklara d\u00f6n\u00fcyoruz,&#8221; diyerek ger\u00e7ek adresi a\u00e7\u0131klam\u0131\u015ft\u0131.<\/p>\n<p>Aile topraklar\u0131na d\u00f6nerek burada yeni bir hayat kuran Boyner bu d\u00f6n\u00fc\u015f\u00fcm\u00fc sosyal medyada takip\u00e7ileriyle de payla\u015f\u0131yor.<\/p>\n<p><img loading=\"lazy\" decoding=\"async\" class=\"alignnone size-full wp-image-186213\" src=\"https:\/\/www.tgrthaber.com\/mavikadin\/wp-content\/uploads\/Elif-Boyner-4.png\" alt=\"\" width=\"1208\" height=\"680\" title=\"\" srcset=\"https:\/\/www.tgrthaber.com\/mavikadin\/wp-content\/uploads\/Elif-Boyner-4.png 1208w, https:\/\/www.tgrthaber.com\/mavikadin\/wp-content\/uploads\/Elif-Boyner-4-300x169.png 300w, https:\/\/www.tgrthaber.com\/mavikadin\/wp-content\/uploads\/Elif-Boyner-4-1024x576.png 1024w, https:\/\/www.tgrthaber.com\/mavikadin\/wp-content\/uploads\/Elif-Boyner-4-768x432.png 768w\" sizes=\"(max-width: 1208px) 100vw, 1208px\" \/><\/p>\n<hr \/>\n<h3>EL\u0130F BOYNER&#8217;\u0130N YA\u015eAM FELSEFES\u0130<\/h3>\n<p>Sazak K\u00f6y\u00fc&#8217;ne yerle\u015fmesinin sadece bir ya\u015fam tercihi olmad\u0131\u011f\u0131n\u0131 ifade eden Elif Boyner, ayn\u0131 zamanda bir dizi toplumsal projeyi de beraberinde getirdi\u011fini duyurdu. Elif Boyner&#8217;in &#8220;Halkasazak&#8221; ismini verdi\u011fi projesi, geleneksel de\u011ferleri modern yakla\u015f\u0131mlarla harmanlayarak k\u00f6y\u00fcn s\u00fcrd\u00fcr\u00fclebilir geli\u015fimini hedefliyor.<\/p>\n<p>Bu projenin temel ama\u00e7lar\u0131 aras\u0131nda toprak \u015fifaland\u0131rma, k\u00f6yl\u00fcye fayda sunmak, imece k\u00fclt\u00fcr\u00fcn\u00fc yeniden hayata ge\u00e7irme yer al\u0131yor. Boyner k\u00fclt\u00fcrel mirastan ilham alarak gelece\u011fe yeni de\u011ferler katmay\u0131 ama\u00e7l\u0131yor.<\/p>\n<p>Sosyal medya payla\u015f\u0131m\u0131nda Elif Boyner, \u015fu ifadeleri kulland\u0131:<\/p>\n<p>&#8220;Bu projede, eski de\u011ferleri yeni de\u011ferlerle sentezleyerek, k\u00f6y\u00fcn s\u00fcrd\u00fcr\u00fclebilir ticaretini sa\u011flamak, imece k\u00fclt\u00fcr\u00fcn\u00fc canland\u0131rmak, k\u00f6yl\u00fcn\u00fcn k\u00f6ye d\u00f6nmesi i\u00e7in sebepler yaratmak gibi \u00f6nemli ad\u0131mlar at\u0131yoruz.&#8221;<\/p>\n<p><img loading=\"lazy\" decoding=\"async\" class=\"alignnone size-full wp-image-186215\" src=\"https:\/\/www.tgrthaber.com\/mavikadin\/wp-content\/uploads\/Elif-Boyner-6.png\" alt=\"\" width=\"1208\" height=\"680\" title=\"\" srcset=\"https:\/\/www.tgrthaber.com\/mavikadin\/wp-content\/uploads\/Elif-Boyner-6.png 1208w, https:\/\/www.tgrthaber.com\/mavikadin\/wp-content\/uploads\/Elif-Boyner-6-300x169.png 300w, https:\/\/www.tgrthaber.com\/mavikadin\/wp-content\/uploads\/Elif-Boyner-6-1024x576.png 1024w, https:\/\/www.tgrthaber.com\/mavikadin\/wp-content\/uploads\/Elif-Boyner-6-768x432.png 768w\" sizes=\"(max-width: 1208px) 100vw, 1208px\" \/><\/p>\n<hr \/>\n<h3>EL\u0130F BOYNER K\u0130MD\u0130R?<\/h3>\n<p>Boyner Holding&#8217;in onursal ba\u015fkan\u0131 ve sahibi olan \u00fcnl\u00fc i\u015f insan\u0131 Cem Boyner&#8217;in k\u0131z\u0131 olan Elif Boyner farkl\u0131l\u0131\u011f\u0131yla dikkat \u00e7ekiyor. Boyner Holding b\u00fcnyesinde Alt\u0131ny\u0131ld\u0131z, Boyner, BR Ma\u011fazac\u0131l\u0131k, Hopi ve Boyner Yay\u0131nlar\u0131 gibi \u00f6nemli markalar\u0131 bar\u0131nd\u0131r\u0131yor.<\/p>\n<p>Elif Boyner 1985 y\u0131l\u0131nda d\u00fcnyaya gelen Elif Boyner\u2019in mezun oldu\u011fu okullar \u015f\u00f6yle:<\/p>\n<p>Central Saint Martins (2010\u20132011)<br \/>\nParsons School of Design | The New School (2003\u20132008)<\/p>\n","protected":false},"excerpt":{"rendered":"<p>Elif Boyner kimdir? merak ediliyor. Kentten k\u00f6ye uzanan do\u011fal ya\u015fam\u0131yla bilinen \u00fcnl\u00fc ismin hayat\u0131 ara\u015ft\u0131r\u0131l\u0131yor.<\/p>\n","protected":false},"author":5,"featured_media":186217,"comment_status":"closed","ping_status":"closed","sticky":false,"template":"","format":"standard","meta":{"rank_math_lock_modified_date":false,"footnotes":""},"categories":[491],"tags":[3374,23556,23555],"class_list":["post-186205","post","type-post","status-publish","format-standard","has-post-thumbnail","hentry","category-biyografi","tag-biyografi","tag-boyner-holding","tag-elif-boyner"],"_links":{"self":[{"href":"https:\/\/www.tgrthaber.com\/mavikadin\/wp-json\/wp\/v2\/posts\/186205"}],"collection":[{"href":"https:\/\/www.tgrthaber.com\/mavikadin\/wp-json\/wp\/v2\/posts"}],"about":[{"href":"https:\/\/www.tgrthaber.com\/mavikadin\/wp-json\/wp\/v2\/types\/post"}],"author":[{"embeddable":true,"href":"https:\/\/www.tgrthaber.com\/mavikadin\/wp-json\/wp\/v2\/users\/5"}],"replies":[{"embeddable":true,"href":"https:\/\/www.tgrthaber.com\/mavikadin\/wp-json\/wp\/v2\/comments?post=186205"}],"version-history":[{"count":1,"href":"https:\/\/www.tgrthaber.com\/mavikadin\/wp-json\/wp\/v2\/posts\/186205\/revisions"}],"predecessor-version":[{"id":186219,"href":"https:\/\/www.tgrthaber.com\/mavikadin\/wp-json\/wp\/v2\/posts\/186205\/revisions\/186219"}],"wp:featuredmedia":[{"embeddable":true,"href":"https:\/\/www.tgrthaber.com\/mavikadin\/wp-json\/wp\/v2\/media\/186217"}],"wp:attachment":[{"href":"https:\/\/www.tgrthaber.com\/mavikadin\/wp-json\/wp\/v2\/media?parent=186205"}],"wp:term":[{"taxonomy":"category","embeddable":true,"href":"https:\/\/www.tgrthaber.com\/mavikadin\/wp-json\/wp\/v2\/categories?post=186205"},{"taxonomy":"post_tag","embeddable":true,"href":"https:\/\/www.tgrthaber.com\/mavikadin\/wp-json\/wp\/v2\/tags?post=186205"}],"curies":[{"name":"wp","href":"https:\/\/api.w.org\/{rel}","templated":true}]}}