{"id":186236,"date":"2025-06-02T15:14:45","date_gmt":"2025-06-02T12:14:45","guid":{"rendered":"https:\/\/www.tgrthaber.com\/mavikadin\/?p=186236"},"modified":"2025-06-02T15:14:45","modified_gmt":"2025-06-02T12:14:45","slug":"oznur-kurt-azmi-sayesinde-kendi-isini-kurdu-teknik-servisten-patronluga-uzanan-hikaye","status":"publish","type":"post","link":"https:\/\/www.tgrthaber.com\/mavikadin\/oznur-kurt-azmi-sayesinde-kendi-isini-kurdu-teknik-servisten-patronluga-uzanan-hikaye\/","title":{"rendered":"\u00d6znur Kurt azmi sayesinde kendi i\u015fini kurdu! Teknik servisten patronlu\u011fa uzanan hikaye"},"content":{"rendered":"<p>Bursa&#8217;n\u0131n \u0130znik il\u00e7esinde 7 y\u0131l beyaz e\u015fya teknik servis biriminde 8 erkek aras\u0131nda \u00e7al\u0131\u015ft\u0131ktan sonra 2018&#8217;de ma\u011faza a\u00e7arak kendi i\u015finin patronu olan \u00d6znur Kurt (44), bayisi oldu\u011fu firmada ma\u011fazalara ve \u00e7al\u0131\u015fanlara \u00f6rnek g\u00f6steriliyor. 100 kiloluk \u00e7ama\u015f\u0131r ve bula\u015f\u0131k makinelerini tek ba\u015f\u0131na s\u0131rtlayarak evlere servise giden Kurt, &#8220;kendi i\u015fimin hem hamal\u0131 hem de patronuyum&#8221; diyor. Sosyal medyada binlerce takip\u00e7isi olan kad\u0131n yapt\u0131\u011f\u0131 bedava balay\u0131 kampanyas\u0131yla da yeni evleneceklere uygun fiyata taksitle beyaz e\u015fya sat\u0131yor.<\/p>\n<h3>\u00d6ZNUR KURT AZM\u0130 SAYES\u0130NDE KEND\u0130 \u0130\u015e\u0130N\u0130 KURDU!<\/h3>\n<p>\u0130ki erkek \u00e7ocuk annesi Kurt, yapt\u0131\u011f\u0131 a\u00e7\u0131klamada, 7 y\u0131l anaokulu \u00f6\u011fretmenli\u011fi yapt\u0131\u011f\u0131n\u0131 belirterek, ilk para kazanmaya \u00f6\u011fretmenlikle ba\u015flad\u0131\u011f\u0131n\u0131 s\u00f6yledi. \u00c7ocu\u011funun rahats\u0131zl\u0131\u011f\u0131 nedeniyle \u00f6\u011fretmenli\u011fi b\u0131rakt\u0131\u011f\u0131n\u0131 ve bir s\u00fcre sonra evinin yak\u0131nlar\u0131ndaki bir beyaz e\u015fya firmas\u0131n\u0131n teknik servisinde i\u015fe girdi\u011fini dile getiren Kurt, 2011&#8217;de ba\u015flad\u0131\u011f\u0131 bu i\u015fi 2018 y\u0131l\u0131na kadar s\u00fcrd\u00fcrd\u00fc\u011f\u00fcn\u00fc anlatt\u0131.<\/p>\n<p><img loading=\"lazy\" decoding=\"async\" class=\"alignnone size-full wp-image-186237\" src=\"https:\/\/www.tgrthaber.com\/mavikadin\/wp-content\/uploads\/Bursa-4.png\" alt=\"\" width=\"1208\" height=\"680\" title=\"\" srcset=\"https:\/\/www.tgrthaber.com\/mavikadin\/wp-content\/uploads\/Bursa-4.png 1208w, https:\/\/www.tgrthaber.com\/mavikadin\/wp-content\/uploads\/Bursa-4-300x169.png 300w, https:\/\/www.tgrthaber.com\/mavikadin\/wp-content\/uploads\/Bursa-4-1024x576.png 1024w, https:\/\/www.tgrthaber.com\/mavikadin\/wp-content\/uploads\/Bursa-4-768x432.png 768w\" sizes=\"(max-width: 1208px) 100vw, 1208px\" \/><\/p>\n<hr \/>\n<p>Teknik servis y\u00f6neticisi oldu\u011fu bu i\u015fte 8 erkek aras\u0131nda \u00e7al\u0131\u015ft\u0131\u011f\u0131n\u0131 aktaran Kurt, \u015funlar\u0131 kaydetti:<\/p>\n<p>&#8220;Servis \u00e7al\u0131\u015fan\u0131 olmak ama \u00e7ok tecr\u00fcbe kazand\u0131rd\u0131. Giri\u015fimci olma hayalim vard\u0131. K\u00fc\u00e7\u00fck ve Orta \u00d6l\u00e7ekli \u0130\u015fletmeleri Geli\u015ftirme ve Destekleme \u0130daresi Ba\u015fkanl\u0131\u011f\u0131 (KOSGEB) deste\u011fiyle 2018&#8217;de \u0130znik&#8217;te beyaz e\u015fya ma\u011fazas\u0131 a\u00e7t\u0131m. Erkek egemen bir sekt\u00f6rdeyiz. \u015eimdilerde kad\u0131n ma\u011faza sahipleri say\u0131s\u0131 art\u0131yor o d\u00f6nemlerde neredeyse hi\u00e7 yoktu. Ben servis \u00e7al\u0131\u015fan\u0131yd\u0131m ve \u00e7ok \u015fey \u00f6\u011frendim. Teknik ekiple evlere gidiyordum. Ma\u011fazay\u0131 a\u00e7\u0131nca orada \u00f6\u011frendiklerimi pratik bilgiler olarak kad\u0131nlara sosyal medya arac\u0131l\u0131\u011f\u0131yla aktarmaya ba\u015flad\u0131m.&#8221;<\/p>\n<p><img loading=\"lazy\" decoding=\"async\" class=\"alignnone size-full wp-image-186239\" src=\"https:\/\/www.tgrthaber.com\/mavikadin\/wp-content\/uploads\/Bursa-1.png\" alt=\"\" width=\"1208\" height=\"680\" title=\"\" srcset=\"https:\/\/www.tgrthaber.com\/mavikadin\/wp-content\/uploads\/Bursa-1.png 1208w, https:\/\/www.tgrthaber.com\/mavikadin\/wp-content\/uploads\/Bursa-1-300x169.png 300w, https:\/\/www.tgrthaber.com\/mavikadin\/wp-content\/uploads\/Bursa-1-1024x576.png 1024w, https:\/\/www.tgrthaber.com\/mavikadin\/wp-content\/uploads\/Bursa-1-768x432.png 768w\" sizes=\"(max-width: 1208px) 100vw, 1208px\" \/><\/p>\n<hr \/>\n<h3>TRABZON&#8217;A, R\u0130ZE&#8217;YE, D\u0130YARBAKIR&#8217;A \u00dcR\u00dcN SATIYOR<\/h3>\n<p>Kad\u0131nlar\u0131n basit ar\u0131zalar i\u00e7in servislere ula\u015fmaya \u00e7al\u0131\u015ft\u0131\u011f\u0131n\u0131 bildi\u011finden bu y\u00f6nde sosyal medyada bilgilendirici payla\u015f\u0131mlara a\u011f\u0131rl\u0131k verdi\u011fini vurgulayan Kurt, &#8220;Sonu\u00e7ta 45 bin n\u00fcfuslu bir il\u00e7enin s\u0131n\u0131rlar\u0131n\u0131 a\u015ft\u0131k ve 100 binden fazla takip\u00e7iye ula\u015ft\u0131k. \u00dclkenin d\u00f6rt bir yan\u0131ndan bizi takip eden, \u00fcr\u00fcn sat\u0131n alanlar var. Rize, Trabzon, Samsun, Ankara, Diyarbak\u0131r gibi bir\u00e7ok yere beyaz e\u015fya satt\u0131m. Sosyal medyada bunu ba\u015flatanlardan biri de benim&#8221; dedi.<\/p>\n<p>Kurt, Trabzon&#8217;un yaylas\u0131na kadar \u00fcr\u00fcn satt\u0131\u011f\u0131n\u0131 belirterek, &#8220;Trabzon&#8217;da bir eve \u00fcr\u00fcn g\u00f6nderdim, 7. kata \u00fcr\u00fcn \u00e7\u0131kmad\u0131 buradan vin\u00e7 organize ettik \u00fcr\u00fcn\u00fc \u00e7\u0131kartt\u0131k. \u00dcr\u00fcn\u00fc benden ald\u0131klar\u0131nda her t\u00fcrl\u00fc muhatab\u0131 benim. Evlerindeki k\u0131zlar\u0131, bac\u0131lar\u0131, anneleri benim. \u00c7\u00f6z\u00fcm \u00fcretmesi gerekenler teknik ekip ama bana g\u00fcvendikleri i\u00e7in beni ar\u0131yorlar. Dolap ald\u0131n\u0131z eve sokam\u0131yorsunuz. T\u00fcketici servise de\u011fil benim s\u00f6ylediklerime ikna oluyor. Servisle ayn\u0131 \u015feyi s\u00f6yl\u00fcyorum onlara de\u011fil bana inan\u0131yorlar.&#8221; diye konu\u015ftu.<br \/>\nBazen \u00e7ama\u015f\u0131r ve bula\u015f\u0131k makinesini kendisinin s\u0131rtlay\u0131p t\u00fcketiciye g\u00f6t\u00fcrd\u00fc\u011f\u00fcn\u00fc, yaz aylar\u0131nda tarlada \u00fcr\u00fcn hasat etti\u011fini anlatan Kurt, &#8220;S\u0131rt\u0131mda y\u00fckle merdiven bile \u00e7\u0131kt\u0131m. \u00c7al\u0131\u015ft\u0131m, \u00e7abalad\u0131m ama hi\u00e7 \u015fikayet\u00e7i de\u011filim&#8221; ifadesini kulland\u0131.<\/p>\n<p><img loading=\"lazy\" decoding=\"async\" class=\"alignnone size-full wp-image-186240\" src=\"https:\/\/www.tgrthaber.com\/mavikadin\/wp-content\/uploads\/Bursa-2.png\" alt=\"\" width=\"1208\" height=\"680\" title=\"\" srcset=\"https:\/\/www.tgrthaber.com\/mavikadin\/wp-content\/uploads\/Bursa-2.png 1208w, https:\/\/www.tgrthaber.com\/mavikadin\/wp-content\/uploads\/Bursa-2-300x169.png 300w, https:\/\/www.tgrthaber.com\/mavikadin\/wp-content\/uploads\/Bursa-2-1024x576.png 1024w, https:\/\/www.tgrthaber.com\/mavikadin\/wp-content\/uploads\/Bursa-2-768x432.png 768w\" sizes=\"(max-width: 1208px) 100vw, 1208px\" \/><\/p>\n<hr \/>\n<h3>BALAYI TAT\u0130L\u0130 HED\u0130YE ED\u0130YOR<\/h3>\n<p>Beyaz e\u015fyay\u0131 kendisinden alanlara hediyeler verdiklerini dile getiren Kurt, \u015f\u00f6yle devam etti:<\/p>\n<p>&#8220;Yaz aylar\u0131 geldi \u00e7eyiz sezonu ba\u015flad\u0131. D\u00fc\u011f\u00fcn sezonu oldu\u011fu i\u00e7in \u0130znik&#8217;te bir bungalov ve ta\u015f evlerin oldu\u011fu bir tesiste balay\u0131 tatili hediye edelim diye kararla\u015ft\u0131rd\u0131k. Bizden belli miktarda \u00fcr\u00fcn alanlara balay\u0131 hediye ediyoruz. \u0130lla evlenecekler de\u011fil evin ihtiyac\u0131n\u0131 ald\u0131 bir \u00e7ift gidip bir g\u00fcn orada dinlenebilir. Benzer kampanyalarla sat\u0131\u015flar\u0131m\u0131z\u0131 art\u0131rmaya \u00e7al\u0131\u015f\u0131yoruz. Rakibimiz yok, kendi i\u015fimize bak\u0131yoruz.&#8221;<\/p>\n<p><img loading=\"lazy\" decoding=\"async\" class=\"alignnone size-full wp-image-186244\" src=\"https:\/\/www.tgrthaber.com\/mavikadin\/wp-content\/uploads\/Bursa-3.png\" alt=\"\" width=\"1208\" height=\"680\" title=\"\" srcset=\"https:\/\/www.tgrthaber.com\/mavikadin\/wp-content\/uploads\/Bursa-3.png 1208w, https:\/\/www.tgrthaber.com\/mavikadin\/wp-content\/uploads\/Bursa-3-300x169.png 300w, https:\/\/www.tgrthaber.com\/mavikadin\/wp-content\/uploads\/Bursa-3-1024x576.png 1024w, https:\/\/www.tgrthaber.com\/mavikadin\/wp-content\/uploads\/Bursa-3-768x432.png 768w\" sizes=\"(max-width: 1208px) 100vw, 1208px\" \/><\/p>\n<hr \/>\n<h3>EV KADINLARI \u0130\u00c7\u0130N PRAT\u0130K B\u0130LG\u0130LER<\/h3>\n<p>Sosyal medya hesab\u0131ndan evlerde kad\u0131nlara y\u00f6nelik k\u0131sa pratik bilgiler veren Kurt, \u015fu \u00f6nerilerde bulundu:<\/p>\n<p>&#8220;Derin dondurucular genelde karlanma yapar. Kad\u0131nlar nas\u0131l temizleyeceklerini soruyorlar \u00e7\u00fcnk\u00fc \u00fcr\u00fcnler var bozulmamal\u0131. \u00d6ncelikle i\u00e7indeki yiyecekleri \u00e7\u0131kart\u0131n, bir kovaya ya da geni\u015f bir tencereye koyun a\u011fz\u0131n\u0131 kapat\u0131n. Bir saatte erimez. \u0130\u00e7ine s\u0131cak su konulmu\u015f tencereyi derin dondurucu i\u00e7ine yerle\u015ftirin. Tencerede s\u0131cak su oldu\u011funda tabana zarar vermemesi i\u00e7in alt\u0131na mutlaka katlanm\u0131\u015f \u015fekilde havlu koyun. Dolab\u0131n kapa\u011f\u0131n\u0131 kapat\u0131n en fazla yar\u0131m saatte karlar \u00e7\u00f6z\u00fclecektir.<\/p>\n<p>Bula\u015f\u0131k makinelerinde parlat\u0131c\u0131 yerine kesinlikle sirke kullanmay\u0131n. Y\u00fczde 99 zarar verir kazan\u0131 delebilirsiniz. 3&#8217;\u00fc bir arada tabletler var. Bunu kullan\u0131yorum diye tuz ve parlat\u0131c\u0131y\u0131 ihmal etmeyin. Tuz ve parlat\u0131c\u0131n\u0131z mutlaka makinenizde olmal\u0131.&#8221;<\/p>\n<p>Buna benzer onlarca pratik bilgiye kad\u0131nlar\u0131n sosyal medyalar\u0131ndan ula\u015fabileceklerini anlatan Kurt, ba\u015far\u0131l\u0131 \u00e7al\u0131\u015fmas\u0131yla bayisi oldu\u011fu beyaz e\u015fya firmas\u0131nda di\u011fer ma\u011fazalara ve \u00e7al\u0131\u015fanlara \u00f6rnek g\u00f6sterildi\u011fini s\u00f6yledi. Kad\u0131nlara m\u00fccadele etmelerini imkanlar\u0131 varsa kendi i\u015finin patronu olmalar\u0131n\u0131 \u00f6neren Kurt, &#8220;Ben \u00e7ok istiyordum, m\u00fccadele ettim ve ba\u015fard\u0131m. Giri\u015fimci olmak isteyenlere destekler de var.&#8221; dedi.<\/p>\n","protected":false},"excerpt":{"rendered":"<p>Bursa\u2019da 7 y\u0131l beyaz e\u015fya teknik servis biriminde \u00e7al\u0131\u015ft\u0131ktan sonra 2018 y\u0131l\u0131nda ma\u011faza a\u00e7arak kendi i\u015finin patronu olan Kurt, bayisi oldu\u011fu firmada ma\u011fazalara ve \u00e7al\u0131\u015fanlara \u00f6rnek g\u00f6steriliyor.<\/p>\n","protected":false},"author":5,"featured_media":186246,"comment_status":"closed","ping_status":"closed","sticky":false,"template":"","format":"standard","meta":{"rank_math_lock_modified_date":false,"footnotes":""},"categories":[2149],"tags":[2824,3455,2517,23561],"class_list":["post-186236","post","type-post","status-publish","format-standard","has-post-thumbnail","hentry","category-guclu-kadin","tag-bursa","tag-guclu-kadin","tag-kadin-gucu","tag-oznur-kurt"],"_links":{"self":[{"href":"https:\/\/www.tgrthaber.com\/mavikadin\/wp-json\/wp\/v2\/posts\/186236"}],"collection":[{"href":"https:\/\/www.tgrthaber.com\/mavikadin\/wp-json\/wp\/v2\/posts"}],"about":[{"href":"https:\/\/www.tgrthaber.com\/mavikadin\/wp-json\/wp\/v2\/types\/post"}],"author":[{"embeddable":true,"href":"https:\/\/www.tgrthaber.com\/mavikadin\/wp-json\/wp\/v2\/users\/5"}],"replies":[{"embeddable":true,"href":"https:\/\/www.tgrthaber.com\/mavikadin\/wp-json\/wp\/v2\/comments?post=186236"}],"version-history":[{"count":1,"href":"https:\/\/www.tgrthaber.com\/mavikadin\/wp-json\/wp\/v2\/posts\/186236\/revisions"}],"predecessor-version":[{"id":186249,"href":"https:\/\/www.tgrthaber.com\/mavikadin\/wp-json\/wp\/v2\/posts\/186236\/revisions\/186249"}],"wp:featuredmedia":[{"embeddable":true,"href":"https:\/\/www.tgrthaber.com\/mavikadin\/wp-json\/wp\/v2\/media\/186246"}],"wp:attachment":[{"href":"https:\/\/www.tgrthaber.com\/mavikadin\/wp-json\/wp\/v2\/media?parent=186236"}],"wp:term":[{"taxonomy":"category","embeddable":true,"href":"https:\/\/www.tgrthaber.com\/mavikadin\/wp-json\/wp\/v2\/categories?post=186236"},{"taxonomy":"post_tag","embeddable":true,"href":"https:\/\/www.tgrthaber.com\/mavikadin\/wp-json\/wp\/v2\/tags?post=186236"}],"curies":[{"name":"wp","href":"https:\/\/api.w.org\/{rel}","templated":true}]}}