{"id":186304,"date":"2025-06-02T16:24:01","date_gmt":"2025-06-02T13:24:01","guid":{"rendered":"https:\/\/www.tgrthaber.com\/mavikadin\/?p=186304"},"modified":"2025-06-02T16:37:04","modified_gmt":"2025-06-02T13:37:04","slug":"murat-dalkilic-gobeklitepeyi-anlatti-bizim-topraklarimizda-olma-fikri-cok-onemli-mesajlar-iceriyor","status":"publish","type":"post","link":"https:\/\/www.tgrthaber.com\/mavikadin\/murat-dalkilic-gobeklitepeyi-anlatti-bizim-topraklarimizda-olma-fikri-cok-onemli-mesajlar-iceriyor\/","title":{"rendered":"Murat Dalk\u0131l\u0131\u00e7 G\u00f6beklitepe\u2019yi anlatt\u0131! \u2018Bizim topraklar\u0131m\u0131zda olma fikri \u00e7ok \u00f6nemli mesajlar i\u00e7eriyor\u2019"},"content":{"rendered":"<p>Uzun zamandan sonra \u015eanl\u0131urfa\u2019da sahne alan Murat Dalk\u0131l\u0131\u00e7, G\u00f6beklitepe\u2019de hakk\u0131nda a\u00e7\u0131klamalarda bulundu. 2 y\u0131l sonar ilk konserini \u015eanl\u0131urfa K\u00fclt\u00fcr Yolu Festivalinde veren Dalk\u0131l\u0131\u00e7, yeni \u015fark\u0131s\u0131 \u201cAd\u0131 Yok\u201du da ilk kez \u015eanl\u0131urfa\u2019da s\u00f6yledi.<\/p>\n<h3>MURAT DALKILI\u00c7 \u015eANLIURFA\u2019DA<\/h3>\n<p>\u015eanl\u0131urfa Arkeoloji M\u00fczesi\u2019nde meydan\u0131nda konser veren \u00fcnl\u00fc isim \u201cLeyla\u201d, \u201cNeyleyim \u0130stanbul\u2019u\u201d, \u201cK\u0131rk Y\u0131lda Bir Gibisin\u201d gibi sevilen \u015fark\u0131lar\u0131 d\u0131\u015f\u0131nda yeni \u015fark\u0131s\u0131 \u201cAd\u0131 Yok\u201du da ilk kez \u015eanl\u0131urfa\u2019da seslendirdi.<\/p>\n<div style=\"width: 640px;\" class=\"wp-video\"><!--[if lt IE 9]><script>document.createElement('video');<\/script><![endif]-->\n<video class=\"wp-video-shortcode\" id=\"video-186304-1\" width=\"640\" height=\"1138\" preload=\"metadata\" controls=\"controls\"><source type=\"video\/mp4\" src=\"https:\/\/www.tgrthaber.com\/mavikadin\/wp-content\/uploads\/Murat-Dalkilic-1.mp4?_=1\" \/><a href=\"https:\/\/www.tgrthaber.com\/mavikadin\/wp-content\/uploads\/Murat-Dalkilic-1.mp4\">https:\/\/www.tgrthaber.com\/mavikadin\/wp-content\/uploads\/Murat-Dalkilic-1.mp4<\/a><\/video><\/div>\n<hr \/>\n<h3>UZUN ARADAN SONRA SAHNE ALDI<\/h3>\n<p>Dalk\u0131l\u0131\u00e7, yapt\u0131\u011f\u0131 a\u00e7\u0131klamada \u201c\u0130lk konser peygamberler diyar\u0131 \u015eanl\u0131urfa\u2019da olsun dedim. Bir bakt\u0131m her \u015feyin ba\u015flang\u0131c\u0131n\u0131n oldu\u011fu yerde ikinci bir ba\u015flang\u0131ca do\u011fru gidiyormu\u015f gibi hissettim kendimi. Hayat\u0131mda \u00f6yle \u015eanl\u0131urfal\u0131 arkada\u015flar\u0131m vard\u0131 ki nas\u0131l korkusuz olunur ben onlardan \u00f6\u011frendim. Bu cesur memlekete selam olsun. \u0130yi ki geldiniz\u201d dedi.<\/p>\n<p><img loading=\"lazy\" decoding=\"async\" class=\"alignnone size-full wp-image-186313\" src=\"https:\/\/www.tgrthaber.com\/mavikadin\/wp-content\/uploads\/Murat-Dalkilic-4.png\" alt=\"\" width=\"1208\" height=\"680\" title=\"\" srcset=\"https:\/\/www.tgrthaber.com\/mavikadin\/wp-content\/uploads\/Murat-Dalkilic-4.png 1208w, https:\/\/www.tgrthaber.com\/mavikadin\/wp-content\/uploads\/Murat-Dalkilic-4-300x169.png 300w, https:\/\/www.tgrthaber.com\/mavikadin\/wp-content\/uploads\/Murat-Dalkilic-4-1024x576.png 1024w, https:\/\/www.tgrthaber.com\/mavikadin\/wp-content\/uploads\/Murat-Dalkilic-4-768x432.png 768w\" sizes=\"(max-width: 1208px) 100vw, 1208px\" \/><\/p>\n<hr \/>\n<h3>G\u00d6BEKL\u0130TEPE Z\u0130YARET\u0130N\u0130 ANLATTI<\/h3>\n<p>Murat Dalk\u0131l\u0131\u00e7 G\u00f6beklitepe ziyaretinde samimi a\u00e7\u0131klamalarda bulundu. Dalk\u0131l\u0131\u00e7, \u201cG\u00f6beklitepe\u2019yi ilk defa g\u00f6r\u00fcyorum. Hayat\u0131m boyunca merak etmi\u015ftim. G\u00f6beklitepe\u2019nin bizim topraklar\u0131m\u0131zda olma fikri bizim i\u00e7in \u00e7ok \u00f6nemli mesajlar i\u00e7eriyor. Sahip \u00e7\u0131kaca\u011f\u0131m\u0131z k\u00fclt\u00fcr, sahip \u00e7\u0131kaca\u011f\u0131m\u0131z geleneklerin asl\u0131nda \u00e7ok derinine inip ne oldu\u011funu \u00e7ok iyi bilmemiz laz\u0131m. Buralar\u0131 gelip g\u00f6r\u00fcp, ta\u015f\u0131n topra\u011f\u0131n enerjisini al\u0131n. \u00c7\u00fcnk\u00fc bazen ta\u015f\u0131n topra\u011f\u0131n anlataca\u011f\u0131 \u015feyler insan\u0131n anlataca\u011f\u0131 \u015feylerden \u00e7ok daha fazla olabilir. Burada bizzat bulunmakta fayda var\u201d diye konu\u015ftu.<\/p>\n<p><img loading=\"lazy\" decoding=\"async\" class=\"alignnone size-full wp-image-186307\" src=\"https:\/\/www.tgrthaber.com\/mavikadin\/wp-content\/uploads\/Murat-Dalkilic-1.png\" alt=\"\" width=\"1208\" height=\"680\" title=\"\" srcset=\"https:\/\/www.tgrthaber.com\/mavikadin\/wp-content\/uploads\/Murat-Dalkilic-1.png 1208w, https:\/\/www.tgrthaber.com\/mavikadin\/wp-content\/uploads\/Murat-Dalkilic-1-300x169.png 300w, https:\/\/www.tgrthaber.com\/mavikadin\/wp-content\/uploads\/Murat-Dalkilic-1-1024x576.png 1024w, https:\/\/www.tgrthaber.com\/mavikadin\/wp-content\/uploads\/Murat-Dalkilic-1-768x432.png 768w\" sizes=\"(max-width: 1208px) 100vw, 1208px\" \/><\/p>\n<hr \/>\n<p>Tarihin s\u0131f\u0131r noktas\u0131n\u0131 ilk g\u00f6rd\u00fc\u011f\u00fcnde hissettiklerini dile getiren Dalk\u0131l\u0131\u00e7, \u201cB\u00fct\u00fcn d\u00fcnya bizim k\u00fclt\u00fcr\u00fcm\u00fcz alt\u0131ndaki de\u011ferin pe\u015finde. Bir laf vard\u0131r \u00e7ok \u00f6nemli: \u201872 millet bizdendir.\u2019 diye. Bizim k\u00fclt\u00fcr\u00fcm\u00fcz\u00fcn \u00fcretti\u011fi bir laf bu. Bu \u015fu demek: E\u011fer insanlar bizi anlarsa herkes bizim gibi olmak ister. Buraya ilk geldi\u011fimde hissetti\u011fim \u015fey, tekrar bizim kontrol\u00fcm\u00fcz alt\u0131nda yeni \u015feyler ke\u015ffedecek olmam\u0131z, bu bizim i\u00e7in \u00e7ok b\u00fcy\u00fck bir g\u00fc\u00e7. \u0130nsanlar da umar\u0131m do\u011fru anlarlar olan biteni\u201d dedi.<\/p>\n","protected":false},"excerpt":{"rendered":"<p>\u00dcnl\u00fc \u015fark\u0131c\u0131 Murat Dalk\u0131l\u0131\u00e7 hasta oldu\u011fu i\u00e7in uzun zamanad\u0131r sahnelerden uzaktayd\u0131. G\u00f6beklitepe\u2019den konu\u015fan Dalk\u0131l\u0131\u00e7, \u201cHayat\u0131m boyunca merak etmi\u015ftim. G\u00f6beklitepe\u2019nin bizim topraklar\u0131m\u0131zda olma fikri bizim i\u00e7in \u00e7ok \u00f6nemli mesajlar i\u00e7eriyor\u201d dedi.<\/p>\n","protected":false},"author":5,"featured_media":186308,"comment_status":"closed","ping_status":"closed","sticky":false,"template":"","format":"standard","meta":{"rank_math_lock_modified_date":false,"footnotes":""},"categories":[76],"tags":[2245,133,11340,2246],"class_list":["post-186304","post","type-post","status-publish","format-standard","has-post-thumbnail","hentry","category-magazin","tag-gobeklitepe","tag-magazin","tag-murat-dalkilic","tag-sanliurfa"],"_links":{"self":[{"href":"https:\/\/www.tgrthaber.com\/mavikadin\/wp-json\/wp\/v2\/posts\/186304"}],"collection":[{"href":"https:\/\/www.tgrthaber.com\/mavikadin\/wp-json\/wp\/v2\/posts"}],"about":[{"href":"https:\/\/www.tgrthaber.com\/mavikadin\/wp-json\/wp\/v2\/types\/post"}],"author":[{"embeddable":true,"href":"https:\/\/www.tgrthaber.com\/mavikadin\/wp-json\/wp\/v2\/users\/5"}],"replies":[{"embeddable":true,"href":"https:\/\/www.tgrthaber.com\/mavikadin\/wp-json\/wp\/v2\/comments?post=186304"}],"version-history":[{"count":5,"href":"https:\/\/www.tgrthaber.com\/mavikadin\/wp-json\/wp\/v2\/posts\/186304\/revisions"}],"predecessor-version":[{"id":186315,"href":"https:\/\/www.tgrthaber.com\/mavikadin\/wp-json\/wp\/v2\/posts\/186304\/revisions\/186315"}],"wp:featuredmedia":[{"embeddable":true,"href":"https:\/\/www.tgrthaber.com\/mavikadin\/wp-json\/wp\/v2\/media\/186308"}],"wp:attachment":[{"href":"https:\/\/www.tgrthaber.com\/mavikadin\/wp-json\/wp\/v2\/media?parent=186304"}],"wp:term":[{"taxonomy":"category","embeddable":true,"href":"https:\/\/www.tgrthaber.com\/mavikadin\/wp-json\/wp\/v2\/categories?post=186304"},{"taxonomy":"post_tag","embeddable":true,"href":"https:\/\/www.tgrthaber.com\/mavikadin\/wp-json\/wp\/v2\/tags?post=186304"}],"curies":[{"name":"wp","href":"https:\/\/api.w.org\/{rel}","templated":true}]}}