{"id":186311,"date":"2025-06-02T16:42:40","date_gmt":"2025-06-02T13:42:40","guid":{"rendered":"https:\/\/www.tgrthaber.com\/mavikadin\/?p=186311"},"modified":"2025-06-02T16:45:05","modified_gmt":"2025-06-02T13:45:05","slug":"survivor-2025-batuhan-karacakayanin-sac-rengi-degisti-sosyal-medya-karisti","status":"publish","type":"post","link":"https:\/\/www.tgrthaber.com\/mavikadin\/survivor-2025-batuhan-karacakayanin-sac-rengi-degisti-sosyal-medya-karisti\/","title":{"rendered":"Survivor 2025 Batuhan Karacakaya\u2019n\u0131n sa\u00e7 rengi de\u011fi\u015fti sosyal medya kar\u0131\u015ft\u0131!"},"content":{"rendered":"<p class=\"p1\">Survivor All Star 2025 sezonu tansiyonu hi\u00e7 d\u00fc\u015fmeyen b\u00f6l\u00fcmleriyle devam ederken, bu kez g\u00fcndem oyunlar de\u011fil, Batuhan Karacakaya\u2019n\u0131n sa\u00e7\u0131ndaki beklenmedik renk de\u011fi\u015fimi oldu. Finale ad\u0131m ad\u0131m ilerleyen yar\u0131\u015fmac\u0131n\u0131n g\u00f6r\u00fcn\u00fcm\u00fcndeki bu farkl\u0131l\u0131k, sosyal medyada deyim yerindeyse k\u00fc\u00e7\u00fck \u00e7apl\u0131 bir krize neden oldu.<\/p>\n<h3>SURV\u0130VOR 2025 BATUHAN KARACAKAYA&#8217;NIN SA\u00c7 RENG\u0130 SOSYAL MEDYAYI KARI\u015eTIRDI<\/h3>\n<p class=\"p1\">Yar\u0131\u015fma s\u0131ras\u0131nda ekran ba\u015f\u0131ndaki izleyicilerin g\u00f6z\u00fcnden ka\u00e7mayan bu detay, k\u0131sa s\u00fcrede viral hale geldi. Oyun alan\u0131nda kafas\u0131n\u0131 \u00f6ne e\u011fdi\u011fi bir anda fark edilen sa\u00e7 rengi fark\u0131, Batuhan\u2019\u0131n yine g\u00fcndem olmas\u0131na\u00a0 neden oldu. Batuhan \u015fimdi stratejileriyle de\u011fil, bu defa sa\u00e7lar\u0131yla konu\u015fuluyor.<\/p>\n<p><img loading=\"lazy\" decoding=\"async\" class=\"alignnone wp-image-186317 size-large\" src=\"https:\/\/www.tgrthaber.com\/mavikadin\/wp-content\/uploads\/Ekran-Resmi-2025-06-02-16.37.26-1024x623.png\" alt=\"\" width=\"1024\" height=\"623\" title=\"\" srcset=\"https:\/\/www.tgrthaber.com\/mavikadin\/wp-content\/uploads\/Ekran-Resmi-2025-06-02-16.37.26-1024x623.png 1024w, https:\/\/www.tgrthaber.com\/mavikadin\/wp-content\/uploads\/Ekran-Resmi-2025-06-02-16.37.26-300x182.png 300w, https:\/\/www.tgrthaber.com\/mavikadin\/wp-content\/uploads\/Ekran-Resmi-2025-06-02-16.37.26-768x467.png 768w, https:\/\/www.tgrthaber.com\/mavikadin\/wp-content\/uploads\/Ekran-Resmi-2025-06-02-16.37.26.png 1286w\" sizes=\"(max-width: 1024px) 100vw, 1024px\" \/><\/p>\n<hr \/>\n<h3 class=\"p1\"><b>\u00d6N TARAF A\u00c7ILMI\u015e D\u0130\u011eER TARAFLAR AYNI KALMI\u015e<\/b><b><\/b><\/h3>\n<p class=\"p1\">Batuhan Karacakaya\u2019n\u0131n sa\u00e7lar\u0131n\u0131n yaln\u0131zca \u00f6n k\u0131sm\u0131nda bariz bir renk a\u00e7\u0131lmas\u0131 oldu\u011fu dikkatli seyirciler taraf\u0131ndan fark edildi. Geriye kalan b\u00f6l\u00fcmlerde ise herhangi bir de\u011fi\u015fiklik g\u00f6zlemlenmedi. Bu orant\u0131s\u0131zl\u0131k haliyle merak uyand\u0131rd\u0131 ve yorumlar\u0131 da beraberinde getirdi.<\/p>\n<p><img loading=\"lazy\" decoding=\"async\" class=\"alignnone wp-image-186318 size-large\" src=\"https:\/\/www.tgrthaber.com\/mavikadin\/wp-content\/uploads\/Ekran-Resmi-2025-06-02-16.37.32-1024x645.png\" alt=\"\" width=\"1024\" height=\"645\" title=\"\" srcset=\"https:\/\/www.tgrthaber.com\/mavikadin\/wp-content\/uploads\/Ekran-Resmi-2025-06-02-16.37.32-1024x645.png 1024w, https:\/\/www.tgrthaber.com\/mavikadin\/wp-content\/uploads\/Ekran-Resmi-2025-06-02-16.37.32-300x189.png 300w, https:\/\/www.tgrthaber.com\/mavikadin\/wp-content\/uploads\/Ekran-Resmi-2025-06-02-16.37.32-768x484.png 768w, https:\/\/www.tgrthaber.com\/mavikadin\/wp-content\/uploads\/Ekran-Resmi-2025-06-02-16.37.32.png 1242w\" sizes=\"(max-width: 1024px) 100vw, 1024px\" \/><\/p>\n<hr \/>\n<h3 class=\"p1\"><b>SA\u00c7 PROTEZ\u0130 \u0130DD\u0130ALARI YEN\u0130DEN G\u00dcNDEMDE<\/b><b><\/b><\/h3>\n<p class=\"p1\">Daha \u00f6nce de sa\u00e7lar\u0131yla ilgili spek\u00fclasyonlara konu olan Batuhan i\u00e7in &#8216;Protez mi kullan\u0131yor?&#8217; sorular\u0131 ge\u00e7mi\u015f sezonlarda s\u0131k\u00e7a sorulmu\u015ftu. Bu kez ya\u015fanan renk de\u011fi\u015fikli\u011fi, izleyicileri ayn\u0131 noktaya \u00e7ekti. Baz\u0131lar\u0131 g\u00fcne\u015ften kaynakland\u0131\u011f\u0131n\u0131 \u00f6ne s\u00fcrerken, kimileri ise kesinlikle protez sa\u00e7\u0131 \u015feklinde yorumlarda bulunuyor.<\/p>\n<p><img loading=\"lazy\" decoding=\"async\" class=\"alignnone wp-image-186319 size-full\" src=\"https:\/\/www.tgrthaber.com\/mavikadin\/wp-content\/uploads\/Ekran-Resmi-2025-06-02-16.37.48.png\" alt=\"\" width=\"996\" height=\"600\" title=\"\" srcset=\"https:\/\/www.tgrthaber.com\/mavikadin\/wp-content\/uploads\/Ekran-Resmi-2025-06-02-16.37.48.png 996w, https:\/\/www.tgrthaber.com\/mavikadin\/wp-content\/uploads\/Ekran-Resmi-2025-06-02-16.37.48-300x181.png 300w, https:\/\/www.tgrthaber.com\/mavikadin\/wp-content\/uploads\/Ekran-Resmi-2025-06-02-16.37.48-768x463.png 768w\" sizes=\"(max-width: 996px) 100vw, 996px\" \/><\/p>\n<hr \/>\n<h3 class=\"p1\"><b>SOSYAL MEDYADA TEOR\u0130LER HAVADA U\u00c7U\u015eTU<\/b><b><\/b><\/h3>\n<p class=\"p1\">Twitter ve Instagram\u2019da y\u00fczlerce yorum yap\u0131l\u0131rken, bir\u00e7ok kullan\u0131c\u0131 renk fark\u0131n\u0131n teknik bir sorundan m\u0131, yoksa kozmetik bir m\u00fcdahaleden mi kaynakland\u0131\u011f\u0131n\u0131 tart\u0131\u015ft\u0131. Baz\u0131 e\u011flenceli kullan\u0131c\u0131lar ise konuyu tiye alarak &#8216;Batuhan stratejisini sa\u00e7\u0131na da ta\u015f\u0131m\u0131\u015f&#8217; yorumlar\u0131nda bulundu.<\/p>\n<p><img loading=\"lazy\" decoding=\"async\" class=\"alignnone wp-image-186320 size-large\" src=\"https:\/\/www.tgrthaber.com\/mavikadin\/wp-content\/uploads\/Ekran-Resmi-2025-06-02-16.37.56-1024x607.png\" alt=\"\" width=\"1024\" height=\"607\" title=\"\" srcset=\"https:\/\/www.tgrthaber.com\/mavikadin\/wp-content\/uploads\/Ekran-Resmi-2025-06-02-16.37.56-1024x607.png 1024w, https:\/\/www.tgrthaber.com\/mavikadin\/wp-content\/uploads\/Ekran-Resmi-2025-06-02-16.37.56-300x178.png 300w, https:\/\/www.tgrthaber.com\/mavikadin\/wp-content\/uploads\/Ekran-Resmi-2025-06-02-16.37.56-768x455.png 768w, https:\/\/www.tgrthaber.com\/mavikadin\/wp-content\/uploads\/Ekran-Resmi-2025-06-02-16.37.56.png 1026w\" sizes=\"(max-width: 1024px) 100vw, 1024px\" \/><\/p>\n<hr \/>\n<h3>SURV\u0130VOR 2025 BATUHAN KARACAKAYA K\u0130MD\u0130R?<\/h3>\n<p class=\"p1\">Survivor All Star 2025 sezonunun dikkat \u00e7eken isimlerinden biri olan Batuhan Karacakaya, yaln\u0131zca yar\u0131\u015fmadaki performans\u0131yla de\u011fil, ge\u00e7mi\u015fteki oyunculuk kariyeriyle de ilgi g\u00f6r\u00fcyor. Gen\u00e7 ya\u015fta ekranla tan\u0131\u015fan Karacakaya, \u015fimdilerde milyonlar\u0131n merakla takip etti\u011fi bir isim haline geldi. 1997 y\u0131l\u0131nda \u0130stanbul\u2019da d\u00fcnyaya gelen Batuhan Karacakaya, hem oyuncu hem de mimar kimli\u011fiyle \u00f6ne \u00e7\u0131k\u0131yor. Oyunculuk yolculu\u011funa k\u00fc\u00e7\u00fck ya\u015fta ba\u015flayan Karacakaya, ilk kez Be\u015finci Boyut dizisinde konuk oyuncu olarak ekran kar\u015f\u0131s\u0131na ge\u00e7ti. Ancak onu geni\u015f kitlelere tan\u0131tan rol, ku\u015fkusuz A\u015fk-\u0131 Memnu dizisindeki &#8216;B\u00fclent Ziyagil&#8217; karakteri oldu.<\/p>\n","protected":false},"excerpt":{"rendered":"<p>Survivor All Star 2025 sezonu h\u0131z kesmeden s\u00fcrerken bu kez konu\u015fulan, Batuhan Karacakaya\u2019n\u0131n performans\u0131 de\u011fil, sa\u00e7\u0131ndaki ilgin\u00e7 de\u011fi\u015fim oldu. Finale yakla\u015fan yar\u0131\u015fmac\u0131n\u0131n sa\u00e7 rengindeki dengesiz ton fark\u0131, izleyicilerin g\u00f6z\u00fcnden ka\u00e7mad\u0131. <\/p>\n","protected":false},"author":16,"featured_media":186329,"comment_status":"closed","ping_status":"closed","sticky":false,"template":"","format":"standard","meta":{"rank_math_lock_modified_date":false,"footnotes":""},"categories":[76],"tags":[133,2218,8308,23579,23578],"class_list":["post-186311","post","type-post","status-publish","format-standard","has-post-thumbnail","hentry","category-magazin","tag-magazin","tag-magazin-haberleri","tag-survivor-2025-batuhan-karacakaya-kimdir","tag-survivor-2025-batuhan-karacakaya-sacina-ne-oldu","tag-survivor-2025-batuhan-karacakayanin-sac-rengindeki-degisiklik"],"_links":{"self":[{"href":"https:\/\/www.tgrthaber.com\/mavikadin\/wp-json\/wp\/v2\/posts\/186311"}],"collection":[{"href":"https:\/\/www.tgrthaber.com\/mavikadin\/wp-json\/wp\/v2\/posts"}],"about":[{"href":"https:\/\/www.tgrthaber.com\/mavikadin\/wp-json\/wp\/v2\/types\/post"}],"author":[{"embeddable":true,"href":"https:\/\/www.tgrthaber.com\/mavikadin\/wp-json\/wp\/v2\/users\/16"}],"replies":[{"embeddable":true,"href":"https:\/\/www.tgrthaber.com\/mavikadin\/wp-json\/wp\/v2\/comments?post=186311"}],"version-history":[{"count":2,"href":"https:\/\/www.tgrthaber.com\/mavikadin\/wp-json\/wp\/v2\/posts\/186311\/revisions"}],"predecessor-version":[{"id":186338,"href":"https:\/\/www.tgrthaber.com\/mavikadin\/wp-json\/wp\/v2\/posts\/186311\/revisions\/186338"}],"wp:featuredmedia":[{"embeddable":true,"href":"https:\/\/www.tgrthaber.com\/mavikadin\/wp-json\/wp\/v2\/media\/186329"}],"wp:attachment":[{"href":"https:\/\/www.tgrthaber.com\/mavikadin\/wp-json\/wp\/v2\/media?parent=186311"}],"wp:term":[{"taxonomy":"category","embeddable":true,"href":"https:\/\/www.tgrthaber.com\/mavikadin\/wp-json\/wp\/v2\/categories?post=186311"},{"taxonomy":"post_tag","embeddable":true,"href":"https:\/\/www.tgrthaber.com\/mavikadin\/wp-json\/wp\/v2\/tags?post=186311"}],"curies":[{"name":"wp","href":"https:\/\/api.w.org\/{rel}","templated":true}]}}