{"id":186316,"date":"2025-06-02T16:43:30","date_gmt":"2025-06-02T13:43:30","guid":{"rendered":"https:\/\/www.tgrthaber.com\/mavikadin\/?p=186316"},"modified":"2025-06-02T16:43:31","modified_gmt":"2025-06-02T13:43:31","slug":"uzak-sehir-dizisinin-borani-burc-kumbetlioglundan-dikkat-ceken-aciklama","status":"publish","type":"post","link":"https:\/\/www.tgrthaber.com\/mavikadin\/uzak-sehir-dizisinin-borani-burc-kumbetlioglundan-dikkat-ceken-aciklama\/","title":{"rendered":"Uzak \u015eehir dizisinin Boran\u2019\u0131 Bur\u00e7 K\u00fcmbetlio\u011flu\u2019ndan dikkat \u00e7eken a\u00e7\u0131klama!"},"content":{"rendered":"<p>Ekranlar\u0131n b\u00fcy\u00fck bir ilgiyle takip edilen dizisi Uzak \u015eehir\u2019de \u2018Boran\u2019 karakteriyle izleyici kar\u015f\u0131s\u0131na \u00e7\u0131kan Bur\u00e7 K\u00fcmbetlio\u011flu, \u015fimdilerde NOW TV ekranlar\u0131nda yay\u0131nlanan \u2018\u00c7ift Ki\u015filik Oda\u2019 dizisinde \u2018Nihat\u2019 karakteriyle izleyiciyle bulu\u015fuyor. Son zamanlarda pop\u00fclerli\u011fini art\u0131ran ve ekranlar\u0131n sevilen y\u00fcz\u00fc olan Bur\u00e7 K\u00fcmbetlio\u011flu\u2019ndan dikkat \u00e7eken a\u00e7\u0131klama geldi. \u00dcnl\u00fc oyuncu konuk oldu\u011fu programda \u00e7e\u015fitli a\u00e7\u0131klamalarda bulundu.<\/p>\n<h3>UZAK \u015eEH\u0130R D\u0130Z\u0130S\u0130N\u0130N BORAN\u2019I BUR\u00c7 K\u00dcMBETL\u0130O\u011eLU\u2019NDAN D\u0130KKAT \u00c7EKEN A\u00c7IKLAMA!<\/h3>\n<p>Kanal D ekranlar\u0131n\u0131n bu sezona damga vuran dizisi Uzak \u015eehir\u2019de oynad\u0131\u011f\u0131 \u2018Boran\u2019 karakteriyle dikkatleri \u00fczerine \u00e7eken ba\u015far\u0131l\u0131 oyuncu Bur\u00e7 K\u00fcmbetlio\u011flu\u2019ndan dikkat \u00e7eken a\u00e7\u0131klama geldi. Ekranlar\u0131n reyting rekortmeni dizisi Uzak \u015eehir\u2019de konuk oyuncu olarak yer alan K\u00fcmbetlio\u011flu, Boran karakteriyle seyircinin ilgisini \u00e7ekmeye devam ediyor.<\/p>\n<p><img loading=\"lazy\" decoding=\"async\" class=\"alignnone wp-image-186327\" src=\"https:\/\/www.tgrthaber.com\/mavikadin\/wp-content\/uploads\/Burc-Kumbetlioglu-6-1024x576.webp\" alt=\"Uzak \u015eehir dizisinin Boran\u2019\u0131 Bur\u00e7 K\u00fcmbetlio\u011flu\u2019ndan dikkat \u00e7eken a\u00e7\u0131klama!\" width=\"1208\" height=\"680\" title=\"\" srcset=\"https:\/\/www.tgrthaber.com\/mavikadin\/wp-content\/uploads\/Burc-Kumbetlioglu-6-1024x576.webp 1024w, https:\/\/www.tgrthaber.com\/mavikadin\/wp-content\/uploads\/Burc-Kumbetlioglu-6-300x169.webp 300w, https:\/\/www.tgrthaber.com\/mavikadin\/wp-content\/uploads\/Burc-Kumbetlioglu-6-768x432.webp 768w, https:\/\/www.tgrthaber.com\/mavikadin\/wp-content\/uploads\/Burc-Kumbetlioglu-6-1536x864.webp 1536w, https:\/\/www.tgrthaber.com\/mavikadin\/wp-content\/uploads\/Burc-Kumbetlioglu-6.webp 1600w\" sizes=\"(max-width: 1208px) 100vw, 1208px\" \/><\/p>\n<hr \/>\n<p>\u015eimdilerde NOW TV ekranlar\u0131nda yay\u0131nlanan \u2018\u00c7ift Ki\u015filik Oda\u2019 dizisinde \u2018Nihat\u2019 karakteriyle seyirci kar\u015f\u0131s\u0131na \u00e7\u0131kan Bur\u00e7 K\u00fcmbetlio\u011flu, ba\u015far\u0131l\u0131 oyunculuk kariyerine t\u00fcm h\u0131z\u0131yla devam ediyor. Boran karakteriyle haf\u0131zalara kaz\u0131nan \u00fcnl\u00fc oyuncu, konuk oldu\u011fu programda dikkat \u00e7eken a\u00e7\u0131klamalarda bulundu.<\/p>\n<h3>\u201cBORAN OLARAK FOTO\u011eRAF \u00c7EKT\u0130R\u0130YORUM\u201d<\/h3>\n<p>Ekranlar\u0131n b\u00fcy\u00fck bir ilgiyle takip edilen dizisi Uzak \u015eehir\u2019de \u2018Boran\u2019 karakteriyle izleyici kar\u015f\u0131s\u0131na \u00e7\u0131kan Bur\u00e7 K\u00fcmbetlio\u011flu, oynad\u0131\u011f\u0131 karakterle b\u00fcy\u00fck ilgi g\u00f6rmeye devam ediyor. Uzak \u015eehir\u2019in ilk b\u00f6l\u00fcmlerinde konuk oyuncu olarak diziye dahil olan fakat hikayenin b\u00fcy\u00fck bir \u00e7o\u011funlu\u011funun onun \u00fczerinden i\u015flendi\u011fi \u00fcnl\u00fc K\u00fcmbetlio\u011flu, \u015fimdilerde seyircinin yo\u011fun ilgisiyle kar\u015f\u0131 kar\u015f\u0131ya kal\u0131yor.<\/p>\n<p><img loading=\"lazy\" decoding=\"async\" class=\"alignnone wp-image-186330\" src=\"https:\/\/www.tgrthaber.com\/mavikadin\/wp-content\/uploads\/Burc-Kumbetlioglu-5-1536x864-1-1024x576.webp\" alt=\"Uzak \u015eehir dizisinin Boran\u2019\u0131 Bur\u00e7 K\u00fcmbetlio\u011flu\u2019ndan dikkat \u00e7eken a\u00e7\u0131klama!\" width=\"1208\" height=\"680\" title=\"\" srcset=\"https:\/\/www.tgrthaber.com\/mavikadin\/wp-content\/uploads\/Burc-Kumbetlioglu-5-1536x864-1-1024x576.webp 1024w, https:\/\/www.tgrthaber.com\/mavikadin\/wp-content\/uploads\/Burc-Kumbetlioglu-5-1536x864-1-300x169.webp 300w, https:\/\/www.tgrthaber.com\/mavikadin\/wp-content\/uploads\/Burc-Kumbetlioglu-5-1536x864-1-768x432.webp 768w, https:\/\/www.tgrthaber.com\/mavikadin\/wp-content\/uploads\/Burc-Kumbetlioglu-5-1536x864-1.webp 1536w\" sizes=\"(max-width: 1208px) 100vw, 1208px\" \/><\/p>\n<hr \/>\n<p>Her hafta sonu Flash Haber ekranlar\u0131nda yay\u0131nlanan ve \u00e7ekimleri Kuru\u00e7e\u015fme Oligark\u2019ta ger\u00e7ekle\u015ftirilen \u201cUfukta Ne Var?\u201d program\u0131n\u0131n bu haftaki konuklar\u0131 aras\u0131nda Uzak \u015eehir dizisinin Boran\u2019\u0131 Bur\u00e7 K\u00fcmbetlio\u011flu\u2019da vard\u0131. K\u00fcmbetlio\u011flu konuk oldu\u011fu programda \u00e7e\u015fitli a\u00e7\u0131klamalarda bulundu. Boran karakteriyle tan\u0131nd\u0131\u011f\u0131n\u0131 dile getiren \u00fcnl\u00fc oyuncu a\u00e7\u0131klamas\u0131nda \u015fu ifadelere yer verdi:<\/p>\n<p>\u201cBir s\u00fcr\u00fc i\u015f yapm\u0131\u015f bir adam\u0131m. Sava\u015f\u00e7\u0131 dizisiyle \u00fc\u00e7 y\u0131l birinciydik. Bayram Bayat diye \u00e7evrilirdim her zaman. \u015eu an da Boran Boran diye \u00e7evriliyorum. Bende unutuyorum. Ba\u015fka i\u015f \u00e7ekiyorum \u00e7\u00fcnk\u00fc. Antalya\u2019da g\u00fcre\u015f \u00e7ektim yay\u0131nlanmad\u0131 ama. Ben o formatta de\u011filken s\u00fcrekli Boran olarak \u00e7ektiriyorum. \u00d6yle bir durumumuz var.\u201d<\/p>\n<p><img loading=\"lazy\" decoding=\"async\" class=\"alignnone wp-image-186331\" src=\"https:\/\/www.tgrthaber.com\/mavikadin\/wp-content\/uploads\/Burc-Kumbetlioglu-10-1536x864-1-1024x576.webp\" alt=\"Uzak \u015eehir dizisinin Boran\u2019\u0131 Bur\u00e7 K\u00fcmbetlio\u011flu\u2019ndan dikkat \u00e7eken a\u00e7\u0131klama!\" width=\"1208\" height=\"680\" title=\"\" srcset=\"https:\/\/www.tgrthaber.com\/mavikadin\/wp-content\/uploads\/Burc-Kumbetlioglu-10-1536x864-1-1024x576.webp 1024w, https:\/\/www.tgrthaber.com\/mavikadin\/wp-content\/uploads\/Burc-Kumbetlioglu-10-1536x864-1-300x169.webp 300w, https:\/\/www.tgrthaber.com\/mavikadin\/wp-content\/uploads\/Burc-Kumbetlioglu-10-1536x864-1-768x432.webp 768w, https:\/\/www.tgrthaber.com\/mavikadin\/wp-content\/uploads\/Burc-Kumbetlioglu-10-1536x864-1.webp 1536w\" sizes=\"(max-width: 1208px) 100vw, 1208px\" \/><\/p>\n<hr \/>\n<h3>BUR\u00c7 K\u00dcMBETL\u0130O\u011eLU K\u0130MD\u0130R?<\/h3>\n<p>Uzak \u015eehir dizisiyle pop\u00fclerli\u011fini art\u0131ran Bur\u00e7 K\u00fcmbetlio\u011flu, 14 Eyl\u00fcl 1980 y\u0131l\u0131nda Sivas\u2019ta d\u00fcnyaya geldi. \u0130lkokul, ortaokul ve lise e\u011fitimini Sivas\u2019ta ba\u015far\u0131yla tamamlayan K\u00fcmbetlio\u011flu, y\u00fcksek\u00f6\u011frenimini B\u00fclent Ecevit \u00dcniversitesi Maliye B\u00f6l\u00fcm\u00fc\u2019nde tamamlayarak mezun oldu.<\/p>\n<p><img loading=\"lazy\" decoding=\"async\" class=\"alignnone wp-image-186333\" src=\"https:\/\/www.tgrthaber.com\/mavikadin\/wp-content\/uploads\/Burc-Kumbetlioglu-8-1-1536x864-1-1024x576.webp\" alt=\"Uzak \u015eehir dizisinin Boran\u2019\u0131 Bur\u00e7 K\u00fcmbetlio\u011flu\u2019ndan dikkat \u00e7eken a\u00e7\u0131klama!\" width=\"1208\" height=\"680\" title=\"\" srcset=\"https:\/\/www.tgrthaber.com\/mavikadin\/wp-content\/uploads\/Burc-Kumbetlioglu-8-1-1536x864-1-1024x576.webp 1024w, https:\/\/www.tgrthaber.com\/mavikadin\/wp-content\/uploads\/Burc-Kumbetlioglu-8-1-1536x864-1-300x169.webp 300w, https:\/\/www.tgrthaber.com\/mavikadin\/wp-content\/uploads\/Burc-Kumbetlioglu-8-1-1536x864-1-768x432.webp 768w, https:\/\/www.tgrthaber.com\/mavikadin\/wp-content\/uploads\/Burc-Kumbetlioglu-8-1-1536x864-1.webp 1536w\" sizes=\"(max-width: 1208px) 100vw, 1208px\" \/><\/p>\n<hr \/>\n<p>Ba\u015far\u0131l\u0131 bir e\u011fitim hayat\u0131 ge\u00e7iren Bur\u00e7 K\u00fcmbetlio\u011flu, y\u00fcksek lisans e\u011fitimini de ba\u015far\u0131yla tamamlayarak \u0130stanbul\u2019a yerle\u015fti. \u0130stanbul\u2019a geldikten sonra oyunculuk sekt\u00f6r\u00fcnde ilerlemek isteyen K\u00fcmbetlio\u011flu, oyunculuk dersleri almaya ba\u015flad\u0131. 2009 y\u0131l\u0131nda oyunculuk kariyerine ba\u015flayan K\u00fcmbetlio\u011flu, ilk oyunculuk deneyimini \u201cHan\u0131m\u0131n \u00c7iftli\u011fi\u201d adl\u0131 diziyle ger\u00e7ekle\u015ftirdi. 2009 y\u0131l\u0131ndan bu yana bir\u00e7ok ba\u015far\u0131l\u0131 projede yer alan K\u00fcmbetlio\u011flu, Ayla filmiyle ad\u0131n\u0131 geni\u015f kitlelere duyurmu\u015f ve pop\u00fclerli\u011fini art\u0131rm\u0131\u015ft\u0131r.<\/p>\n<p>Bur\u00e7 K\u00fcmbetlio\u011flu, daha sonra Sava\u015f\u00e7\u0131 ve K\u0131r\u0131ml\u0131 projeleriyle \u00f6nemli roller \u00fcstlenmi\u015f ve kariyerini zirveye ta\u015f\u0131m\u0131\u015ft\u0131r. \u00d6zellikle de Sava\u015f\u00e7\u0131 dizisiyle ad\u0131ndan s\u00f6z ettiren K\u00fcmbetlio\u011flu, \u201cAstsubay K\u0131demli Ba\u015f\u00e7avu\u015f Bayram Bayat\u201d karakteri ile haf\u0131zalara kaz\u0131nd\u0131.<\/p>\n","protected":false},"excerpt":{"rendered":"<p>Kanal D ekranlar\u0131n\u0131n reyting rekortmeni dizisi Uzak \u015eehir\u2019de Boran karakteriyle izleyici kar\u015f\u0131s\u0131na \u00e7\u0131kan Bur\u00e7 K\u00fcmbetlio\u011flu, dikkat \u00e7eken a\u00e7\u0131klamalarda bulundu. \u0130\u015fte detaylar\u2026<\/p>\n","protected":false},"author":26,"featured_media":186328,"comment_status":"closed","ping_status":"closed","sticky":false,"template":"","format":"standard","meta":{"rank_math_lock_modified_date":false,"footnotes":""},"categories":[76],"tags":[13686,22564,133,2218,9793],"class_list":["post-186316","post","type-post","status-publish","format-standard","has-post-thumbnail","hentry","category-magazin","tag-burc-kumbetlioglu","tag-burc-kumbetlioglu-kimdir","tag-magazin","tag-magazin-haberleri","tag-uzak-sehir-boran"],"_links":{"self":[{"href":"https:\/\/www.tgrthaber.com\/mavikadin\/wp-json\/wp\/v2\/posts\/186316"}],"collection":[{"href":"https:\/\/www.tgrthaber.com\/mavikadin\/wp-json\/wp\/v2\/posts"}],"about":[{"href":"https:\/\/www.tgrthaber.com\/mavikadin\/wp-json\/wp\/v2\/types\/post"}],"author":[{"embeddable":true,"href":"https:\/\/www.tgrthaber.com\/mavikadin\/wp-json\/wp\/v2\/users\/26"}],"replies":[{"embeddable":true,"href":"https:\/\/www.tgrthaber.com\/mavikadin\/wp-json\/wp\/v2\/comments?post=186316"}],"version-history":[{"count":2,"href":"https:\/\/www.tgrthaber.com\/mavikadin\/wp-json\/wp\/v2\/posts\/186316\/revisions"}],"predecessor-version":[{"id":186337,"href":"https:\/\/www.tgrthaber.com\/mavikadin\/wp-json\/wp\/v2\/posts\/186316\/revisions\/186337"}],"wp:featuredmedia":[{"embeddable":true,"href":"https:\/\/www.tgrthaber.com\/mavikadin\/wp-json\/wp\/v2\/media\/186328"}],"wp:attachment":[{"href":"https:\/\/www.tgrthaber.com\/mavikadin\/wp-json\/wp\/v2\/media?parent=186316"}],"wp:term":[{"taxonomy":"category","embeddable":true,"href":"https:\/\/www.tgrthaber.com\/mavikadin\/wp-json\/wp\/v2\/categories?post=186316"},{"taxonomy":"post_tag","embeddable":true,"href":"https:\/\/www.tgrthaber.com\/mavikadin\/wp-json\/wp\/v2\/tags?post=186316"}],"curies":[{"name":"wp","href":"https:\/\/api.w.org\/{rel}","templated":true}]}}