{"id":186340,"date":"2025-06-02T17:10:42","date_gmt":"2025-06-02T14:10:42","guid":{"rendered":"https:\/\/www.tgrthaber.com\/mavikadin\/?p=186340"},"modified":"2025-06-02T17:10:43","modified_gmt":"2025-06-02T14:10:43","slug":"survivor-2025-adem-kilicci-sosyal-medya-yorumuyla-yikildi-savciliktan-sok-karar","status":"publish","type":"post","link":"https:\/\/www.tgrthaber.com\/mavikadin\/survivor-2025-adem-kilicci-sosyal-medya-yorumuyla-yikildi-savciliktan-sok-karar\/","title":{"rendered":"Survivor 2025 Adem K\u0131l\u0131\u00e7c\u0131 sosyal medya yorumuyla y\u0131k\u0131ld\u0131 savc\u0131l\u0131ktan \u015fok karar!"},"content":{"rendered":"<p class=\"p2\">Survivor \u015fampiyonu ve milli boks\u00f6r Adem K\u0131l\u0131\u00e7c\u0131, sosyal medyada kendisine y\u00f6neltilen a\u011f\u0131r s\u00f6zler sonras\u0131 yasal yollara ba\u015fvurdu. Ancak K\u0131l\u0131\u00e7c\u0131\u2019n\u0131n umdu\u011fu adalet yerini bulmad\u0131. Savc\u0131l\u0131ktan \u00e7\u0131kan karar, hem \u00fcnl\u00fc ismi \u015fa\u015f\u0131rtt\u0131 hem de sosyal medyada yeni bir tart\u0131\u015fmay\u0131 tetikledi.<\/p>\n<h3>SURV\u0130VOR 2025 ADEM KILI\u00c7CI&#8217;YA K\u00d6T\u00dc HABER! TAK\u0130P\u00c7\u0130S\u0130N\u0130N YORUMUYLA \u00c7ILDIRMI\u015eTI<\/h3>\n<p class=\"p2\">2024 y\u0131l\u0131n\u0131n \u015eubat ay\u0131nda sosyal medyada kendisine y\u00f6nelik yap\u0131lan hakaret i\u00e7erikli yorumlarla g\u00fcndeme gelen Adem K\u0131l\u0131\u00e7c\u0131, s\u00f6z konusu yorumu yazan kullan\u0131c\u0131dan \u015fikayet\u00e7i oldu. Ancak \u015fikayet sonras\u0131 y\u00fcr\u00fct\u00fclen soru\u015fturmadan \u00e7\u0131kan sonu\u00e7, beklenenin aksine &#8216;takipsizlik&#8217; oldu.<\/p>\n<p><img loading=\"lazy\" decoding=\"async\" class=\"alignnone wp-image-186348 size-full\" src=\"https:\/\/www.tgrthaber.com\/mavikadin\/wp-content\/uploads\/Ekran-Resmi-2025-06-02-17.05.53.png\" alt=\"\" width=\"974\" height=\"532\" title=\"\" srcset=\"https:\/\/www.tgrthaber.com\/mavikadin\/wp-content\/uploads\/Ekran-Resmi-2025-06-02-17.05.53.png 974w, https:\/\/www.tgrthaber.com\/mavikadin\/wp-content\/uploads\/Ekran-Resmi-2025-06-02-17.05.53-300x164.png 300w, https:\/\/www.tgrthaber.com\/mavikadin\/wp-content\/uploads\/Ekran-Resmi-2025-06-02-17.05.53-768x419.png 768w\" sizes=\"(max-width: 974px) 100vw, 974px\" \/><\/p>\n<hr \/>\n<h3 class=\"p2\"><b>A\u011eIR \u0130FADELER DOSYAYA G\u0130RD\u0130<\/b><b><\/b><\/h3>\n<p class=\"p2\">K\u0131l\u0131\u00e7c\u0131\u2019n\u0131n \u015fikayetine neden olan yorumda, &#8216;\u015eeytan\u0131n avukatlar\u0131 s\u2026n seni\u2026 Sen kendi k\u2026 fanlar\u0131n\u0131n ve onlar\u0131n \u2026. dostlar\u0131n\u0131n neler yapt\u0131klar\u0131n\u0131 g\u00f6rmezden geliyorsan\u2026&#8217; gibi ifadeler yer ald\u0131. Milli sporcunun avukat\u0131 bu s\u00f6zlerin do\u011frudan hakaret niteli\u011fi ta\u015f\u0131d\u0131\u011f\u0131n\u0131 savunarak, yorum sahibinin cezaland\u0131r\u0131lmas\u0131n\u0131 talep etti.<\/p>\n<p><img loading=\"lazy\" decoding=\"async\" class=\"alignnone wp-image-186352 size-full\" src=\"https:\/\/www.tgrthaber.com\/mavikadin\/wp-content\/uploads\/Ekran-Resmi-2025-06-02-17.06.05.png\" alt=\"\" width=\"994\" height=\"566\" title=\"\" srcset=\"https:\/\/www.tgrthaber.com\/mavikadin\/wp-content\/uploads\/Ekran-Resmi-2025-06-02-17.06.05.png 994w, https:\/\/www.tgrthaber.com\/mavikadin\/wp-content\/uploads\/Ekran-Resmi-2025-06-02-17.06.05-300x171.png 300w, https:\/\/www.tgrthaber.com\/mavikadin\/wp-content\/uploads\/Ekran-Resmi-2025-06-02-17.06.05-768x437.png 768w\" sizes=\"(max-width: 994px) 100vw, 994px\" \/><\/p>\n<hr \/>\n<h3 class=\"p2\"><b>SAVCILIK: HEDEF BEL\u0130RS\u0130Z DEL\u0130L YETERS\u0130Z<\/b><b><\/b><\/h3>\n<p class=\"p2\">Soru\u015fturmay\u0131 y\u00fcr\u00fcten savc\u0131l\u0131k ise yap\u0131lan yorumun kime y\u00f6nelik oldu\u011fu konusunda netlik olmad\u0131\u011f\u0131 g\u00f6r\u00fc\u015f\u00fcne vard\u0131. \u0130fadelerin, ayn\u0131 g\u00f6nderiye yorum yapan di\u011fer ki\u015filere ya da genel bir kitlenin tamam\u0131na hitap ediyor olabilece\u011fi de\u011ferlendirildi. Bu nedenle, hakaret su\u00e7unun olu\u015fabilmesi i\u00e7in gereken do\u011frudan hedef alma \u015fart\u0131n\u0131n bulunmad\u0131\u011f\u0131 vurguland\u0131.<\/p>\n<p><img loading=\"lazy\" decoding=\"async\" class=\"alignnone wp-image-186355 size-large\" src=\"https:\/\/www.tgrthaber.com\/mavikadin\/wp-content\/uploads\/Ekran-Resmi-2025-06-02-17.05.59-1024x571.png\" alt=\"\" width=\"1024\" height=\"571\" title=\"\" srcset=\"https:\/\/www.tgrthaber.com\/mavikadin\/wp-content\/uploads\/Ekran-Resmi-2025-06-02-17.05.59-1024x571.png 1024w, https:\/\/www.tgrthaber.com\/mavikadin\/wp-content\/uploads\/Ekran-Resmi-2025-06-02-17.05.59-300x167.png 300w, https:\/\/www.tgrthaber.com\/mavikadin\/wp-content\/uploads\/Ekran-Resmi-2025-06-02-17.05.59-768x428.png 768w, https:\/\/www.tgrthaber.com\/mavikadin\/wp-content\/uploads\/Ekran-Resmi-2025-06-02-17.05.59.png 1036w\" sizes=\"(max-width: 1024px) 100vw, 1024px\" \/><\/p>\n<hr \/>\n<h3 class=\"p2\"><b>KAMU DAVASI A\u00c7ILMADI<\/b><b><\/b><\/h3>\n<p class=\"p2\">Savc\u0131l\u0131\u011f\u0131n de\u011ferlendirmesi sonucunda, s\u00f6z konusu yorumun do\u011frudan Adem K\u0131l\u0131\u00e7c\u0131\u2019y\u0131 hedef ald\u0131\u011f\u0131na dair yeterli somut delil bulunmad\u0131\u011f\u0131 gerek\u00e7esiyle \u015f\u00fcpheli hakk\u0131nda kamu davas\u0131 a\u00e7\u0131lmas\u0131na yer olmad\u0131\u011f\u0131na karar verildi. K\u0131l\u0131\u00e7c\u0131\u2019n\u0131n hukuk m\u00fccadelesi ise bu noktada sonu\u00e7suz kald\u0131. Milli sporcunun ya\u015fad\u0131\u011f\u0131 bu hukuki s\u00fcre\u00e7, sosyal medyada hakaret s\u0131n\u0131rlar\u0131n\u0131n nerede ba\u015flad\u0131\u011f\u0131na dair tart\u0131\u015fmalar\u0131 yeniden alevlendirdi. K\u0131l\u0131\u00e7c\u0131 cephesinden ise konuyla ilgili yeni bir ad\u0131m gelip gelmeyece\u011fi merakla bekleniyor.<\/p>\n<p><img loading=\"lazy\" decoding=\"async\" class=\"alignnone wp-image-186357 \" src=\"https:\/\/www.tgrthaber.com\/mavikadin\/wp-content\/uploads\/Ekran-Resmi-2025-06-02-17.07.57.png\" alt=\"\" width=\"987\" height=\"588\" title=\"\" srcset=\"https:\/\/www.tgrthaber.com\/mavikadin\/wp-content\/uploads\/Ekran-Resmi-2025-06-02-17.07.57.png 970w, https:\/\/www.tgrthaber.com\/mavikadin\/wp-content\/uploads\/Ekran-Resmi-2025-06-02-17.07.57-300x179.png 300w, https:\/\/www.tgrthaber.com\/mavikadin\/wp-content\/uploads\/Ekran-Resmi-2025-06-02-17.07.57-768x458.png 768w\" sizes=\"(max-width: 987px) 100vw, 987px\" \/><\/p>\n<hr \/>\n<h3>SURV\u0130VOR 2025 ADEM KILI\u00c7CI K\u0130MD\u0130R?<\/h3>\n<p class=\"p1\">Sadece ringlerdeki ba\u015far\u0131s\u0131yla de\u011fil, ekran \u00f6n\u00fcndeki duru\u015fuyla da geni\u015f bir hayran kitlesi edinen Adem K\u0131l\u0131\u00e7c\u0131, hem sporculu\u011fu hem de karakteriyle ad\u0131ndan s\u00f6z ettirmeye devam ediyor. Survivor\u2019daki h\u0131rsl\u0131 ve m\u00fccadeleci tavr\u0131yla haf\u0131zalarda yer edinen K\u0131l\u0131\u00e7c\u0131\u2019n\u0131n hikayesi, A\u011fr\u0131\u2019da ba\u015flayan ve uluslararas\u0131 arenalara uzanan bir azim yolculu\u011fu. 1986 y\u0131l\u0131nda A\u011fr\u0131\u2019da d\u00fcnyaya gelen Adem K\u0131l\u0131\u00e7c\u0131\u2019n\u0131n k\u00f6keni, T\u00fcrkiye\u2019ye Kafkasya\u2019dan g\u00f6\u00e7 eden Karapapak T\u00fcrkleri\u2019ne dayan\u0131yor. Boks kariyerine gen\u00e7 ya\u015flarda ba\u015flayan K\u0131l\u0131\u00e7c\u0131, \u0130stanbul\u2019da Fenerbah\u00e7e Boks \u015eubesi\u2019ne kat\u0131larak profesyonel anlamda spor hayat\u0131n\u0131 \u015fekillendirdi.<\/p>\n<p><img loading=\"lazy\" decoding=\"async\" class=\"alignnone wp-image-186358 size-full\" src=\"https:\/\/www.tgrthaber.com\/mavikadin\/wp-content\/uploads\/Ekran-Resmi-2025-06-02-17.08.02.png\" alt=\"\" width=\"1020\" height=\"698\" title=\"\" srcset=\"https:\/\/www.tgrthaber.com\/mavikadin\/wp-content\/uploads\/Ekran-Resmi-2025-06-02-17.08.02.png 1020w, https:\/\/www.tgrthaber.com\/mavikadin\/wp-content\/uploads\/Ekran-Resmi-2025-06-02-17.08.02-300x205.png 300w, https:\/\/www.tgrthaber.com\/mavikadin\/wp-content\/uploads\/Ekran-Resmi-2025-06-02-17.08.02-768x526.png 768w\" sizes=\"(max-width: 1020px) 100vw, 1020px\" \/><\/p>\n<hr \/>\n<p class=\"p1\">Hen\u00fcz 18 ya\u015f\u0131ndayken Antalya\u2019da d\u00fczenlenen 2004 D\u00fcnya Boks \u015eampiyonas\u0131\u2019nda g\u00fcm\u00fc\u015f madalya kazanarak ad\u0131n\u0131 duyuran K\u0131l\u0131\u00e7c\u0131, ringlerdeki yetene\u011fini ilk kez uluslararas\u0131 d\u00fczeyde g\u00f6stermi\u015f oldu. 2007 y\u0131l\u0131nda \u015eikago\u2019da yap\u0131lan D\u00fcnya Amat\u00f6r Boks \u015eampiyonas\u0131\u2019nda ise bronz madalya kazanarak ba\u015far\u0131s\u0131n\u0131 per\u00e7inledi.<\/p>\n","protected":false},"excerpt":{"rendered":"<p>Milli sporcu ve Survivor \u015fampiyonu Adem K\u0131l\u0131\u00e7c\u0131, sosyal medyada maruz kald\u0131\u011f\u0131 sert ifadelerin ard\u0131ndan hukuki m\u00fccadele ba\u015flatt\u0131. Ancak beklemedi\u011fi bir sonu\u00e7la kar\u015f\u0131la\u015ft\u0131. \u0130\u015fte detaylar.. <\/p>\n","protected":false},"author":16,"featured_media":186359,"comment_status":"closed","ping_status":"closed","sticky":false,"template":"","format":"standard","meta":{"rank_math_lock_modified_date":false,"footnotes":""},"categories":[76],"tags":[133,2218,19871,23583,23584],"class_list":["post-186340","post","type-post","status-publish","format-standard","has-post-thumbnail","hentry","category-magazin","tag-magazin","tag-magazin-haberleri","tag-survivor-2025-adem-kilicci-kimdir","tag-survivor-2025-adem-kilicci-savcilik-karari","tag-survivor-2025-adem-kilicci-takipcisi-hakaret-savcilik-karari"],"_links":{"self":[{"href":"https:\/\/www.tgrthaber.com\/mavikadin\/wp-json\/wp\/v2\/posts\/186340"}],"collection":[{"href":"https:\/\/www.tgrthaber.com\/mavikadin\/wp-json\/wp\/v2\/posts"}],"about":[{"href":"https:\/\/www.tgrthaber.com\/mavikadin\/wp-json\/wp\/v2\/types\/post"}],"author":[{"embeddable":true,"href":"https:\/\/www.tgrthaber.com\/mavikadin\/wp-json\/wp\/v2\/users\/16"}],"replies":[{"embeddable":true,"href":"https:\/\/www.tgrthaber.com\/mavikadin\/wp-json\/wp\/v2\/comments?post=186340"}],"version-history":[{"count":1,"href":"https:\/\/www.tgrthaber.com\/mavikadin\/wp-json\/wp\/v2\/posts\/186340\/revisions"}],"predecessor-version":[{"id":186360,"href":"https:\/\/www.tgrthaber.com\/mavikadin\/wp-json\/wp\/v2\/posts\/186340\/revisions\/186360"}],"wp:featuredmedia":[{"embeddable":true,"href":"https:\/\/www.tgrthaber.com\/mavikadin\/wp-json\/wp\/v2\/media\/186359"}],"wp:attachment":[{"href":"https:\/\/www.tgrthaber.com\/mavikadin\/wp-json\/wp\/v2\/media?parent=186340"}],"wp:term":[{"taxonomy":"category","embeddable":true,"href":"https:\/\/www.tgrthaber.com\/mavikadin\/wp-json\/wp\/v2\/categories?post=186340"},{"taxonomy":"post_tag","embeddable":true,"href":"https:\/\/www.tgrthaber.com\/mavikadin\/wp-json\/wp\/v2\/tags?post=186340"}],"curies":[{"name":"wp","href":"https:\/\/api.w.org\/{rel}","templated":true}]}}