{"id":186342,"date":"2025-06-02T17:07:54","date_gmt":"2025-06-02T14:07:54","guid":{"rendered":"https:\/\/www.tgrthaber.com\/mavikadin\/?p=186342"},"modified":"2025-06-02T17:07:54","modified_gmt":"2025-06-02T14:07:54","slug":"muge-anli-ile-tatli-sert-bayramda-var-mi-2025-kurban-bayraminda-muge-anli-yayinlanacak-mi","status":"publish","type":"post","link":"https:\/\/www.tgrthaber.com\/mavikadin\/muge-anli-ile-tatli-sert-bayramda-var-mi-2025-kurban-bayraminda-muge-anli-yayinlanacak-mi\/","title":{"rendered":"M\u00fcge Anl\u0131 \u0130le Tatl\u0131 Sert bayramda var m\u0131? 2025 Kurban Bayram\u0131\u2019nda M\u00fcge Anl\u0131 yay\u0131nlanacak m\u0131?"},"content":{"rendered":"<p>M\u00fcge Anl\u0131 \u0130le Tatl\u0131 Sert, T\u00fcrk TV d\u00fcnyas\u0131n\u0131n en \u00e7ok izlenen programlar\u0131ndan. 2008 y\u0131l\u0131ndan bu yana ATV\u2019de hafta i\u00e7i her g\u00fcn yay\u0131nda olan M\u00fcge Anl\u0131 ile Tatl\u0131 Sert program\u0131, izleyiciler taraf\u0131ndan ilgiyle takip ediliyor. Vatanda\u015flar, M\u00fcge Anl\u0131 ile Tatl\u0131 Sert program\u0131n\u0131n bayramda da yay\u0131nlan\u0131p yay\u0131nlanmayaca\u011f\u0131n\u0131 \u00e7ok merak ediyor. Peki M\u00fcge Anl\u0131 ile Tatl\u0131 Sert program\u0131 6 Haziran 2025 Cuma g\u00fcn\u00fc Kurban bayram\u0131nda yay\u0131nlanacak m\u0131? Kurban Bayram\u0131&#8217;n\u0131n 1.,2., 3. ve 4. g\u00fcnleri M\u00fcge Anl\u0131 ile Tatl\u0131 Sert ekranlarda olacak m\u0131?<\/p>\n<h3>M\u00dcGE ANLI \u0130LE TATLI SERT 2025 KURBAN BAYRAMINDA VAR MI?<\/h3>\n<p>Bu sene Kurban Bayram\u0131, 6 Haziran Cuma g\u00fcn\u00fc ba\u015flayacak, 9 Haziran Pazartesi bayram\u0131n 4. g\u00fcn\u00fc idrak edilecek. M\u00fcge Anl\u0131 m\u00fcdavimleri Kurban Bayram\u0131\u2019nda M\u00fcge Anl\u0131\u2019n\u0131n yay\u0131nda olup olmayaca\u011f\u0131n\u0131 ara\u015ft\u0131r\u0131yor.<\/p>\n<p><img loading=\"lazy\" decoding=\"async\" class=\"aligncenter wp-image-186344\" src=\"https:\/\/www.tgrthaber.com\/mavikadin\/wp-content\/uploads\/muge-anli-ile-tatli-sert-bayramda-var-mi-2025-kurban-bayraminda-muge-anli-yayinlanacak-mi-2.jpg\" alt=\"\" width=\"1208\" height=\"680\" title=\"\" srcset=\"https:\/\/www.tgrthaber.com\/mavikadin\/wp-content\/uploads\/muge-anli-ile-tatli-sert-bayramda-var-mi-2025-kurban-bayraminda-muge-anli-yayinlanacak-mi-2.jpg 1920w, https:\/\/www.tgrthaber.com\/mavikadin\/wp-content\/uploads\/muge-anli-ile-tatli-sert-bayramda-var-mi-2025-kurban-bayraminda-muge-anli-yayinlanacak-mi-2-300x169.jpg 300w, https:\/\/www.tgrthaber.com\/mavikadin\/wp-content\/uploads\/muge-anli-ile-tatli-sert-bayramda-var-mi-2025-kurban-bayraminda-muge-anli-yayinlanacak-mi-2-1024x576.jpg 1024w, https:\/\/www.tgrthaber.com\/mavikadin\/wp-content\/uploads\/muge-anli-ile-tatli-sert-bayramda-var-mi-2025-kurban-bayraminda-muge-anli-yayinlanacak-mi-2-768x432.jpg 768w, https:\/\/www.tgrthaber.com\/mavikadin\/wp-content\/uploads\/muge-anli-ile-tatli-sert-bayramda-var-mi-2025-kurban-bayraminda-muge-anli-yayinlanacak-mi-2-1536x864.jpg 1536w\" sizes=\"(max-width: 1208px) 100vw, 1208px\" \/><\/p>\n<hr \/>\n<p>M\u00fcge Anl\u0131 ile Tatl\u0131 Sert program\u0131 bayramda ekranda olmayacak. Kurban Bayram\u0131 boyunca 6 Haziran, 7 Haziran, 8 Haziran ve 9 Haziran&#8217;da M\u00fcge Anl\u0131 ile Tatl\u0131 Sert Program\u0131 yay\u0131nlanmayacak.<\/p>\n<p>M\u00fcge Anl\u0131 \u0130le Tatl\u0131 Sert program\u0131, Kurban Bayram\u0131 bittikten sonra 10 Haziran Sal\u0131 2025 tarihinde tekrardan izleyicileri ile bulu\u015facak. Bayramdan sonra kald\u0131\u011f\u0131 yerden devam edecek.<\/p>\n<p><img loading=\"lazy\" decoding=\"async\" class=\"aligncenter wp-image-186345\" src=\"https:\/\/www.tgrthaber.com\/mavikadin\/wp-content\/uploads\/muge-anli-ile-tatli-sert-bayramda-var-mi-2025-kurban-bayraminda-muge-anli-yayinlanacak-mi-5.jpg\" alt=\"\" width=\"1208\" height=\"680\" title=\"\" srcset=\"https:\/\/www.tgrthaber.com\/mavikadin\/wp-content\/uploads\/muge-anli-ile-tatli-sert-bayramda-var-mi-2025-kurban-bayraminda-muge-anli-yayinlanacak-mi-5.jpg 1920w, https:\/\/www.tgrthaber.com\/mavikadin\/wp-content\/uploads\/muge-anli-ile-tatli-sert-bayramda-var-mi-2025-kurban-bayraminda-muge-anli-yayinlanacak-mi-5-300x169.jpg 300w, https:\/\/www.tgrthaber.com\/mavikadin\/wp-content\/uploads\/muge-anli-ile-tatli-sert-bayramda-var-mi-2025-kurban-bayraminda-muge-anli-yayinlanacak-mi-5-1024x576.jpg 1024w, https:\/\/www.tgrthaber.com\/mavikadin\/wp-content\/uploads\/muge-anli-ile-tatli-sert-bayramda-var-mi-2025-kurban-bayraminda-muge-anli-yayinlanacak-mi-5-768x432.jpg 768w, https:\/\/www.tgrthaber.com\/mavikadin\/wp-content\/uploads\/muge-anli-ile-tatli-sert-bayramda-var-mi-2025-kurban-bayraminda-muge-anli-yayinlanacak-mi-5-1536x864.jpg 1536w\" sizes=\"(max-width: 1208px) 100vw, 1208px\" \/><\/p>\n<hr \/>\n<p>M\u00fcge Anl\u0131 ile Tatl\u0131 Sert 6 Haziran Cuma g\u00fcn\u00fc bayram tatili nedeniyle yay\u0131nda olmayacak. M\u00fcge Anl\u0131 \u0130le Tatl\u0131 Sert program\u0131 yerine program\u0131n yay\u0131nland\u0131\u011f\u0131 saatte, Bir Gece Masal\u0131 adl\u0131 dizi 35. B\u00f6l\u00fcm\u00fc (Tekrar B\u00f6l\u00fcm) ile yay\u0131nda olacak. Ba\u015frollerini Burak Deniz ile Su Burcu Yazg\u0131 Co\u015fkun&#8217;\u0131n payla\u015ft\u0131\u011f\u0131 Bir Gece Masal\u0131 dizisi Mahir ile Canfeza&#8217;n\u0131n a\u015fk\u0131n\u0131 konu al\u0131yor.<\/p>\n<p><img loading=\"lazy\" decoding=\"async\" class=\"aligncenter wp-image-186346\" src=\"https:\/\/www.tgrthaber.com\/mavikadin\/wp-content\/uploads\/muge-anli-ile-tatli-sert-bayramda-var-mi-2025-kurban-bayraminda-muge-anli-yayinlanacak-mi-3.jpg\" alt=\"\" width=\"1208\" height=\"680\" title=\"\" srcset=\"https:\/\/www.tgrthaber.com\/mavikadin\/wp-content\/uploads\/muge-anli-ile-tatli-sert-bayramda-var-mi-2025-kurban-bayraminda-muge-anli-yayinlanacak-mi-3.jpg 1920w, https:\/\/www.tgrthaber.com\/mavikadin\/wp-content\/uploads\/muge-anli-ile-tatli-sert-bayramda-var-mi-2025-kurban-bayraminda-muge-anli-yayinlanacak-mi-3-300x169.jpg 300w, https:\/\/www.tgrthaber.com\/mavikadin\/wp-content\/uploads\/muge-anli-ile-tatli-sert-bayramda-var-mi-2025-kurban-bayraminda-muge-anli-yayinlanacak-mi-3-1024x576.jpg 1024w, https:\/\/www.tgrthaber.com\/mavikadin\/wp-content\/uploads\/muge-anli-ile-tatli-sert-bayramda-var-mi-2025-kurban-bayraminda-muge-anli-yayinlanacak-mi-3-768x432.jpg 768w, https:\/\/www.tgrthaber.com\/mavikadin\/wp-content\/uploads\/muge-anli-ile-tatli-sert-bayramda-var-mi-2025-kurban-bayraminda-muge-anli-yayinlanacak-mi-3-1536x864.jpg 1536w\" sizes=\"(max-width: 1208px) 100vw, 1208px\" \/><\/p>\n<hr \/>\n<h3>6 HAZ\u0130RAN CUMA KURBAN BAYRAMI 1. G\u00dcN ATV YAYIN AKI\u015eI<\/h3>\n<p>07: 00 Kahvalt\u0131 Haberleri<\/p>\n<p>08: 30 Nihat Hatipo\u011flu Sorular\u0131n\u0131z\u0131 Cevapl\u0131yor<\/p>\n<p>10: 00 Bir Gece Masal\u0131 35.B\u00f6l\u00fcm<\/p>\n<p>13: 00 atv G\u00fcn Ortas\u0131<\/p>\n<p>14: 00 Mutfak Bahane<\/p>\n<p>16: 00 Esra Erol\u2019da<\/p>\n<p>19: 00 atv Ana Haber<\/p>\n<p>20: 00 \u00d6r\u00fcmcek Adam: Eve D\u00f6n\u00fc\u015f Yok\u00a0 \/ Yabanc\u0131 Sinema<\/p>\n<p>22: 50 Non-Stop \/ Yabanc\u0131 Sinema<\/p>\n<p>00: 50 \u00d6r\u00fcmcek Adam: Eve D\u00f6n\u00fc\u015f Yok\u00a0 \/ Yabanc\u0131 Sinema<\/p>\n<p>03: 30 Aldatmak<\/p>\n","protected":false},"excerpt":{"rendered":"<p>M\u00fcge Anl\u0131 ile Tatl\u0131 Sert program\u0131 hafta i\u00e7i her g\u00fcn ATV ekranlar\u0131nda sabah ku\u015fa\u011f\u0131nda yay\u0131nlanmaya devam ediyor. Programda kay\u0131plar bulunuyor, \u00e7\u00f6z\u00fclemeyen adli vakalar \u00e7\u00f6z\u00fcl\u00fcyor, cinayetler ayd\u0131nlan\u0131yor. Bayramda da M\u00fcge Anl\u0131 izlemek isteyen vatanda\u015flar program\u0131n bayramda olup olmayaca\u011f\u0131n\u0131 merak ediyor. Peki M\u00fcge Anl\u0131 \u0130le Tatl\u0131 Sert program\u0131 bayramda var m\u0131? 2025 Kurban Bayram\u0131\u2019nda M\u00fcge Anl\u0131 yay\u0131nlanacak m\u0131?<\/p>\n","protected":false},"author":30,"featured_media":186343,"comment_status":"closed","ping_status":"closed","sticky":false,"template":"","format":"standard","meta":{"rank_math_lock_modified_date":false,"footnotes":""},"categories":[602],"tags":[2453,23582,2533],"class_list":["post-186342","post","type-post","status-publish","format-standard","has-post-thumbnail","hentry","category-diziler","tag-muge-anli","tag-muge-anli-bayramda-var-mi","tag-muge-anli-ile-tatli-sert"],"_links":{"self":[{"href":"https:\/\/www.tgrthaber.com\/mavikadin\/wp-json\/wp\/v2\/posts\/186342"}],"collection":[{"href":"https:\/\/www.tgrthaber.com\/mavikadin\/wp-json\/wp\/v2\/posts"}],"about":[{"href":"https:\/\/www.tgrthaber.com\/mavikadin\/wp-json\/wp\/v2\/types\/post"}],"author":[{"embeddable":true,"href":"https:\/\/www.tgrthaber.com\/mavikadin\/wp-json\/wp\/v2\/users\/30"}],"replies":[{"embeddable":true,"href":"https:\/\/www.tgrthaber.com\/mavikadin\/wp-json\/wp\/v2\/comments?post=186342"}],"version-history":[{"count":2,"href":"https:\/\/www.tgrthaber.com\/mavikadin\/wp-json\/wp\/v2\/posts\/186342\/revisions"}],"predecessor-version":[{"id":186356,"href":"https:\/\/www.tgrthaber.com\/mavikadin\/wp-json\/wp\/v2\/posts\/186342\/revisions\/186356"}],"wp:featuredmedia":[{"embeddable":true,"href":"https:\/\/www.tgrthaber.com\/mavikadin\/wp-json\/wp\/v2\/media\/186343"}],"wp:attachment":[{"href":"https:\/\/www.tgrthaber.com\/mavikadin\/wp-json\/wp\/v2\/media?parent=186342"}],"wp:term":[{"taxonomy":"category","embeddable":true,"href":"https:\/\/www.tgrthaber.com\/mavikadin\/wp-json\/wp\/v2\/categories?post=186342"},{"taxonomy":"post_tag","embeddable":true,"href":"https:\/\/www.tgrthaber.com\/mavikadin\/wp-json\/wp\/v2\/tags?post=186342"}],"curies":[{"name":"wp","href":"https:\/\/api.w.org\/{rel}","templated":true}]}}