{"id":186363,"date":"2025-06-02T17:30:18","date_gmt":"2025-06-02T14:30:18","guid":{"rendered":"https:\/\/www.tgrthaber.com\/mavikadin\/?p=186363"},"modified":"2025-06-02T17:32:23","modified_gmt":"2025-06-02T14:32:23","slug":"leyla-hayataskadalet-dizisinin-gunu-degisti-mi-hangi-gun-yayinlanacak","status":"publish","type":"post","link":"https:\/\/www.tgrthaber.com\/mavikadin\/leyla-hayataskadalet-dizisinin-gunu-degisti-mi-hangi-gun-yayinlanacak\/","title":{"rendered":"\u2018Leyla: Hayat\u2026A\u015fk\u2026Adalet\u2026\u2019 dizisinin g\u00fcn\u00fc de\u011fi\u015fti mi? Hangi g\u00fcn yay\u0131nlanacak?"},"content":{"rendered":"<p class=\"p1\">Ekranlar\u0131n dikkat \u00e7eken yap\u0131mlar\u0131ndan biri olan \u2018Leyla: Hayat\u2026A\u015fk\u2026Adalet\u2026\u2019 dizisinin yay\u0131n g\u00fcn\u00fcnde de\u011fi\u015fikli\u011fe gidilece\u011fi iddialar\u0131, dizi tutkunlar\u0131n\u0131 merakland\u0131rd\u0131. Usta akt\u00f6r Sel\u00e7uk Y\u00f6ntem\u2019in kadroya kat\u0131lmas\u0131yla ikinci bir ivme kazanan dizinin, 15 Haziran itibar\u0131yla art\u0131k \u00e7ar\u015famba g\u00fcnleri de\u011fil, pazar ak\u015famlar\u0131 izleyiciyle bulu\u015faca\u011f\u0131 konu\u015fuluyor.<\/p>\n<h3>LEYLA: HAYAT&#8230;A\u015eK..ADALET..&#8217; D\u0130Z\u0130S\u0130N\u0130N G\u00dcN\u00dc DE\u011e\u0130\u015eT\u0130 M\u0130?<\/h3>\n<p class=\"p1\">Ay Yap\u0131m imzal\u0131 dizi, sezon boyunca istikrarl\u0131 bir reyting ba\u015far\u0131s\u0131 g\u00f6sterdi. Ancak hikayedeki zaman atlamas\u0131 ve karakter de\u011fi\u015fiklikleriyle yeni bir d\u00f6neme giren yap\u0131m, yay\u0131n stratejisinde de g\u00fcncelleme yoluna gidiyor. Birsen Altunta\u015f&#8217;\u0131n haberine g\u00f6re, \u00e7ar\u015famba ak\u015famlar\u0131 yay\u0131nlanan dizinin yeni b\u00f6l\u00fcmleri art\u0131k pazar g\u00fcnlerine al\u0131nacak. Kulislerde konu\u015fulan bu de\u011fi\u015fimin, \u00f6zellikle yaz sezonundaki izleyici al\u0131\u015fkanl\u0131klar\u0131na g\u00f6re planland\u0131\u011f\u0131 d\u00fc\u015f\u00fcn\u00fcl\u00fcyor. 15 Haziran\u2019dan itibaren izleyiciler \u2018Leyla\u2019y\u0131 hafta sonu ekranlar\u0131nda g\u00f6rebilir.<\/p>\n<p><img loading=\"lazy\" decoding=\"async\" class=\"alignnone wp-image-186375 size-large\" src=\"https:\/\/www.tgrthaber.com\/mavikadin\/wp-content\/uploads\/Ekran-Resmi-2025-06-02-17.25.45-1024x542.png\" alt=\"\" width=\"1024\" height=\"542\" title=\"\" srcset=\"https:\/\/www.tgrthaber.com\/mavikadin\/wp-content\/uploads\/Ekran-Resmi-2025-06-02-17.25.45-1024x542.png 1024w, https:\/\/www.tgrthaber.com\/mavikadin\/wp-content\/uploads\/Ekran-Resmi-2025-06-02-17.25.45-300x159.png 300w, https:\/\/www.tgrthaber.com\/mavikadin\/wp-content\/uploads\/Ekran-Resmi-2025-06-02-17.25.45-768x406.png 768w, https:\/\/www.tgrthaber.com\/mavikadin\/wp-content\/uploads\/Ekran-Resmi-2025-06-02-17.25.45.png 1062w\" sizes=\"(max-width: 1024px) 100vw, 1024px\" \/><\/p>\n<hr \/>\n<h3 class=\"p1\"><b>REYT\u0130NGLER BEL\u0130RLEY\u0130C\u0130 OLACAK<\/b><b><\/b><\/h3>\n<p class=\"p1\">Kulislerde dola\u015fan bir ba\u015fka bilgiye g\u00f6re ise dizinin ekran maceras\u0131 bu de\u011fi\u015fikli\u011fe g\u00f6re \u015fekillenecek. Yap\u0131m ekibi, yeni yay\u0131n g\u00fcn\u00fcnde elde edilecek reyting sonu\u00e7lar\u0131na g\u00f6re devam karar\u0131 verecek. E\u011fer reytinglerde istenilen ba\u015far\u0131 yakalanamazsa, \u2018Leyla: Hayat\u2026A\u015fk\u2026Adalet\u2026\u2019 ay sonunda ekranlara veda edebilir.<\/p>\n<p><img loading=\"lazy\" decoding=\"async\" class=\"alignnone wp-image-186376 size-large\" src=\"https:\/\/www.tgrthaber.com\/mavikadin\/wp-content\/uploads\/Ekran-Resmi-2025-06-02-17.25.53-1024x577.png\" alt=\"\" width=\"1024\" height=\"577\" title=\"\" srcset=\"https:\/\/www.tgrthaber.com\/mavikadin\/wp-content\/uploads\/Ekran-Resmi-2025-06-02-17.25.53-1024x577.png 1024w, https:\/\/www.tgrthaber.com\/mavikadin\/wp-content\/uploads\/Ekran-Resmi-2025-06-02-17.25.53-300x169.png 300w, https:\/\/www.tgrthaber.com\/mavikadin\/wp-content\/uploads\/Ekran-Resmi-2025-06-02-17.25.53-768x432.png 768w, https:\/\/www.tgrthaber.com\/mavikadin\/wp-content\/uploads\/Ekran-Resmi-2025-06-02-17.25.53.png 1030w\" sizes=\"(max-width: 1024px) 100vw, 1024px\" \/><\/p>\n<hr \/>\n<p class=\"p1\">Sel\u00e7uk Y\u00f6ntem\u2019in yan\u0131 s\u0131ra projeye Tu\u011frul T\u00fclek, Asl\u0131 Orcan, Berk Bakio\u011flu, G\u00fclper \u00d6zdemir, Burcu Cavrar ve Emre Ta\u015fk\u0131ran gibi isimlerin kat\u0131lmas\u0131, dizideki de\u011fi\u015fimin sadece yay\u0131n g\u00fcn\u00fcyle s\u0131n\u0131rl\u0131 olmad\u0131\u011f\u0131n\u0131 g\u00f6steriyor. Hikayede 1 y\u0131ll\u0131k zaman atlamas\u0131n\u0131n ya\u015fanmas\u0131 da bu d\u00f6n\u00fc\u015f\u00fcm\u00fcn bir par\u00e7as\u0131. \u2018Leyla: Hayat\u2026A\u015fk\u2026Adalet\u2026\u2019 dizisinin yeni yay\u0131n g\u00fcn\u00fc ve son d\u00f6nemdeki de\u011fi\u015fimleri, hem diziye olan ilgiyi art\u0131r\u0131yor hem de ekran \u00f6mr\u00fcn\u00fcn ak\u0131betini belirleyecek gibi g\u00f6r\u00fcn\u00fcyor. G\u00f6zler \u015fimdi 15 Haziran Pazar ak\u015fam\u0131na \u00e7evrilmi\u015f durumda.<\/p>\n<p><img loading=\"lazy\" decoding=\"async\" class=\"alignnone wp-image-186377 size-large\" src=\"https:\/\/www.tgrthaber.com\/mavikadin\/wp-content\/uploads\/Ekran-Resmi-2025-06-02-17.26.03-1024x630.png\" alt=\"\" width=\"1024\" height=\"630\" title=\"\" srcset=\"https:\/\/www.tgrthaber.com\/mavikadin\/wp-content\/uploads\/Ekran-Resmi-2025-06-02-17.26.03-1024x630.png 1024w, https:\/\/www.tgrthaber.com\/mavikadin\/wp-content\/uploads\/Ekran-Resmi-2025-06-02-17.26.03-300x185.png 300w, https:\/\/www.tgrthaber.com\/mavikadin\/wp-content\/uploads\/Ekran-Resmi-2025-06-02-17.26.03-768x473.png 768w, https:\/\/www.tgrthaber.com\/mavikadin\/wp-content\/uploads\/Ekran-Resmi-2025-06-02-17.26.03.png 1040w\" sizes=\"(max-width: 1024px) 100vw, 1024px\" \/><\/p>\n<hr \/>\n<h3>LEYLA: HAYAT&#8230;A\u015eK..ADALET..&#8217; D\u0130Z\u0130S\u0130N\u0130N KONUSU NE?<\/h3>\n<p class=\"p1\">Ay Yap\u0131m imzal\u0131 dikkat \u00e7ekici yap\u0131mlardan biri olan \u2018Leyla: Hayat\u2026A\u015fk\u2026Adalet\u2026\u2019, seyircisini derin bir ya\u015fam m\u00fccadelesi ve sars\u0131c\u0131 y\u00fczle\u015fmelerle dolu bir ser\u00fcvene davet ediyor. K\u00fc\u00e7\u00fck ya\u015fta annesini kaybeden Leyla\u2019n\u0131n hayat\u0131, babas\u0131n\u0131n yeniden evlenmesiyle bamba\u015fka bir y\u00f6ne savruluyor.<\/p>\n<p><img loading=\"lazy\" decoding=\"async\" class=\"alignnone wp-image-186378 size-large\" src=\"https:\/\/www.tgrthaber.com\/mavikadin\/wp-content\/uploads\/Ekran-Resmi-2025-06-02-17.27.42-1024x584.png\" alt=\"\" width=\"1024\" height=\"584\" title=\"\" srcset=\"https:\/\/www.tgrthaber.com\/mavikadin\/wp-content\/uploads\/Ekran-Resmi-2025-06-02-17.27.42-1024x584.png 1024w, https:\/\/www.tgrthaber.com\/mavikadin\/wp-content\/uploads\/Ekran-Resmi-2025-06-02-17.27.42-300x171.png 300w, https:\/\/www.tgrthaber.com\/mavikadin\/wp-content\/uploads\/Ekran-Resmi-2025-06-02-17.27.42-768x438.png 768w, https:\/\/www.tgrthaber.com\/mavikadin\/wp-content\/uploads\/Ekran-Resmi-2025-06-02-17.27.42.png 1108w\" sizes=\"(max-width: 1024px) 100vw, 1024px\" \/><\/p>\n<hr \/>\n<p class=\"p1\">Yeni annesi Nur\u2019un merhametsizli\u011fi, Leyla\u2019n\u0131n kaderini geri d\u00f6n\u00fclmez bi\u00e7imde de\u011fi\u015ftiriyor. Leyla, \u00fcvey annesi taraf\u0131ndan bir g\u00fcn adeta bir e\u015fyaym\u0131\u015f gibi \u00e7\u00f6pl\u00fc\u011fe terk ediliyor. Hayat\u0131n ac\u0131mas\u0131z y\u00fcz\u00fcyle k\u00fc\u00e7\u00fck ya\u015fta tan\u0131\u015fan Leyla, i\u00e7ine d\u00fc\u015ft\u00fc\u011f\u00fc karanl\u0131ktan g\u00fc\u00e7lenerek \u00e7\u0131kmay\u0131 ba\u015far\u0131yor. Y\u0131llar ge\u00e7tik\u00e7e b\u00fcy\u00fcyen \u00f6fkesini bast\u0131rm\u0131yor, aksine onu, Nur\u2019dan hesap sormak i\u00e7in i\u00e7ten i\u00e7e besliyor.<\/p>\n<p>&nbsp;<\/p>\n","protected":false},"excerpt":{"rendered":"<p>\u2018Leyla: Hayat\u2026A\u015fk\u2026Adalet\u2026\u2019 dizisinin yay\u0131n g\u00fcn\u00fc de\u011fi\u015fikli\u011fi iddialar\u0131 izleyiciyi heyecanland\u0131rd\u0131. Sel\u00e7uk Y\u00f6ntem\u2019in diziye dahil olmas\u0131yla yeni bir d\u00f6nem ba\u015flayan yap\u0131m\u0131n, 15 Haziran\u2019dan itibaren pazar ak\u015famlar\u0131 yay\u0131nlanaca\u011f\u0131 kulislerde konu\u015fulmaya ba\u015fland\u0131. \u0130\u015fte detaylar&#8230; <\/p>\n","protected":false},"author":16,"featured_media":186379,"comment_status":"closed","ping_status":"closed","sticky":false,"template":"","format":"standard","meta":{"rank_math_lock_modified_date":false,"footnotes":""},"categories":[602],"tags":[23593,23591,23592,2628],"class_list":["post-186363","post","type-post","status-publish","format-standard","has-post-thumbnail","hentry","category-diziler","tag-leyla-hayataskadalet-dizisinin-dizisinin-yayin-gunu-ne-zaman","tag-leyla-hayataskadalet-dizisinin-gunu-degisti","tag-leyla-hayataskadalet-dizisinin-hangi-gun-yayinlaniyor","tag-dizi-haberleri"],"_links":{"self":[{"href":"https:\/\/www.tgrthaber.com\/mavikadin\/wp-json\/wp\/v2\/posts\/186363"}],"collection":[{"href":"https:\/\/www.tgrthaber.com\/mavikadin\/wp-json\/wp\/v2\/posts"}],"about":[{"href":"https:\/\/www.tgrthaber.com\/mavikadin\/wp-json\/wp\/v2\/types\/post"}],"author":[{"embeddable":true,"href":"https:\/\/www.tgrthaber.com\/mavikadin\/wp-json\/wp\/v2\/users\/16"}],"replies":[{"embeddable":true,"href":"https:\/\/www.tgrthaber.com\/mavikadin\/wp-json\/wp\/v2\/comments?post=186363"}],"version-history":[{"count":2,"href":"https:\/\/www.tgrthaber.com\/mavikadin\/wp-json\/wp\/v2\/posts\/186363\/revisions"}],"predecessor-version":[{"id":186382,"href":"https:\/\/www.tgrthaber.com\/mavikadin\/wp-json\/wp\/v2\/posts\/186363\/revisions\/186382"}],"wp:featuredmedia":[{"embeddable":true,"href":"https:\/\/www.tgrthaber.com\/mavikadin\/wp-json\/wp\/v2\/media\/186379"}],"wp:attachment":[{"href":"https:\/\/www.tgrthaber.com\/mavikadin\/wp-json\/wp\/v2\/media?parent=186363"}],"wp:term":[{"taxonomy":"category","embeddable":true,"href":"https:\/\/www.tgrthaber.com\/mavikadin\/wp-json\/wp\/v2\/categories?post=186363"},{"taxonomy":"post_tag","embeddable":true,"href":"https:\/\/www.tgrthaber.com\/mavikadin\/wp-json\/wp\/v2\/tags?post=186363"}],"curies":[{"name":"wp","href":"https:\/\/api.w.org\/{rel}","templated":true}]}}