{"id":186364,"date":"2025-06-02T17:23:19","date_gmt":"2025-06-02T14:23:19","guid":{"rendered":"https:\/\/www.tgrthaber.com\/mavikadin\/?p=186364"},"modified":"2025-06-02T17:23:19","modified_gmt":"2025-06-02T14:23:19","slug":"kaisder-ile-tcci-kadin-girisimciler-arasinda-isbirligi-protokolu-imzalandi","status":"publish","type":"post","link":"https:\/\/www.tgrthaber.com\/mavikadin\/kaisder-ile-tcci-kadin-girisimciler-arasinda-isbirligi-protokolu-imzalandi\/","title":{"rendered":"KA\u0130SDER ile TCCI Kad\u0131n Giri\u015fimciler aras\u0131nda i\u015fbirli\u011fi protokol\u00fc imzaland\u0131!"},"content":{"rendered":"<p>KA\u0130SDER ile T\u00fcrk Ticaret ve Sanayi Odalar\u0131 Birli\u011fi (TCCI) Kad\u0131n Giri\u015fimciler Kurulu aras\u0131nda \u00f6nemli bir uluslararas\u0131 i\u015f birli\u011fi protokol\u00fc imzaland\u0131.<\/p>\n<h3>KA\u0130SDER \u0130LE TCCI KADIN G\u0130R\u0130\u015e\u0130MC\u0130LER ARASINDA PROTOKOL \u0130MZALANDI<\/h3>\n<p>Kad\u0131n \u0130\u015fveren ve Sanayiciler Derne\u011fi (KA\u0130SDER) heyeti, Kazakistan\u2019\u0131n ba\u015fkenti Astana\u2019da d\u00fczenlenen Astana Uluslararas\u0131 Forumu (AIF2025)\u2019ne kat\u0131ld\u0131. \u2018CommonMind, ShapingtheFuture\u2019 (Ortak Ak\u0131lla Gelece\u011fi \u015eekillendirmek) temas\u0131yla ger\u00e7ekle\u015fen forumda, k\u00fcresel sorunlara kar\u015f\u0131 ortak ak\u0131lla \u00e7\u00f6z\u00fcm \u00fcretmenin yollar\u0131 tart\u0131\u015f\u0131ld\u0131. KA\u0130SDER heyeti, forumda kad\u0131n giri\u015fimcili\u011fini uluslararas\u0131 d\u00fczeyde temsil etti. KA\u0130SDER Ba\u015fkan Yard\u0131mc\u0131s\u0131 ve G\u0130FED (Giri\u015fimci \u0130\u015f Kad\u0131nlar\u0131 Federasyonu) Y\u00f6netim Kurulu \u00dcyesi Mehlika Gider, AIF2025 kapsam\u0131nda d\u00fczenlenen \u2018Economic Growth Through Women\u2019s Entrepreneurship\u2019 ba\u015fl\u0131kl\u0131 panelde konu\u015fmac\u0131 olarak yer ald\u0131.<\/p>\n<p><img loading=\"lazy\" decoding=\"async\" class=\"alignnone size-full wp-image-186370\" src=\"https:\/\/www.tgrthaber.com\/mavikadin\/wp-content\/uploads\/2-1163.png\" alt=\"\" width=\"1208\" height=\"680\" title=\"\" srcset=\"https:\/\/www.tgrthaber.com\/mavikadin\/wp-content\/uploads\/2-1163.png 1208w, https:\/\/www.tgrthaber.com\/mavikadin\/wp-content\/uploads\/2-1163-300x169.png 300w, https:\/\/www.tgrthaber.com\/mavikadin\/wp-content\/uploads\/2-1163-1024x576.png 1024w, https:\/\/www.tgrthaber.com\/mavikadin\/wp-content\/uploads\/2-1163-768x432.png 768w\" sizes=\"(max-width: 1208px) 100vw, 1208px\" \/><\/p>\n<hr \/>\n<p>Gider, konu\u015fmas\u0131nda kad\u0131n giri\u015fimcilerin T\u00fcrkiye ve b\u00f6lge ekonomileri i\u00e7in ta\u015f\u0131d\u0131\u011f\u0131 stratejik \u00f6neme de\u011finerek, &#8220;Kad\u0131nlar\u0131n giri\u015fimcilikteki potansiyeli, yaln\u0131zca ekonomik b\u00fcy\u00fcme de\u011fil, ayn\u0131 zamanda daha adil ve s\u00fcrd\u00fcr\u00fclebilir bir toplumun in\u015fas\u0131 a\u00e7\u0131s\u0131ndan da b\u00fcy\u00fck \u00f6nem ta\u015f\u0131yor. Giri\u015fimcilik, cinsiyet ayr\u0131m\u0131 kabul etmez. Kad\u0131nlar da ayn\u0131 \u00f6ng\u00f6r\u00fc, cesaret ve finansal vizyonla risk alabilir ve yat\u0131r\u0131m yapabilir&#8221; a\u00e7\u0131klamas\u0131nda bulundu. Ba\u015fkan Yard\u0131mc\u0131s\u0131 Gider ayr\u0131ca KA\u0130SDER&#8217;in kad\u0131n giri\u015fimcili\u011fine y\u00f6nelik geli\u015ftirdi\u011fi e\u011fitim programlar\u0131, mentorluk destekleri, e\u015fit temsil projeleri ve toplumsal cinsiyet e\u015fitli\u011fi odakl\u0131 kurumsal sertifikasyon modelleri hakk\u0131nda bilgi verdi.<\/p>\n<h3>TCCI KADIN G\u0130R\u0130\u015e\u0130MC\u0130LER KURULU \u0130LE STRATEJ\u0130K PROTOKOL<\/h3>\n<p>Forum kapsam\u0131nda, KA\u0130SDER ile T\u00fcrk Ticaret ve Sanayi Odalar\u0131 Birli\u011fi (TCCI) Kad\u0131n Giri\u015fimciler Kurulu aras\u0131nda \u00f6nemli bir uluslararas\u0131 i\u015f birli\u011fi protokol\u00fc imzaland\u0131. Protokole, TCCI Kad\u0131n Giri\u015fimciler Kurulu Ba\u015fkan\u0131 Lazzat Ramazanova ve KA\u0130SDER ad\u0131na Y\u00f6netim Kurulu Ba\u015fkan\u0131 Canan Karalar Y\u00fcksel imza att\u0131. B\u00f6lgesel \u00f6l\u00e7ekte kad\u0131n giri\u015fimcili\u011fini desteklemeyi ve toplumsal cinsiyet e\u015fitli\u011fi alan\u0131nda ortak standartlar olu\u015fturmay\u0131 hedefleyen Protokol kapsam\u0131nda, \u015fu i\u015fbirlikleri ger\u00e7ekle\u015ftirilecek: &#8220;T\u00fcrk Devletleri Te\u015fkilat\u0131 \u00fclkelerinde faaliyet g\u00f6steren i\u015fletmelere y\u00f6nelik toplumsal cinsiyet e\u015fitli\u011fi e\u011fitimleri sunulacak, kad\u0131n dostu i\u015fyeri sertifikasyon s\u00fcre\u00e7leri geli\u015ftirilecek, T\u00fcrkiye\u2019nin ba\u015far\u0131l\u0131 uygulamalar\u0131 di\u011fer \u00fcye \u00fclkelere \u00f6rnek model olarak sunulacak.&#8221;<\/p>\n<p><img loading=\"lazy\" decoding=\"async\" class=\"alignnone size-full wp-image-186371\" src=\"https:\/\/www.tgrthaber.com\/mavikadin\/wp-content\/uploads\/1-1122.png\" alt=\"\" width=\"1208\" height=\"680\" title=\"\" srcset=\"https:\/\/www.tgrthaber.com\/mavikadin\/wp-content\/uploads\/1-1122.png 1208w, https:\/\/www.tgrthaber.com\/mavikadin\/wp-content\/uploads\/1-1122-300x169.png 300w, https:\/\/www.tgrthaber.com\/mavikadin\/wp-content\/uploads\/1-1122-1024x576.png 1024w, https:\/\/www.tgrthaber.com\/mavikadin\/wp-content\/uploads\/1-1122-768x432.png 768w\" sizes=\"(max-width: 1208px) 100vw, 1208px\" \/><\/p>\n<hr \/>\n<h3>KA\u0130SDER HEYET\u0130 VE RESM\u0130 TEMASLAR<\/h3>\n<p>KA\u0130SDER heyeti; Ba\u015fkan Canan Karalar Y\u00fcksel, Ba\u015fkan Yard\u0131mc\u0131s\u0131 Mehlika Gider, \u00fcyeler Aynur Aydo\u011fan, Belma Y\u0131lmazyi\u011fit, Burcu Ketez ve Dil\u015fad Atalay\u2019dan olu\u015ftu. Heyet, forum boyunca T\u00fcrkiye Cumhuriyeti Kazakistan B\u00fcy\u00fckel\u00e7isi Say\u0131n Mustafa Kapucu ve de\u011ferli e\u015fi Ahu Kapucu taraf\u0131ndan yak\u0131ndan ilgiyle kar\u015f\u0131land\u0131. B\u00fcy\u00fckel\u00e7ilik, KA\u0130SDER heyetine resmi temaslar ve etkinliklerde destek sa\u011flayarak, e\u015flik etti.<\/p>\n<h3>KADINLARIN G\u00dcC\u00dcYLE ORTAK GELECEK \u0130N\u015eA ED\u0130L\u0130YOR<\/h3>\n<p>KA\u0130SDER\u2019in AIF2025\u2019teki varl\u0131\u011f\u0131 ile T\u00fcrkiye\u2019nin kad\u0131n giri\u015fimcili\u011fi konusundaki kararl\u0131l\u0131\u011f\u0131n\u0131 ve b\u00f6lgesel liderlik vizyonunu ortaya koymas\u0131 a\u00e7\u0131s\u0131ndan son derece \u00f6nem ta\u015f\u0131yor. Ortak ak\u0131lla \u015fekillenen bir gelecekte, kad\u0131nlar\u0131n ekonomik ve sosyal hayattaki rol\u00fcn\u00fcn daha da g\u00fc\u00e7lenmesi, yaln\u0131zca T\u00fcrkiye\u2019nin de\u011fil, t\u00fcm b\u00f6lgenin s\u00fcrd\u00fcr\u00fclebilir kalk\u0131nmas\u0131na katk\u0131 sa\u011flamas\u0131 bekleniyor.<\/p>\n","protected":false},"excerpt":{"rendered":"<p>T\u00fcrk Ticaret ve Sanayi Odalar\u0131 Birli\u011fi (TCCI) Kad\u0131n Giri\u015fimciler Kurulu ile KA\u0130SDER aras\u0131nda i\u015f birli\u011fi protokol\u00fc yap\u0131ld\u0131.<\/p>\n","protected":false},"author":5,"featured_media":186369,"comment_status":"closed","ping_status":"closed","sticky":false,"template":"","format":"standard","meta":{"rank_math_lock_modified_date":false,"footnotes":""},"categories":[2149],"tags":[3455,2517,23587,23588],"class_list":["post-186364","post","type-post","status-publish","format-standard","has-post-thumbnail","hentry","category-guclu-kadin","tag-guclu-kadin","tag-kadin-gucu","tag-kaisder","tag-tcci-kadin-girisimciler"],"_links":{"self":[{"href":"https:\/\/www.tgrthaber.com\/mavikadin\/wp-json\/wp\/v2\/posts\/186364"}],"collection":[{"href":"https:\/\/www.tgrthaber.com\/mavikadin\/wp-json\/wp\/v2\/posts"}],"about":[{"href":"https:\/\/www.tgrthaber.com\/mavikadin\/wp-json\/wp\/v2\/types\/post"}],"author":[{"embeddable":true,"href":"https:\/\/www.tgrthaber.com\/mavikadin\/wp-json\/wp\/v2\/users\/5"}],"replies":[{"embeddable":true,"href":"https:\/\/www.tgrthaber.com\/mavikadin\/wp-json\/wp\/v2\/comments?post=186364"}],"version-history":[{"count":2,"href":"https:\/\/www.tgrthaber.com\/mavikadin\/wp-json\/wp\/v2\/posts\/186364\/revisions"}],"predecessor-version":[{"id":186373,"href":"https:\/\/www.tgrthaber.com\/mavikadin\/wp-json\/wp\/v2\/posts\/186364\/revisions\/186373"}],"wp:featuredmedia":[{"embeddable":true,"href":"https:\/\/www.tgrthaber.com\/mavikadin\/wp-json\/wp\/v2\/media\/186369"}],"wp:attachment":[{"href":"https:\/\/www.tgrthaber.com\/mavikadin\/wp-json\/wp\/v2\/media?parent=186364"}],"wp:term":[{"taxonomy":"category","embeddable":true,"href":"https:\/\/www.tgrthaber.com\/mavikadin\/wp-json\/wp\/v2\/categories?post=186364"},{"taxonomy":"post_tag","embeddable":true,"href":"https:\/\/www.tgrthaber.com\/mavikadin\/wp-json\/wp\/v2\/tags?post=186364"}],"curies":[{"name":"wp","href":"https:\/\/api.w.org\/{rel}","templated":true}]}}