{"id":186389,"date":"2025-06-02T17:57:49","date_gmt":"2025-06-02T14:57:49","guid":{"rendered":"https:\/\/www.tgrthaber.com\/mavikadin\/?p=186389"},"modified":"2025-06-02T17:57:49","modified_gmt":"2025-06-02T14:57:49","slug":"nursel-kose-uzak-sehir-dizisinin-kutlamasinda-neden-yoktu-paylasimi-dikkat-cekti","status":"publish","type":"post","link":"https:\/\/www.tgrthaber.com\/mavikadin\/nursel-kose-uzak-sehir-dizisinin-kutlamasinda-neden-yoktu-paylasimi-dikkat-cekti\/","title":{"rendered":"Nursel K\u00f6se Uzak \u015eehir dizisinin kutlamas\u0131nda neden yoktu? Payla\u015f\u0131m\u0131 dikkat \u00e7ekti"},"content":{"rendered":"<p class=\"p1\">Uzak \u015eehir dizisine sonradan kat\u0131larak Fikriye karakteriyle izleyicinin be\u011fenisini kazanan usta oyuncu Nursel K\u00f6se\u2019nin diziden ani vedas\u0131 ve ard\u0131ndan kutlamaya kat\u0131lmamas\u0131, dizi takip\u00e7ileri aras\u0131nda b\u00fcy\u00fck merak uyand\u0131rd\u0131. K\u00f6se, sosyal medyada yapt\u0131\u011f\u0131 payla\u015f\u0131mla sessizli\u011fini bozdu ve ayr\u0131l\u0131\u011f\u0131n perde arkas\u0131n\u0131n nedenini a\u00e7\u0131klad\u0131.<\/p>\n<h3>NURSEL K\u00d6SE UZAK \u015eEH\u0130R D\u0130Z\u0130S\u0130N\u0130N KUTLAMASINDA NEDEN YOKTU?<\/h3>\n<p class=\"p1\">Final b\u00f6l\u00fcm\u00fcyle sezonu kapatmaya haz\u0131rlanan dizide, Fikriye karakterinin vurularak \u00f6lmesi, K\u00f6se\u2019nin hikayedeki yolculu\u011funun beklenenden erken sona erdi\u011fi anlam\u0131na geldi.<\/p>\n<p><img loading=\"lazy\" decoding=\"async\" class=\"alignnone wp-image-186395 size-full\" src=\"https:\/\/www.tgrthaber.com\/mavikadin\/wp-content\/uploads\/Ekran-Resmi-2025-06-02-17.52.17.png\" alt=\"\" width=\"998\" height=\"578\" title=\"\" srcset=\"https:\/\/www.tgrthaber.com\/mavikadin\/wp-content\/uploads\/Ekran-Resmi-2025-06-02-17.52.17.png 998w, https:\/\/www.tgrthaber.com\/mavikadin\/wp-content\/uploads\/Ekran-Resmi-2025-06-02-17.52.17-300x174.png 300w, https:\/\/www.tgrthaber.com\/mavikadin\/wp-content\/uploads\/Ekran-Resmi-2025-06-02-17.52.17-768x445.png 768w\" sizes=\"(max-width: 998px) 100vw, 998px\" \/><\/p>\n<hr \/>\n<p class=\"p1\">Bu ani veda, hem izleyicide hem de sekt\u00f6rde s\u00fcrpriz etkisine neden oldu. Nursel K\u00f6se, Fikriye karakterine sosyal medya \u00fczerinden \u015fu s\u00f6zlerle veda etmi\u015fti: &#8216;Ho\u015f\u00e7a kal Fiko, senin hikayen bu kadar. Ke\u015fke daha uzun olsayd\u0131.&#8217; Bu payla\u015f\u0131m, hem sevenlerini duyguland\u0131rd\u0131 hem de &#8216;Neden erken bitti?&#8217; sorusunu ak\u0131llara getirdi.<\/p>\n<p><img loading=\"lazy\" decoding=\"async\" class=\"alignnone wp-image-186392 size-full\" src=\"https:\/\/www.tgrthaber.com\/mavikadin\/wp-content\/uploads\/Ekran-Resmi-2025-06-02-17.51.56.png\" alt=\"\" width=\"1020\" height=\"582\" title=\"\" srcset=\"https:\/\/www.tgrthaber.com\/mavikadin\/wp-content\/uploads\/Ekran-Resmi-2025-06-02-17.51.56.png 1020w, https:\/\/www.tgrthaber.com\/mavikadin\/wp-content\/uploads\/Ekran-Resmi-2025-06-02-17.51.56-300x171.png 300w, https:\/\/www.tgrthaber.com\/mavikadin\/wp-content\/uploads\/Ekran-Resmi-2025-06-02-17.51.56-768x438.png 768w\" sizes=\"(max-width: 1020px) 100vw, 1020px\" \/><\/p>\n<hr \/>\n<h3 class=\"p1\"><b>KUTLAMA GECES\u0130NE KATILMADI TAT\u0130LDEN PAYLA\u015eTI<\/b><b><\/b><\/h3>\n<p class=\"p1\">Dizinin sezon finali kutlamas\u0131 \u0130stanbul\u2019da ger\u00e7ekle\u015firken, t\u00fcm oyuncular\u0131n bir araya geldi\u011fi geceye Nursel K\u00f6se\u2019nin kat\u0131lmamas\u0131 dikkat \u00e7ekti. Gecede g\u00f6zler onu ararken, K\u00f6se\u2019nin tatilden payla\u015ft\u0131\u011f\u0131 kareler sosyal medyada g\u00fcndem oldu. Payla\u015f\u0131m\u0131na &#8216;Sevgili Uzak \u015eehir ailesi, sezon veda partisinde sizinle olmay\u0131 \u00e7ok isterdim tatildeyim.<\/p>\n<p><img loading=\"lazy\" decoding=\"async\" class=\"alignnone wp-image-186393 size-large\" src=\"https:\/\/www.tgrthaber.com\/mavikadin\/wp-content\/uploads\/Ekran-Resmi-2025-06-02-17.53.26-1024x652.png\" alt=\"\" width=\"1024\" height=\"652\" title=\"\" srcset=\"https:\/\/www.tgrthaber.com\/mavikadin\/wp-content\/uploads\/Ekran-Resmi-2025-06-02-17.53.26-1024x652.png 1024w, https:\/\/www.tgrthaber.com\/mavikadin\/wp-content\/uploads\/Ekran-Resmi-2025-06-02-17.53.26-300x191.png 300w, https:\/\/www.tgrthaber.com\/mavikadin\/wp-content\/uploads\/Ekran-Resmi-2025-06-02-17.53.26-768x489.png 768w, https:\/\/www.tgrthaber.com\/mavikadin\/wp-content\/uploads\/Ekran-Resmi-2025-06-02-17.53.26.png 1534w\" sizes=\"(max-width: 1024px) 100vw, 1024px\" \/><\/p>\n<hr \/>\n<p class=\"p1\">Bu g\u00fczel projede yer almak benim i\u00e7in b\u00fcy\u00fck bir mutluluktu. Yap\u0131m, y\u00f6netim, senaryo ekibi, oyuncu arkada\u015flar\u0131m ve setin g\u00f6r\u00fcnmeyen kahramanlar\u0131na emekleri i\u00e7in sonsuz te\u015fekk\u00fcrler. Harika bir ekip, harika bir sezon oldu. Hepinize sevgiler, bol kahkahal\u0131 bir gece diliyorum.&#8217; notunu d\u00fc\u015fen K\u00f6se&#8217;ye be\u011feni ya\u011fd\u0131.<\/p>\n<p><img loading=\"lazy\" decoding=\"async\" class=\"alignnone wp-image-186394 size-full\" src=\"https:\/\/www.tgrthaber.com\/mavikadin\/wp-content\/uploads\/Ekran-Resmi-2025-06-02-17.52.26.png\" alt=\"\" width=\"1008\" height=\"586\" title=\"\" srcset=\"https:\/\/www.tgrthaber.com\/mavikadin\/wp-content\/uploads\/Ekran-Resmi-2025-06-02-17.52.26.png 1008w, https:\/\/www.tgrthaber.com\/mavikadin\/wp-content\/uploads\/Ekran-Resmi-2025-06-02-17.52.26-300x174.png 300w, https:\/\/www.tgrthaber.com\/mavikadin\/wp-content\/uploads\/Ekran-Resmi-2025-06-02-17.52.26-768x446.png 768w\" sizes=\"(max-width: 1008px) 100vw, 1008px\" \/><\/p>\n<hr \/>\n<h3 class=\"p1\"><b>SETTE GER\u0130L\u0130M M\u0130 YA\u015eANDI?<\/b><b><\/b><\/h3>\n<p class=\"p1\">K\u00f6se\u2019nin ani vedas\u0131n\u0131n ard\u0131ndan kulislerde set ekibiyle ya\u015fanan fikir ayr\u0131l\u0131klar\u0131 iddialar\u0131 dola\u015fmaya ba\u015flam\u0131\u015ft\u0131. Ancak oyuncu bu s\u00f6ylentilere do\u011frudan cevap vermedi. Tatil payla\u015f\u0131m\u0131yla \u00fcst\u00fc kapal\u0131 bir mesaj verdi\u011fi d\u00fc\u015f\u00fcn\u00fclen K\u00f6se, ayr\u0131l\u0131k s\u00fcrecine dair detaylar\u0131 ilerleyen g\u00fcnlerde a\u00e7\u0131klayacak m\u0131, \u015fimdiden merak konusu oldu.<\/p>\n","protected":false},"excerpt":{"rendered":"<p>Uzak \u015eehir\u2019e sonradan dahil olup Fikriye karakteriyle b\u00fcy\u00fck ilgi g\u00f6ren Nursel K\u00f6se\u2019nin ani vedas\u0131 ve kutlama gecesine kat\u0131lmamas\u0131 izleyicilerin dikkatinden ka\u00e7mad\u0131. Sessizli\u011fini sosyal medya \u00fczerinden bozan K\u00f6se payla\u015f\u0131m\u0131yla dikkat \u00e7ekti. <\/p>\n","protected":false},"author":16,"featured_media":186399,"comment_status":"closed","ping_status":"closed","sticky":false,"template":"","format":"standard","meta":{"rank_math_lock_modified_date":false,"footnotes":""},"categories":[602],"tags":[2628,3602,23596,23597,23595],"class_list":["post-186389","post","type-post","status-publish","format-standard","has-post-thumbnail","hentry","category-diziler","tag-dizi-haberleri","tag-diziler","tag-nursel-kose-uzak-sehir-dizisi-kutlamasina-neden-katilmadi","tag-uzak-sehir-nursel-kose-fikriye-kutlamaya-katilmadi","tag-uzak-sehir-nursel-kose-kutlamaya-neden-katilmadi"],"_links":{"self":[{"href":"https:\/\/www.tgrthaber.com\/mavikadin\/wp-json\/wp\/v2\/posts\/186389"}],"collection":[{"href":"https:\/\/www.tgrthaber.com\/mavikadin\/wp-json\/wp\/v2\/posts"}],"about":[{"href":"https:\/\/www.tgrthaber.com\/mavikadin\/wp-json\/wp\/v2\/types\/post"}],"author":[{"embeddable":true,"href":"https:\/\/www.tgrthaber.com\/mavikadin\/wp-json\/wp\/v2\/users\/16"}],"replies":[{"embeddable":true,"href":"https:\/\/www.tgrthaber.com\/mavikadin\/wp-json\/wp\/v2\/comments?post=186389"}],"version-history":[{"count":1,"href":"https:\/\/www.tgrthaber.com\/mavikadin\/wp-json\/wp\/v2\/posts\/186389\/revisions"}],"predecessor-version":[{"id":186407,"href":"https:\/\/www.tgrthaber.com\/mavikadin\/wp-json\/wp\/v2\/posts\/186389\/revisions\/186407"}],"wp:featuredmedia":[{"embeddable":true,"href":"https:\/\/www.tgrthaber.com\/mavikadin\/wp-json\/wp\/v2\/media\/186399"}],"wp:attachment":[{"href":"https:\/\/www.tgrthaber.com\/mavikadin\/wp-json\/wp\/v2\/media?parent=186389"}],"wp:term":[{"taxonomy":"category","embeddable":true,"href":"https:\/\/www.tgrthaber.com\/mavikadin\/wp-json\/wp\/v2\/categories?post=186389"},{"taxonomy":"post_tag","embeddable":true,"href":"https:\/\/www.tgrthaber.com\/mavikadin\/wp-json\/wp\/v2\/tags?post=186389"}],"curies":[{"name":"wp","href":"https:\/\/api.w.org\/{rel}","templated":true}]}}