{"id":186435,"date":"2025-06-02T19:09:13","date_gmt":"2025-06-02T16:09:13","guid":{"rendered":"https:\/\/www.tgrthaber.com\/mavikadin\/?p=186435"},"modified":"2025-06-02T19:09:13","modified_gmt":"2025-06-02T16:09:13","slug":"zuhal-topalla-yemekteyiz-giza-siva-kimdir-kac-yasinda-yemekteyiz-giza-aslen-nereli","status":"publish","type":"post","link":"https:\/\/www.tgrthaber.com\/mavikadin\/zuhal-topalla-yemekteyiz-giza-siva-kimdir-kac-yasinda-yemekteyiz-giza-aslen-nereli\/","title":{"rendered":"Zuhal Topal&#8217;la Yemekteyiz Giza \u015eiva kimdir ka\u00e7 ya\u015f\u0131nda? Yemekteyiz Giza aslen nereli?"},"content":{"rendered":"<p>TV8 ekranlar\u0131n\u0131n be\u011feniyle takip edilen yar\u0131\u015fmas\u0131 Zuhal Topal&#8217;la Yemekteyiz, her hafta farkl\u0131 karakterleriyle izleyicinin ilgisini \u00e7ekmeye devam ediyor. Bu haftan\u0131n dikkat \u00e7eken yar\u0131\u015fmac\u0131lar\u0131ndan biri de haftan\u0131n ilk g\u00fcn yar\u0131\u015fmac\u0131s\u0131 olan Giza \u015eiva oldu. Gerek enerjisi gerek mutfaktaki tarz\u0131yla \u00f6ne \u00e7\u0131kan \u015eiva hakk\u0131nda &#8220;Giza \u015eiva kimdir, ka\u00e7 ya\u015f\u0131nda, mesle\u011fi ne?&#8221; gibi sorular s\u0131k\u00e7a soruluyor. \u015eimdi gelin Yemekteyiz Giza&#8217;y\u0131 yak\u0131ndan tan\u0131yal\u0131m&#8230;<\/p>\n<h3>G\u0130ZA \u015e\u0130VA K\u0130MD\u0130R KA\u00c7 YA\u015eINDA?<\/h3>\n<p>Yar\u0131\u015fmada kendine \u00f6zg\u00fc tav\u0131rlar\u0131 ve \u015f\u0131kl\u0131\u011f\u0131yla dikkat \u00e7eken Giza \u015eiva, 37 ya\u015f\u0131nda ve Halkla \u0130li\u015fkiler Uzman\u0131 olarak \u00e7al\u0131\u015f\u0131yor. Bir \u00e7ocuk annesi olan \u015eiva&#8217;n\u0131n K\u0131rg\u0131zistanl\u0131 oldu\u011fu biliniyor.<\/p>\n<p><img loading=\"lazy\" decoding=\"async\" class=\"alignnone wp-image-186439\" src=\"https:\/\/www.tgrthaber.com\/mavikadin\/wp-content\/uploads\/Ekran-goruntusu-2025-06-02-185822-300x148.png\" alt=\"\" width=\"1208\" height=\"596\" title=\"\" srcset=\"https:\/\/www.tgrthaber.com\/mavikadin\/wp-content\/uploads\/Ekran-goruntusu-2025-06-02-185822-300x148.png 300w, https:\/\/www.tgrthaber.com\/mavikadin\/wp-content\/uploads\/Ekran-goruntusu-2025-06-02-185822-1024x505.png 1024w, https:\/\/www.tgrthaber.com\/mavikadin\/wp-content\/uploads\/Ekran-goruntusu-2025-06-02-185822-768x379.png 768w, https:\/\/www.tgrthaber.com\/mavikadin\/wp-content\/uploads\/Ekran-goruntusu-2025-06-02-185822.png 1307w\" sizes=\"(max-width: 1208px) 100vw, 1208px\" \/><\/p>\n<p>&nbsp;<\/p>\n<hr \/>\n<p>Mesle\u011fi gere\u011fi g\u00fc\u00e7l\u00fc bir ileti\u015fim yap\u0131s\u0131na sahip olan yar\u0131\u015fmac\u0131, insan ili\u015fkilerindeki ba\u015far\u0131s\u0131n\u0131 yar\u0131\u015fma esnas\u0131nda da a\u00e7\u0131k\u00e7a ortaya koyuyor.<\/p>\n<h3>G\u0130ZA \u015e\u0130VA ASLEN NEREL\u0130?<\/h3>\n<p>Zuhal Topal\u2019la Yemekteyiz program\u0131nda ilk g\u00fcn yar\u0131\u015fmac\u0131s\u0131 olarak \u00f6ne \u00e7\u0131kan Giza \u015eiva, k\u00f6ken olarak K\u0131rg\u0131zistanl\u0131. Yar\u0131\u015fmada yapt\u0131\u011f\u0131 a\u00e7\u0131klamalarda, k\u00fclt\u00fcrel ge\u00e7mi\u015fine ve geleneksel yemeklere olan ilgisine s\u0131k\u00e7a de\u011finen \u015eiva, mutfa\u011fa olan yatk\u0131nl\u0131\u011f\u0131n\u0131 da bu duruma ba\u011fl\u0131yor. K\u0131rg\u0131z mutfa\u011f\u0131n\u0131n yan\u0131 s\u0131ra Rus yemeklerine de hakim olmas\u0131, onu farkl\u0131 k\u0131lan detaylardan biri.<\/p>\n<p><img loading=\"lazy\" decoding=\"async\" class=\"alignnone wp-image-186438\" src=\"https:\/\/www.tgrthaber.com\/mavikadin\/wp-content\/uploads\/7134-yemekteyiz-giza-kimdir-zuhal-topalla-yemekteyiz-giza-kac-yasinda-ve-nereli-300x169.webp\" alt=\"\" width=\"1208\" height=\"680\" title=\"\" srcset=\"https:\/\/www.tgrthaber.com\/mavikadin\/wp-content\/uploads\/7134-yemekteyiz-giza-kimdir-zuhal-topalla-yemekteyiz-giza-kac-yasinda-ve-nereli-300x169.webp 300w, https:\/\/www.tgrthaber.com\/mavikadin\/wp-content\/uploads\/7134-yemekteyiz-giza-kimdir-zuhal-topalla-yemekteyiz-giza-kac-yasinda-ve-nereli-1024x576.webp 1024w, https:\/\/www.tgrthaber.com\/mavikadin\/wp-content\/uploads\/7134-yemekteyiz-giza-kimdir-zuhal-topalla-yemekteyiz-giza-kac-yasinda-ve-nereli-768x432.webp 768w, https:\/\/www.tgrthaber.com\/mavikadin\/wp-content\/uploads\/7134-yemekteyiz-giza-kimdir-zuhal-topalla-yemekteyiz-giza-kac-yasinda-ve-nereli.webp 1280w\" sizes=\"(max-width: 1208px) 100vw, 1208px\" \/><\/p>\n<hr \/>\n<h3>YEMEKTEY\u0130Z G\u0130ZA \u015e\u0130VA MESLE\u011e\u0130 NED\u0130R?<\/h3>\n<p>Giza \u015eiva yaln\u0131zca mesle\u011fiyle de\u011fil, ya\u015fam tarz\u0131yla da ilgi \u00e7ekiyor. Modaya olan ilgisiyle bilinen yar\u0131\u015fmac\u0131, ayn\u0131 zamanda farkl\u0131 mutfaklara olan hakimiyetiyle de iddial\u0131.<\/p>\n<p>\u00d6zellikle Rus ve K\u0131rg\u0131z yemeklerini ba\u015far\u0131l\u0131 \u015fekilde yapabilmesi, yar\u0131\u015fma esnas\u0131nda sunaca\u011f\u0131 lezzetlere olan beklentiyi art\u0131r\u0131yor. Bu k\u00fclt\u00fcrel \u00e7e\u015fitlilik onun mutfa\u011f\u0131nda farkl\u0131 tatlar\u0131n bir araya gelmesine zemin haz\u0131rl\u0131yor.<\/p>\n<p><img loading=\"lazy\" decoding=\"async\" class=\"alignnone wp-image-186437\" src=\"https:\/\/www.tgrthaber.com\/mavikadin\/wp-content\/uploads\/hq720-7-300x169.jpg\" alt=\"\" width=\"1208\" height=\"680\" title=\"\" srcset=\"https:\/\/www.tgrthaber.com\/mavikadin\/wp-content\/uploads\/hq720-7-300x169.jpg 300w, https:\/\/www.tgrthaber.com\/mavikadin\/wp-content\/uploads\/hq720-7.jpg 686w\" sizes=\"(max-width: 1208px) 100vw, 1208px\" \/><\/p>\n<p>&nbsp;<\/p>\n<hr \/>\n<h3>YEMEK TUTKUSU KADAR YARI\u015eMA PERFORMANSI DA MERAKLA BEKLEN\u0130YOR<\/h3>\n<p>Giza \u015eiva, hem profesyonel ya\u015fam\u0131yla hem de ki\u015fisel duru\u015fuyla Zuhal Topal\u2019la Yemekteyiz\u2019e renk katan isimlerden biri olmay\u0131 ba\u015fard\u0131. Sunumlar\u0131ndaki \u00f6zen, sofra d\u00fczenine verdi\u011fi \u00f6nem ve yemek konusundaki \u00f6zg\u00fcnl\u00fc\u011f\u00fc, onu haftan\u0131n iddial\u0131 yar\u0131\u015fmac\u0131lar\u0131 aras\u0131na ta\u015f\u0131yor. \u00d6zellikle mutfak k\u00fclt\u00fcr\u00fcne katt\u0131\u011f\u0131 farkl\u0131l\u0131k, izleyici g\u00f6z\u00fcnde art\u0131 puan kazand\u0131r\u0131yor.<\/p>\n<p><img loading=\"lazy\" decoding=\"async\" class=\"alignnone wp-image-186440\" src=\"https:\/\/www.tgrthaber.com\/mavikadin\/wp-content\/uploads\/Ekran-goruntusu-2025-06-02-185738-300x158.png\" alt=\"\" width=\"1208\" height=\"635\" title=\"\" srcset=\"https:\/\/www.tgrthaber.com\/mavikadin\/wp-content\/uploads\/Ekran-goruntusu-2025-06-02-185738-300x158.png 300w, https:\/\/www.tgrthaber.com\/mavikadin\/wp-content\/uploads\/Ekran-goruntusu-2025-06-02-185738-1024x538.png 1024w, https:\/\/www.tgrthaber.com\/mavikadin\/wp-content\/uploads\/Ekran-goruntusu-2025-06-02-185738-768x404.png 768w, https:\/\/www.tgrthaber.com\/mavikadin\/wp-content\/uploads\/Ekran-goruntusu-2025-06-02-185738.png 1162w\" sizes=\"(max-width: 1208px) 100vw, 1208px\" \/><\/p>\n<hr \/>\n<h3>YEMEKTEY\u0130Z&#8217;DE B\u00dcY\u00dcK \u00d6D\u00dcL 150 B\u0130N TL!<\/h3>\n<p>Hafta i\u00e7i her g\u00fcn TV8 ekranlar\u0131nda yay\u0131nlanan yar\u0131\u015fmada, be\u015f yar\u0131\u015fmac\u0131 b\u00fcy\u00fck \u00f6d\u00fcl i\u00e7in\u00a0 k\u0131yas\u0131ya rekabetin ediyor.\u00a0 Yar\u0131\u015fmac\u0131lar bir yandan en g\u00fczel sofray\u0131 kurmaya \u00e7al\u0131\u015f\u0131rken, Zuhal Topal da yemeklerin lezzetinden sunumuna, misafirperverlikten masa d\u00fczenine kadar her ayr\u0131nt\u0131ya puan veriyor. Haftan\u0131n sonunda ise en y\u00fcksek puan\u0131 toplayan yar\u0131\u015fmac\u0131, 150.000 TL\u2019lik \u00f6d\u00fcl\u00fcn sahibi oluyor.<\/p>\n<p>Giza \u015eiva\u2019n\u0131n yar\u0131\u015fmada sergileyece\u011fi performans \u015fimdiden b\u00fcy\u00fck merak konusu.<\/p>\n","protected":false},"excerpt":{"rendered":"<p>Zuhal Topal\u2019la Yemekteyiz\u2019in 2-6 Haziran haftas\u0131nda ekranlara gelen ilk g\u00fcn yar\u0131\u015fmac\u0131s\u0131, hem tarz\u0131 hem de sofras\u0131yla dikkatleri \u00fczerine \u00e7ekti. Girdi\u011fi mutfakta kendine g\u00fcvenen tav\u0131rlar\u0131 ve iddial\u0131 sunumlar\u0131yla \u00f6ne \u00e7\u0131kan Giza \u015eiva, k\u0131sa s\u00fcrede izleyicilerin merak konusu haline geldi. Peki bu hafta yar\u0131\u015fmaya damga vuran Yemekteyiz Giza kimdir, aslen nereli ve ne i\u015f yap\u0131yor? \u0130\u015fte detaylar&#8230;<\/p>\n","protected":false},"author":35,"featured_media":186441,"comment_status":"closed","ping_status":"closed","sticky":false,"template":"","format":"standard","meta":{"rank_math_lock_modified_date":false,"footnotes":""},"categories":[491],"tags":[3374,8465,23607,23606,17699],"class_list":["post-186435","post","type-post","status-publish","format-standard","has-post-thumbnail","hentry","category-biyografi","tag-biyografi","tag-yemekteyiz","tag-yemekteyiz-2-6-haziran","tag-yemekteyiz-giza-siva","tag-zuhal-topalla-yemekteyiz"],"_links":{"self":[{"href":"https:\/\/www.tgrthaber.com\/mavikadin\/wp-json\/wp\/v2\/posts\/186435"}],"collection":[{"href":"https:\/\/www.tgrthaber.com\/mavikadin\/wp-json\/wp\/v2\/posts"}],"about":[{"href":"https:\/\/www.tgrthaber.com\/mavikadin\/wp-json\/wp\/v2\/types\/post"}],"author":[{"embeddable":true,"href":"https:\/\/www.tgrthaber.com\/mavikadin\/wp-json\/wp\/v2\/users\/35"}],"replies":[{"embeddable":true,"href":"https:\/\/www.tgrthaber.com\/mavikadin\/wp-json\/wp\/v2\/comments?post=186435"}],"version-history":[{"count":1,"href":"https:\/\/www.tgrthaber.com\/mavikadin\/wp-json\/wp\/v2\/posts\/186435\/revisions"}],"predecessor-version":[{"id":186442,"href":"https:\/\/www.tgrthaber.com\/mavikadin\/wp-json\/wp\/v2\/posts\/186435\/revisions\/186442"}],"wp:featuredmedia":[{"embeddable":true,"href":"https:\/\/www.tgrthaber.com\/mavikadin\/wp-json\/wp\/v2\/media\/186441"}],"wp:attachment":[{"href":"https:\/\/www.tgrthaber.com\/mavikadin\/wp-json\/wp\/v2\/media?parent=186435"}],"wp:term":[{"taxonomy":"category","embeddable":true,"href":"https:\/\/www.tgrthaber.com\/mavikadin\/wp-json\/wp\/v2\/categories?post=186435"},{"taxonomy":"post_tag","embeddable":true,"href":"https:\/\/www.tgrthaber.com\/mavikadin\/wp-json\/wp\/v2\/tags?post=186435"}],"curies":[{"name":"wp","href":"https:\/\/api.w.org\/{rel}","templated":true}]}}